{"id":783248,"date":"2026-01-29T19:17:48","date_gmt":"2026-01-29T18:17:48","guid":{"rendered":"https:\/\/dailynewshungary.com\/de\/restaurierte-denkmaler-auf-dem-budapester-judischen-friedhof-eingeweiht-fotos\/"},"modified":"2026-01-29T19:17:48","modified_gmt":"2026-01-29T18:17:48","slug":"restaurierte-denkmaler-auf-dem-budapester-judischen-friedhof-eingeweiht-fotos","status":"publish","type":"post","link":"https:\/\/dailynewshungary.com\/de\/restaurierte-denkmaler-auf-dem-budapester-judischen-friedhof-eingeweiht-fotos\/","title":{"rendered":"Restaurierte Denkm\u00e4ler auf dem Budapester j\u00fcdischen Friedhof eingeweiht \u2013 Fotos"},"content":{"rendered":"<p><strong>Zwei restaurierte Denkm\u00e4ler zu Ehren j\u00fcdischer Soldaten und Zwangsarbeiter, die in den beiden Weltkriegen gefallen sind, wurden am Donnerstag auf dem Budapester j\u00fcdischen Friedhof in der Kozma-Stra\u00dfe enth\u00fcllt.<\/strong><\/p>\n\n\n\n<p>Bei der Zeremonie sagte Verteidigungsminister Krist\u00f3f Szalay-Bobrovniczky, dass die mit Unterst\u00fctzung des Ministeriums restaurierten Denkm\u00e4ler an zwei entscheidende Momente der ungarischen Geschichte erinnern, <a href=\"https:\/\/mti.hu\/en\/articles\/2026\/01\/29\/restored-budapest-jewish-cemetery-memorials-inaugurated\" target=\"_blank\" rel=\"noopener\">schreibt die Ungarische Nachrichtenagentur<\/a>.<\/p>\n\n\n\n<figure class=\"wp-block-image aligncenter size-full\"><img decoding=\"async\" src=\"https:\/\/dailynewshungary.b-cdn.net\/wp-content\/uploads\/2026\/01\/Budapest-Jewish-cemetery-memorials-1.webp\" alt=\"Budapest Jewish cemetery memorials 2\" class=\"wp-image-688721\"\/><figcaption class=\"wp-element-caption\">Foto: MTI\/M\u00e1rton Kov\u00e1cs<\/figcaption><\/figure>\n\n<p>Er wies darauf hin, dass mit der Gr\u00fcndung des modernen Ungarns im Jahr 1848 das Recht, Waffen zu tragen und im Milit\u00e4r zu dienen, auf alle B\u00fcrger ausgedehnt wurde, auch auf j\u00fcdische Ungarn. Seit 1848 sei es nicht nur eine Pflicht, sondern ein Recht gewesen, ungarischer Soldat zu sein. Er sagte, das Denkmal stehe als Zeugnis f\u00fcr die mehr als 10.000 j\u00fcdischen B\u00fcrger, die ihr Leben f\u00fcr ihr Land gegeben haben.<\/p>\n\n\n\n<p>In seiner Rede \u00fcber das Beton-Sarkophag-Denkmal f\u00fcr die Zwangsarbeiter bezeichnete Szalay-Bobrovniczky den Arbeitsdienst als<em>&#8220;vor allem eine Entrechtung<\/em>&#8221; und wies darauf hin, dass j\u00fcdischen B\u00fcrgern seit der Gr\u00fcndung des unabh\u00e4ngigen Ungarns das Recht verweigert wurde, als regul\u00e4re Soldaten zu dienen.<\/p>\n\n\n\n<figure class=\"wp-block-image aligncenter size-full\"><img decoding=\"async\" src=\"https:\/\/dailynewshungary.b-cdn.net\/wp-content\/uploads\/2026\/01\/Budapest-Jewish-cemetery-memorials-2.webp\" alt=\"Budapest Jewish cemetery memorials 2\" class=\"wp-image-688722\"\/><figcaption class=\"wp-element-caption\">Zum Gedenken an den unbekannten Zwangsarbeiter. Foto: MTI\/M\u00e1rton Kov\u00e1cs<\/figcaption><\/figure>\n\n<p>Andor Gr\u00f3sz, der Vorsitzende der ungarischen j\u00fcdischen F\u00f6deration Mazsihisz, sagte, beide Denkm\u00e4ler repr\u00e4sentierten<em>&#8220;schmerzhafte und doch erbauliche Kapitel<\/em>&#8221; der ungarischen Geschichte. &#8220;<em>Sie sprechen von Standhaftigkeit, Kampf und Pflicht, aber auch von Verlust, Aufopferung und heldenhaftem Tod<\/em>&#8220;, sagte er.<\/p>\n\n\n\n<ul class=\"wp-block-list\">\n<li>FOTOS: Gedenken an die Opfer des Holocaust, <a href=\"https:\/\/dailynewshungary.com\/de\/fotos-holocaust-opfer-gedacht-neues-denkmal-in-budapest-eingeweiht\/\/\">Einweihung eines neuen Denkmals in Budapest<\/a><\/li>\n\n\n\n<li>Minister: <a href=\"https:\/\/dailynewshungary.com\/de\/minister-der-holocaust-ist-ein-spiegel-in-den-wir-nicht-ohne-einen-wehschrei-blicken-konnen\/\/\">&#8220;Der Holocaust ist ein Spiegel, in den wir nicht ohne einen Schrei der Trauer schauen k\u00f6nnen&#8221;<\/a><\/li>\n<\/ul>\n\n\n\n<p><\/p>\n","protected":false},"excerpt":{"rendered":"<p>Zwei restaurierte Denkm\u00e4ler zu Ehren j\u00fcdischer Soldaten und Zwangsarbeiter, die in den beiden Weltkriegen gefallen sind, wurden am Donnerstag auf dem Budapester j\u00fcdischen Friedhof in der Kozma-Stra\u00dfe enth\u00fcllt. Bei der Zeremonie sagte Verteidigungsminister Krist\u00f3f Szalay-Bobrovniczky, dass die mit Unterst\u00fctzung des Ministeriums restaurierten Denkm\u00e4ler an zwei entscheidende Momente der ungarischen Geschichte erinnern, schreibt die Ungarische Nachrichtenagentur. [&hellip;]<\/p>\n","protected":false},"author":33,"featured_media":783249,"comment_status":"open","ping_status":"open","sticky":false,"template":"","format":"standard","meta":{"_acf_changed":false,"_display_image":"yes","footnotes":""},"categories":[4396],"tags":[1111,1102,1076],"class_list":["post-783248","post","type-post","status-publish","format-standard","has-post-thumbnail","hentry","category-ungarisch","tag-budapest","tag-ungarische-regierung","tag-ungarn"],"blocksy_meta":[],"acf":[],"author_username":"ugyelet","telegram_post":"","public_post_metadata":{"breaking_news":"yes","important":"no","csempe":"no","center_tile":"no","disable_thumbnail":"no","target_lang":"","_featured_image_style":"hidden","telegram_post":"","_xlat_group_id":"94c5560e-97ce-4bd1-86b9-af5ce27743dd"},"public_rank_math_data":{"title":"%title% %sep% %sitename%","description":"Am Donnerstag wurden auf dem j\u00fcdischen Friedhof in der Budapester Kozma-Stra\u00dfe restaurierte Gedenkst\u00e4tten eingeweiht.","focus_keyword":"J\u00fcdischer Friedhof Budapest","canonical_url":"","robots":"","primary_category":"4396","breadcrumb_title":"","facebook_title":"","facebook_description":"","facebook_image":"","facebook_image_id":"","twitter_title":"","twitter_description":"","twitter_image":"","twitter_image_id":"","twitter_card_type":"","twitter_use_facebook":"","advanced_robots":"","pillar_content":"","seo_score":"73","contentai_score":"","rich_snippet":""},"_links":{"self":[{"href":"https:\/\/dailynewshungary.com\/de\/wp-json\/wp\/v2\/posts\/783248","targetHints":{"allow":["GET"]}}],"collection":[{"href":"https:\/\/dailynewshungary.com\/de\/wp-json\/wp\/v2\/posts"}],"about":[{"href":"https:\/\/dailynewshungary.com\/de\/wp-json\/wp\/v2\/types\/post"}],"author":[{"embeddable":true,"href":"https:\/\/dailynewshungary.com\/de\/wp-json\/wp\/v2\/users\/33"}],"replies":[{"embeddable":true,"href":"https:\/\/dailynewshungary.com\/de\/wp-json\/wp\/v2\/comments?post=783248"}],"version-history":[{"count":0,"href":"https:\/\/dailynewshungary.com\/de\/wp-json\/wp\/v2\/posts\/783248\/revisions"}],"wp:featuredmedia":[{"embeddable":true,"href":"https:\/\/dailynewshungary.com\/de\/wp-json\/wp\/v2\/media\/783249"}],"wp:attachment":[{"href":"https:\/\/dailynewshungary.com\/de\/wp-json\/wp\/v2\/media?parent=783248"}],"wp:term":[{"taxonomy":"category","embeddable":true,"href":"https:\/\/dailynewshungary.com\/de\/wp-json\/wp\/v2\/categories?post=783248"},{"taxonomy":"post_tag","embeddable":true,"href":"https:\/\/dailynewshungary.com\/de\/wp-json\/wp\/v2\/tags?post=783248"}],"curies":[{"name":"wp","href":"https:\/\/api.w.org\/{rel}","templated":true}]}}