{"id":783314,"date":"2026-01-31T11:14:00","date_gmt":"2026-01-31T10:14:00","guid":{"rendered":"https:\/\/dailynewshungary.com\/de\/schockierend-mann-griff-zu-einer-axt-und-verfolgte-aktivisten-der-theis-partei\/"},"modified":"2026-01-31T11:14:00","modified_gmt":"2026-01-31T10:14:00","slug":"schockierend-mann-griff-zu-einer-axt-und-verfolgte-aktivisten-der-theis-partei","status":"publish","type":"post","link":"https:\/\/dailynewshungary.com\/de\/schockierend-mann-griff-zu-einer-axt-und-verfolgte-aktivisten-der-theis-partei\/","title":{"rendered":"Schockierend: Mann griff zu einer Axt und verfolgte Aktivisten der Thei\u00df-Partei"},"content":{"rendered":"<p><strong>Am Freitag kam es in Debrecen zu einem schweren Zwischenfall, bei dem Freiwillige der oppositionellen Thei\u00df-Partei angeblich mit einer Axt bedroht und verfolgt wurden, w\u00e4hrend sie in einem Wohnhaus Wahlkampf machten. Der Vorfall hat heftige Reaktionen im gesamten politischen Spektrum ausgel\u00f6st, einschlie\u00dflich einer Verurteilung durch die Fidesz-gef\u00fchrte F\u00fchrung der Stadt.<\/strong><\/p>\n\n\n\n<h2 class=\"wp-block-heading\">Aktivisten der Thei\u00df-Partei wurden von einem Mann mit einer Axt angegriffen<\/h2>\n\n\n\n<p>Nach Angaben des <a href=\"https:\/\/dailynewshungary.com\/tag\/peter-magyar-and-the-tisza-party\/\">Vorsitzenden der Thei\u00df-Partei, P\u00e9ter Magyar<\/a>, ereignete sich der Angriff in einer Wohnsiedlung in Debrecen, als zwei junge Freiwillige an die T\u00fcren klopften. In einem Facebook-Posting behauptete Magyar, ein Mann sei aggressiv geworden, nachdem er auf die Aktivisten getroffen war. Er habe sie beschimpft und sie als &#8220;Verr\u00e4ter&#8221; bezeichnet, berichtet <a href=\"https:\/\/telex.hu\/belfold\/2026\/01\/30\/magyar-peter-debrecen-tisza-balta-tamadas-rendorseg\" target=\"_blank\" rel=\"noopener\">Telex<\/a>.<\/p>\n\n\n\n<p>Obwohl die Freiwilligen versuchten, die Situation zu deeskalieren, indem sie einige Stockwerke tiefer gingen, kehrte der Mann mit einer Axt bewaffnet zur\u00fcck und jagte sie durch das Treppenhaus.<\/p>\n\n\n\n<p>Ein von Magyar geteiltes Video scheint zu zeigen, wie die Aktivisten die Treppe hinunter fliehen, w\u00e4hrend sie ihren Verfolger anschreien. Im Hintergrund ist eine weitere Stimme zu h\u00f6ren, deren Worte jedoch unklar sind. Magyar erkl\u00e4rte, dass die Freiwilligen unter Schock standen und dass acht Polizeibeamte mit Schutzschilden am Tatort eintrafen und den Verd\u00e4chtigen festhielten.<\/p>\n\n\n\n<h2 class=\"wp-block-heading\">Sie versuchten, eine Konfrontation zu vermeiden, aber der Mann verfolgte sie trotzdem<\/h2>\n\n\n\n<p>Einer der betroffenen Freiwilligen \u00e4u\u00dferte sich sp\u00e4ter in einem Video, das von einem lokalen Parlamentskandidaten <a href=\"https:\/\/dailynewshungary.com\/tisza-party-swift-euro-adoption-hungary\/\">der Thei\u00df-Partei<\/a> ver\u00f6ffentlicht wurde. Er sagte, der Mann habe sie gewarnt, sofort zu gehen oder er w\u00fcrde &#8220;mit einer Axt zur\u00fcckkommen und sie vertreiben&#8221;. Die Freiwilligen beschlossen, eine Konfrontation zu vermeiden und setzten ihre T\u00e4tigkeit an einem anderen Ort im Geb\u00e4ude fort, aber der Mann tauchte bald darauf mit der Waffe wieder auf.<\/p>\n\n\n\n<p>Nach Angaben von Vertretern der Thei\u00df-Partei wurde der Verd\u00e4chtige inzwischen von der Polizei abgef\u00fchrt. Die Partei behauptete auch, dass es sich bei dem Mann um einen Lehrer handeln k\u00f6nnte, obwohl dies nicht offiziell best\u00e4tigt wurde.<\/p>\n\n\n\n<p>Magyar forderte Premierminister Viktor Orb\u00e1n auf, sich \u00f6ffentlich zu dem zu \u00e4u\u00dfern, was er als eskalierende politische Aggression bezeichnete, und forderte Pr\u00e4sident Tam\u00e1s Sulyok auf, sich zu dem Fall zu \u00e4u\u00dfern. Er forderte auch, dass sich die Fidesz-Kandidaten im Komitat Hajd\u00fa-Bihar klar von dem Vorfall distanzieren.<\/p>\n\n\n\n<h2 class=\"wp-block-heading\">Lokale Fidesz-Politiker reagierten<\/h2>\n\n\n\n<p>Der Fidesz-B\u00fcrgermeister von Debrecen, L\u00e1szl\u00f3 Papp, verurteilte den Angriff in einem Beitrag in den sozialen Medien und erkl\u00e4rte, dass Gewalt in jeder Form &#8211; verbal oder physisch &#8211; sowohl im \u00f6ffentlichen Leben als auch im privaten Bereich inakzeptabel sei. Er betonte, dass politische Partizipation unabh\u00e4ngig von der Parteizugeh\u00f6rigkeit Respekt verdient und rief angesichts der bevorstehenden Wahlen zur Zur\u00fcckhaltung auf.<\/p>\n\n\n\n<p>Die stellvertretende B\u00fcrgermeisterin Di\u00e1na Sz\u00e9les wies Spekulationen im Internet zur\u00fcck, wonach der Angreifer eine Verbindung zur Fidesz habe. Sie verurteilte den Vorfall und f\u00fcgte hinzu, dass sie selbst am selben Tag eine ernstzunehmende Drohbotschaft erhalten habe. Sie forderte die Vertreter der Thei\u00df-Partei auf, sich von allen Formen der politischen Einsch\u00fcchterung zu distanzieren.<\/p>\n","protected":false},"excerpt":{"rendered":"<p>Am Freitag kam es in Debrecen zu einem schweren Zwischenfall, bei dem Freiwillige der oppositionellen Thei\u00df-Partei angeblich mit einer Axt bedroht und verfolgt wurden, w\u00e4hrend sie in einem Wohnhaus Wahlkampf machten. Der Vorfall hat heftige Reaktionen im gesamten politischen Spektrum ausgel\u00f6st, einschlie\u00dflich einer Verurteilung durch die Fidesz-gef\u00fchrte F\u00fchrung der Stadt. Aktivisten der Thei\u00df-Partei wurden von [&hellip;]<\/p>\n","protected":false},"author":91,"featured_media":783315,"comment_status":"open","ping_status":"open","sticky":false,"template":"","format":"standard","meta":{"_acf_changed":false,"_display_image":"yes","footnotes":""},"categories":[4387],"tags":[1116,1091,4536,4424,2026,4482,1083,1102,1076,1447],"class_list":["post-783314","post","type-post","status-publish","format-standard","has-post-thumbnail","hentry","category-ungarn","tag-debrecen","tag-fidesz","tag-kategorie-kriminalitat","tag-kategorie-leben","tag-kategorie-politik","tag-kategorie-ungarische-politik","tag-peter-magyar-und-die-tisza-partei","tag-ungarische-regierung","tag-ungarn","tag-wahl"],"blocksy_meta":[],"acf":[],"author_username":"api","telegram_post":"","public_post_metadata":{"breaking_news":"yes","important":"no","csempe":"yes","center_tile":"no","disable_thumbnail":"no","target_lang":"","_featured_image_style":"hidden","telegram_post":"","_xlat_group_id":"95917e28-49a4-4133-8d6f-1c57f6dab5c0"},"public_rank_math_data":{"title":"%title% %sep% %sitename%","description":"","focus_keyword":"Thei\u00df-Partei","canonical_url":"","robots":"","primary_category":"4387","breadcrumb_title":"","facebook_title":"","facebook_description":"","facebook_image":"","facebook_image_id":"","twitter_title":"","twitter_description":"","twitter_image":"","twitter_image_id":"","twitter_card_type":"","twitter_use_facebook":"","advanced_robots":"","pillar_content":"","seo_score":"77","contentai_score":"","rich_snippet":""},"_links":{"self":[{"href":"https:\/\/dailynewshungary.com\/de\/wp-json\/wp\/v2\/posts\/783314","targetHints":{"allow":["GET"]}}],"collection":[{"href":"https:\/\/dailynewshungary.com\/de\/wp-json\/wp\/v2\/posts"}],"about":[{"href":"https:\/\/dailynewshungary.com\/de\/wp-json\/wp\/v2\/types\/post"}],"author":[{"embeddable":true,"href":"https:\/\/dailynewshungary.com\/de\/wp-json\/wp\/v2\/users\/91"}],"replies":[{"embeddable":true,"href":"https:\/\/dailynewshungary.com\/de\/wp-json\/wp\/v2\/comments?post=783314"}],"version-history":[{"count":0,"href":"https:\/\/dailynewshungary.com\/de\/wp-json\/wp\/v2\/posts\/783314\/revisions"}],"wp:featuredmedia":[{"embeddable":true,"href":"https:\/\/dailynewshungary.com\/de\/wp-json\/wp\/v2\/media\/783315"}],"wp:attachment":[{"href":"https:\/\/dailynewshungary.com\/de\/wp-json\/wp\/v2\/media?parent=783314"}],"wp:term":[{"taxonomy":"category","embeddable":true,"href":"https:\/\/dailynewshungary.com\/de\/wp-json\/wp\/v2\/categories?post=783314"},{"taxonomy":"post_tag","embeddable":true,"href":"https:\/\/dailynewshungary.com\/de\/wp-json\/wp\/v2\/tags?post=783314"}],"curies":[{"name":"wp","href":"https:\/\/api.w.org\/{rel}","templated":true}]}}