{"id":785828,"date":"2026-04-06T15:34:00","date_gmt":"2026-04-06T13:34:00","guid":{"rendered":"https:\/\/dailynewshungary.com\/de\/us-vp-jd-vance-incoming-half-of-budapest-to-be-closed-off-chaos-expected-en-route-to-budapest-airport\/"},"modified":"2026-04-07T08:53:56","modified_gmt":"2026-04-07T06:53:56","slug":"us-vp-jd-vance-incoming-half-of-budapest-to-be-closed-off-chaos-expected-en-route-to-budapest-airport","status":"publish","type":"post","link":"https:\/\/dailynewshungary.com\/de\/us-vp-jd-vance-incoming-half-of-budapest-to-be-closed-off-chaos-expected-en-route-to-budapest-airport\/","title":{"rendered":"US\u2011Vizepr\u00e4sident J.D. Vance in Budapest: Gro\u00dfr\u00e4umige Sperren und Verkehrschaos erwartet"},"content":{"rendered":"\n<p><strong>JD Vance, der US-Vizepr\u00e4sident, wird anstelle von Donald Trump eintreffen, um Viktor Orb\u00e1ns Wahlkampf zu unterst\u00fctzen. Er verbringt die Nacht zum Dienstag in Budapest. Der Aufenthalt des Vizepr\u00e4sidenten wird zu Ausnahmezust\u00e4nden in der Hauptstadt f\u00fchren, insbesondere zentrale Stra\u00dfen und Pl\u00e4tze werden betroffen sein. Die Einschr\u00e4nkungen werden sich auch auf den Budapester Flughafen auswirken, Reisende sind dazu angehalten genug Zeit f\u00fcr die Anfahrt am Flughafen einzuplanen. <\/strong><\/p>\n\n\n\n<h2 class=\"wp-block-heading\">JD Vance wird morgen in Budapest erwartet<\/h2>\n\n\n\n<p>Wie wir berichtet haben, wird Vance am Dienstag, den 7. April, vormittags in Budapest landen, um Gespr\u00e4che mit Premierminister Viktor Orb\u00e1n zu f\u00fchren und am Nachmittag an einer Veranstaltung teilzunehmen, die die engen Beziehungen zwischen den USA und Ungarn an der Seite des ungarischen Staatschefs hervorhebt.<\/p>\n\n\n\n<figure class=\"wp-block-image aligncenter size-full\"><img decoding=\"async\" src=\"https:\/\/dailynewshungary.b-cdn.net\/wp-content\/uploads\/2026\/03\/JD-Vance-with-PM-Orban.webp\" alt=\"JD Vance with PM Orb\u00e1n\" class=\"wp-image-692297\"\/><figcaption class=\"wp-element-caption\">Im Wei\u00dfen Haus mit Premierminister Orb\u00e1n. Foto: <a href=\"https:\/\/www.facebook.com\/photo.php?fbid=122149962620723844&amp;set=pb.61571715339324.-2207520000&amp;type=3\" target=\"_blank\" rel=\"noopener\">Facebook\/Vizepr\u00e4sident JD Vance<\/a><\/figcaption><\/figure>\n\n\n\n<p>Der Besuch kann nicht losgel\u00f6st von den ungarischen Wahlen am 12. April betrachtet werden, bei denen Orb\u00e1ns Fidesz-Partei zum ersten Mal seit 2010 hinter P\u00e9ter Magyar und seiner Tisza-Partei liegt. Auch wenn Trump einst geneigt war, die Kampagne des ungarischen Premierministers zu unterst\u00fctzen, scheint diese Unterst\u00fctzung nun stetig zu schwinden. <a href=\"https:\/\/dailynewshungary.com\/de\/reuters-trump-furchtet-den-potenziellen-verlierer-orban-zu-unterstutzen-fidesz-sieht-koalition-mit-huxit-unterstutzendem-mi-hazank\/\/\">Einige Analysten<\/a> vermuten, dass dies daran liegt, dass selbst Trump nicht mehr an einen Sieg Orb\u00e1ns glaubt und nur ungern eine verlorene Wahl unterst\u00fctzt.<\/p>\n\n\n\n<h2 class=\"wp-block-heading\">Der Verkehr in Budapest hat sich seit heute Morgen ver\u00e4ndert<\/h2>\n\n\n\n<p>Um den Vizepr\u00e4sidenten und seine Frau Usha Vance unterzubringen, wird halb Budapest vor\u00fcbergehend abgeriegelt, so dass die Anreise zum Budapester Flughafen zu bestimmten Zeiten deutlich erschwert wird. <a href=\"https:\/\/mti.hu\/hirek\/2026\/04\/03\/brfk-az-amerikai-alelnok-latogatasa-miatt-ideiglenes-forgalomkorlatozas-lesz\" target=\"_blank\" rel=\"noopener\">Der Polizei zufolge<\/a> wird Vances Konvoi am Dienstag zwischen 7  und 12 Uhr vom Flughafen unterwegs sein und \u00fcber die Autobahnauffahrt M4-M0-M3, die \u00dcberf\u00fchrung der Acs\u00f3h Pongr\u00e1c Avenue, die K\u00f3s K\u00e1roly Promenade, den H\u0151s\u00f6k Platz, die Andrassy Avenue, die J\u00f3zsef Attila Stra\u00dfe, den Z\u00e9chenyi Istv\u00e1n Platz, den L\u00e1nch\u00edd-Clark \u00c1d\u00e1m Platz, die L\u00e1nch\u00edd Stra\u00dfe, den Ybl Mikl\u00f3s Platz, die Apr\u00f3d Stra\u00dfe, den Zarvas Platz, die Attila Avenue, den D\u00f3zsa Gy\u00f6rgy Platz, die Palota Avenue, den D\u00edsz Platz und die Szent Gy\u00f6rgy Stra\u00dfe fahren. Abschnitte dieser Strecke werden entsprechend dem Aufenthalts des US-Vizepr\u00e4sidenten abschnittsweise gesperrt. Zus\u00e4tzlich gelten ab 6 Uhr morgens auf den Zufahrtsstra\u00dfen etwa 50 Meter lange Parkverbotszonen.<\/p>\n\n\n\n<figure class=\"wp-block-image aligncenter size-full\"><img decoding=\"async\" src=\"https:\/\/dailynewshungary.b-cdn.net\/wp-content\/uploads\/2025\/11\/Traffic-in-Budapest.webp\" alt=\"Traffic in Budapest new Highway Code\" class=\"wp-image-677582\"\/><figcaption class=\"wp-element-caption\">Der Verkehr im Stadtzentrum k\u00f6nnte morgen und \u00fcbermorgen chaotisch werden. Foto: <a href=\"https:\/\/depositphotos.com\/editorial\/rainy-day-at-budapest-hungary-103729380.html\" target=\"_blank\" rel=\"noopener\">depositphotos.com<\/a><\/figcaption><\/figure>\n\n\n\n<p>Von der Budaer Burg aus wird Vance am Dienstagnachmittag in Richtung Zugliget fahren, wobei es erneut zu streckenweisen Sperrungen durch die Polizei kommt.  Das Parkverbot auf den Nebenstra\u00dfen gilt ab heute Morgen. Am Mittwoch, den 8. April, wird die Strecke von der Hegyalja Avenue bis zum Parlamentsgeb\u00e4ude von 8 Uhr bis 11 Uhr schrittweise gesperrt.<\/p>\n\n\n\n<h2 class=\"wp-block-heading\">Zugang zum Budapester Flughafen zu zwei wichtigen Zeiten erschwert<\/h2>\n\n\n\n<p>Sp\u00e4ter wird Vance von der US-Botschaft am Vance vom Szabads\u00e1g-Platz zum Budapester Flughafen gefahren. Die Polizei Fahrt soll zwischen 14.00 und 17.00 Uhr sein. Auch hier werden weitreichende Streckensperrungen vorgenommen, betroffen sind zuvor genannte Stra\u00dfen. <\/p>\n\n\n\n<figure class=\"wp-block-image aligncenter size-full\"><img loading=\"lazy\" decoding=\"async\" width=\"1080\" height=\"720\" src=\"https:\/\/dailynewshungary.b-cdn.net\/wp-content\/uploads\/2024\/12\/Hungarian-police-Budapest-Airport-Wizz-Air-scuffle-Copy.jpg\" alt=\"Hungarian police Budapest Airport Wizz Air scuffle (Copy)\" class=\"wp-image-621114\" srcset=\"https:\/\/contentf5.dailynewshungary.com\/wp-content\/uploads\/2024\/12\/Hungarian-police-Budapest-Airport-Wizz-Air-scuffle-Copy.jpg 1080w, https:\/\/contentf5.dailynewshungary.com\/wp-content\/uploads\/2024\/12\/Hungarian-police-Budapest-Airport-Wizz-Air-scuffle-Copy-768x512.jpg 768w, https:\/\/contentf5.dailynewshungary.com\/wp-content\/uploads\/2024\/12\/Hungarian-police-Budapest-Airport-Wizz-Air-scuffle-Copy-333x222.jpg 333w, https:\/\/contentf5.dailynewshungary.com\/wp-content\/uploads\/2024\/12\/Hungarian-police-Budapest-Airport-Wizz-Air-scuffle-Copy-248x165.jpg 248w, https:\/\/contentf5.dailynewshungary.com\/wp-content\/uploads\/2024\/12\/Hungarian-police-Budapest-Airport-Wizz-Air-scuffle-Copy-1030x687.jpg 1030w, https:\/\/contentf5.dailynewshungary.com\/wp-content\/uploads\/2024\/12\/Hungarian-police-Budapest-Airport-Wizz-Air-scuffle-Copy-113x75.jpg 113w, https:\/\/contentf5.dailynewshungary.com\/wp-content\/uploads\/2024\/12\/Hungarian-police-Budapest-Airport-Wizz-Air-scuffle-Copy-480x320.jpg 480w\" sizes=\"auto, (max-width: 1080px) 100vw, 1080px\" \/><figcaption class=\"wp-element-caption\">Der Verkehr wird am Budapester Flughafen umgestellt. Foto: <a href=\"https:\/\/www.facebook.com\/photo\/?fbid=821641840008202&amp;set=a.631899255649129\" target=\"_blank\" rel=\"noopener\">FB\/Budapest Airport<\/a><\/figcaption><\/figure>\n\n\n\n<p>Am Diensttagmorgen sowie Mittwochnachmittag ist daher mit Verkehrsbehinderungen zu rechnen. In einem vom Flughafenbetreiber ver\u00f6ffentlichten Facebook-Post werden Passagiere angehalten, zus\u00e4tzliche Reisezeit einzuplanen und BKK-Updates zu verfolgen.<\/p>\n\n\n\n<p>Klicken Sie auf diese <a href=\"https:\/\/www.google.com\/maps\/d\/viewer?mid=1DUASP28QDQyrzsA1u6sWUGYf9bDsu7k&amp;femb=1&amp;ll=47.503296441080195%2C19.003437048494305&amp;z=11\" target=\"_blank\" rel=\"noopener\">Karte<\/a>, um mehr \u00fcber die Verkehrs\u00e4nderungen und Stra\u00dfensperrungen zu erfahren.<\/p>\n\n\n\n<p><strong>Lesen Sie mehr \u00fcber <a href=\"https:\/\/dailynewshungary.com\/tag\/united-states\/\">US-Angelegenheiten<\/a> bei uns:<\/strong><\/p>\n\n\n\n<ul class=\"wp-block-list\">\n<li><a href=\"https:\/\/dailynewshungary.com\/de\/verheerende-folgen-des-iran-krieges-fur-ungarn-steigende-energiekosten-inflationsrisiken-und-rezessionsangste\/\/\">Die verheerenden Folgen des Iran-Kriegs f\u00fcr Ungarn<\/a>: steigende Energiekosten, Inflationsrisiken und Rezessions\u00e4ngste<\/li>\n\n\n\n<li>Hat Trump genug? <a href=\"https:\/\/dailynewshungary.com\/de\/hat-trump-genug-ungarn-konnte-von-harteren-verteidigungsforderungen-stark-betroffen-sein\/\/\">Ungarn k\u00f6nnte von h\u00e4rteren Verteidigungsforderungen stark betroffen sein<\/a><\/li>\n<\/ul>\n\n\n\n<p><\/p>\n","protected":false},"excerpt":{"rendered":"<p>JD Vance, der US-Vizepr\u00e4sident, wird anstelle von Donald Trump eintreffen, um Viktor Orb\u00e1ns Wahlkampf zu unterst\u00fctzen. Er verbringt die Nacht zum Dienstag in Budapest. Der Aufenthalt des Vizepr\u00e4sidenten wird zu Ausnahmezust\u00e4nden in der Hauptstadt f\u00fchren, insbesondere zentrale Stra\u00dfen und Pl\u00e4tze werden betroffen sein. Die Einschr\u00e4nkungen werden sich auch auf den Budapester Flughafen auswirken, Reisende sind [&hellip;]<\/p>\n","protected":false},"author":18,"featured_media":785829,"comment_status":"open","ping_status":"open","sticky":false,"template":"","format":"standard","meta":{"_acf_changed":false,"_display_image":"yes","footnotes":""},"categories":[4393],"tags":[1161,4500,4372,4273,1066,1298,1293],"class_list":["post-785828","post","type-post","status-publish","format-standard","has-post-thumbnail","hentry","category-travel","tag-budapest-airport","tag-category-hungarian-politics","tag-category-politics","tag-ce","tag-hungary","tag-travel","tag-united-states"],"blocksy_meta":[],"acf":[],"author_username":"johnwoods","telegram_post":"","public_post_metadata":{"breaking_news":"yes","important":"no","csempe":"yes","center_tile":"no","disable_thumbnail":"no","target_lang":"","_featured_image_style":"hidden","telegram_post":"","_xlat_group_id":"18d29752-cb35-4c36-afad-dac14e2a489e"},"public_rank_math_data":{"title":"US-Vizepr\u00e4sident JD Vance im Anmarsch: halb Budapest wird abgeriegelt","description":"US-Vizepr\u00e4sident JD Vance wird anstelle von Donald Trump eintreffen, um Viktor Orb\u00e1ns Wahlkampf in seiner letzten Phase zu unterst\u00fctzen.","focus_keyword":"JD Vance","canonical_url":"","robots":"","primary_category":"4393","breadcrumb_title":"","facebook_title":"","facebook_description":"","facebook_image":"","facebook_image_id":"","twitter_title":"","twitter_description":"","twitter_image":"","twitter_image_id":"","twitter_card_type":"","twitter_use_facebook":"","advanced_robots":"","pillar_content":"","seo_score":"72","contentai_score":"","rich_snippet":""},"_links":{"self":[{"href":"https:\/\/dailynewshungary.com\/de\/wp-json\/wp\/v2\/posts\/785828","targetHints":{"allow":["GET"]}}],"collection":[{"href":"https:\/\/dailynewshungary.com\/de\/wp-json\/wp\/v2\/posts"}],"about":[{"href":"https:\/\/dailynewshungary.com\/de\/wp-json\/wp\/v2\/types\/post"}],"author":[{"embeddable":true,"href":"https:\/\/dailynewshungary.com\/de\/wp-json\/wp\/v2\/users\/18"}],"replies":[{"embeddable":true,"href":"https:\/\/dailynewshungary.com\/de\/wp-json\/wp\/v2\/comments?post=785828"}],"version-history":[{"count":1,"href":"https:\/\/dailynewshungary.com\/de\/wp-json\/wp\/v2\/posts\/785828\/revisions"}],"predecessor-version":[{"id":785841,"href":"https:\/\/dailynewshungary.com\/de\/wp-json\/wp\/v2\/posts\/785828\/revisions\/785841"}],"wp:featuredmedia":[{"embeddable":true,"href":"https:\/\/dailynewshungary.com\/de\/wp-json\/wp\/v2\/media\/785829"}],"wp:attachment":[{"href":"https:\/\/dailynewshungary.com\/de\/wp-json\/wp\/v2\/media?parent=785828"}],"wp:term":[{"taxonomy":"category","embeddable":true,"href":"https:\/\/dailynewshungary.com\/de\/wp-json\/wp\/v2\/categories?post=785828"},{"taxonomy":"post_tag","embeddable":true,"href":"https:\/\/dailynewshungary.com\/de\/wp-json\/wp\/v2\/tags?post=785828"}],"curies":[{"name":"wp","href":"https:\/\/api.w.org\/{rel}","templated":true}]}}