{"id":786089,"date":"2026-04-11T12:54:00","date_gmt":"2026-04-11T10:54:00","guid":{"rendered":"https:\/\/dailynewshungary.com\/de\/junger-mann-in-budapest-am-helllichten-tag-in-die-donau-gelaufen\/"},"modified":"2026-04-13T13:09:54","modified_gmt":"2026-04-13T11:09:54","slug":"junger-mann-in-budapest-am-helllichten-tag-in-die-donau-gelaufen","status":"publish","type":"post","link":"https:\/\/dailynewshungary.com\/de\/junger-mann-in-budapest-am-helllichten-tag-in-die-donau-gelaufen\/","title":{"rendered":"Junger Mann in Budapest am helllichten Tag in die Donau gelaufen"},"content":{"rendered":"\n<p><strong>Ein junger Marokkaner ist am helllichten Tag im Herzen von Budapest verschwunden und hat einen dringenden \u00f6ffentlichen Aufruf zur Information gestartet. Der Vorfall ereignete sich am 5. April gegen 15:25 Uhr in der N\u00e4he des Geb\u00e4udes B\u00e1lna Budapest, einem belebten Viertel an der Donau. Laut Zeugenaussagen ging der Mann ruhig ins Wasser und wurde seitdem nicht mehr gesehen.<\/strong><\/p>\n\n\n\n<h2 class=\"wp-block-heading\">\u00d6ffentlicher Aufruf f\u00fcr Zeugen und Videomaterial<\/h2>\n\n\n\n<p>Freunde des vermissten 26-J\u00e4hrigen, der als <a href=\"https:\/\/www.police.hu\/hu\/koral\/eltunt-szemelyek\/937821\" target=\"_blank\" rel=\"noopener\">Belkass Yacine<\/a> identifiziert wurde, haben sich in den sozialen Medien zu Wort gemeldet und bitten Zeugen oder Personen, die Videomaterial von dem Vorfall haben, sich zu melden. Sie glauben, dass mehrere Personen den Moment mit ihren Handys aufgenommen haben k\u00f6nnten. Trotz der Versuche der Zeitung <a href=\"https:\/\/www.blikk.hu\/aktualis\/belfold\/duna-eltunes-besetalt-keresik\/46ng7bd\" target=\"_blank\" rel=\"noopener\">Blikk<\/a>, mit der Gruppe zu sprechen, haben die Freunde es abgelehnt, sich weiter zu \u00e4u\u00dfern. Sie sagten, ihre Priorit\u00e4t sei es, Beweise zu sammeln, die zur Kl\u00e4rung des Vorfalls beitragen k\u00f6nnten.<\/p>\n\n\n\n<h2 class=\"wp-block-heading\">Laufende Durchsuchung durch die Polizei<\/h2>\n\n\n\n<p>Die Polizei sucht seit dem Tag seines Verschwindens nach dem Mann. Angaben der Beh\u00f6rden zufolge wurde er zuletzt im B\u00e1lna\u2011Komplex gesehen, kurz bevor er in den Fluss ging. Der Fall sorgt aufgrund seiner Ungew\u00f6hnlichkeit sowie der Tatsache, dass sich der Vorfall bei Tageslicht an einem stark frequentierten Ort ereignete, f\u00fcr gro\u00dfe Besorgnis. Die Ermittlungen dauern an. Die Beh\u00f6rden bitten dringend darum, dass sich Personen mit sachdienlichen Hinweisen umgehend melden.<\/p>\n\n\n\n<p>Haben Sie schon geh\u00f6rt? <a href=\"https:\/\/dailynewshungary.com\/de\/budapester-horror-crash-auf-der-uberfuhrung-hinterlasst-zwei-tote-nachdem-ein-auto-von-der-uberfuhrung-gesturzt-ist\/\/\">Horror-Crash in Budapest<\/a>: zwei Tote nach Sturz von einer <a href=\"https:\/\/dailynewshungary.com\/de\/budapester-horror-crash-auf-der-uberfuhrung-hinterlasst-zwei-tote-nachdem-ein-auto-von-der-uberfuhrung-gesturzt-ist\/\/\">\u00dcberf\u00fchrung<\/a>.<\/p>\n\n\n\n<h2 class=\"wp-block-heading\">Die Hilfe aller ist wichtig<\/h2>\n\n\n\n<p>Auch Sie k\u00f6nnen helfen! Wenn Sie zur genannten Zeit in der Gegend waren und etwas gesehen oder vielleicht die Ereignisse aufgezeichnet haben, wenden Sie sich bitte an das Polizeirevier des 9. Bezirks unter 36(1)455-4800 oder w\u00e4hlen Sie 112.<\/p>\n\n\n\n<p><em>Das abgebildete Bild ist eine Illustration. Quelle: <a href=\"https:\/\/depositphotos.com\/editorial\/danube-river-in-budapest-176241170.html\" target=\"_blank\" rel=\"noopener\">depositphotos.com<\/a><\/em><\/p>\n","protected":false},"excerpt":{"rendered":"<p>Ein junger Marokkaner ist am helllichten Tag im Herzen von Budapest verschwunden und hat einen dringenden \u00f6ffentlichen Aufruf zur Information gestartet. Der Vorfall ereignete sich am 5. April gegen 15:25 Uhr in der N\u00e4he des Geb\u00e4udes B\u00e1lna Budapest, einem belebten Viertel an der Donau. Laut Zeugenaussagen ging der Mann ruhig ins Wasser und wurde seitdem [&hellip;]<\/p>\n","protected":false},"author":91,"featured_media":786090,"comment_status":"open","ping_status":"open","sticky":false,"template":"","format":"standard","meta":{"_acf_changed":false,"_display_image":"yes","footnotes":""},"categories":[4407],"tags":[1111,4273,1202,1076],"class_list":["post-786089","post","type-post","status-publish","format-standard","has-post-thumbnail","hentry","category-leben","tag-budapest","tag-ce","tag-unfall","tag-ungarn"],"blocksy_meta":[],"acf":[],"author_username":"api","telegram_post":"","public_post_metadata":{"breaking_news":"yes","important":"no","csempe":"yes","center_tile":"no","disable_thumbnail":"no","target_lang":"","_featured_image_style":"hidden","telegram_post":"","_xlat_group_id":"04a9a5ed-f52a-43ad-914d-a94ab17abafb"},"public_rank_math_data":{"title":"%title% %sep% %sitename%","description":"","focus_keyword":"budapest","canonical_url":"","robots":"","primary_category":"4407","breadcrumb_title":"","facebook_title":"","facebook_description":"","facebook_image":"","facebook_image_id":"","twitter_title":"","twitter_description":"","twitter_image":"","twitter_image_id":"","twitter_card_type":"","twitter_use_facebook":"","advanced_robots":"","pillar_content":"","seo_score":"73","contentai_score":"","rich_snippet":""},"_links":{"self":[{"href":"https:\/\/dailynewshungary.com\/de\/wp-json\/wp\/v2\/posts\/786089","targetHints":{"allow":["GET"]}}],"collection":[{"href":"https:\/\/dailynewshungary.com\/de\/wp-json\/wp\/v2\/posts"}],"about":[{"href":"https:\/\/dailynewshungary.com\/de\/wp-json\/wp\/v2\/types\/post"}],"author":[{"embeddable":true,"href":"https:\/\/dailynewshungary.com\/de\/wp-json\/wp\/v2\/users\/91"}],"replies":[{"embeddable":true,"href":"https:\/\/dailynewshungary.com\/de\/wp-json\/wp\/v2\/comments?post=786089"}],"version-history":[{"count":1,"href":"https:\/\/dailynewshungary.com\/de\/wp-json\/wp\/v2\/posts\/786089\/revisions"}],"predecessor-version":[{"id":786184,"href":"https:\/\/dailynewshungary.com\/de\/wp-json\/wp\/v2\/posts\/786089\/revisions\/786184"}],"wp:featuredmedia":[{"embeddable":true,"href":"https:\/\/dailynewshungary.com\/de\/wp-json\/wp\/v2\/media\/786090"}],"wp:attachment":[{"href":"https:\/\/dailynewshungary.com\/de\/wp-json\/wp\/v2\/media?parent=786089"}],"wp:term":[{"taxonomy":"category","embeddable":true,"href":"https:\/\/dailynewshungary.com\/de\/wp-json\/wp\/v2\/categories?post=786089"},{"taxonomy":"post_tag","embeddable":true,"href":"https:\/\/dailynewshungary.com\/de\/wp-json\/wp\/v2\/tags?post=786089"}],"curies":[{"name":"wp","href":"https:\/\/api.w.org\/{rel}","templated":true}]}}