{"id":786795,"date":"2026-04-25T04:34:00","date_gmt":"2026-04-25T02:34:00","guid":{"rendered":"https:\/\/dailynewshungary.com\/de\/peter-magyar-kundigt-neues-kabinettsmitglied-in-videointerview-an\/"},"modified":"2026-04-25T04:34:00","modified_gmt":"2026-04-25T02:34:00","slug":"peter-magyar-kundigt-neues-kabinettsmitglied-in-videointerview-an","status":"publish","type":"post","link":"https:\/\/dailynewshungary.com\/de\/peter-magyar-kundigt-neues-kabinettsmitglied-in-videointerview-an\/","title":{"rendered":"P\u00e9ter Magyar k\u00fcndigt neues Kabinettsmitglied in Videointerview an"},"content":{"rendered":"<p><strong>P\u00e9ter Magyar, Vorsitzender der aus den Wahlen hervorgegangenen Thei\u00df-Partei und designierter Ministerpr\u00e4sident, hat Judit Lannert gebeten, in der neuen Regierung das Amt der Ministerin f\u00fcr Kinder und Bildung zu \u00fcbernehmen.<\/strong><\/p>\n\n\n\n<h2 class=\"wp-block-heading\">Hier ist Ungarns neue Bildungsministerin<\/h2>\n\n\n\n<p>Magyar gab dies am Freitag auf Facebook bekannt. Lannert ist Wirtschaftswissenschaftlerin und Expertin f\u00fcr Sozialpolitik und hat einen Doktortitel in Soziologie.<\/p>\n\n\n\n<p>In einem Gespr\u00e4ch mit Magyar, das am Freitag auf Facebook gepostet wurde, versprach Lannert einen neuen Ansatz im Bildungswesen und sprach auch \u00fcber die Einf\u00fchrung eines neuen nationalen Kerncurriculums, die Anhebung des Alters f\u00fcr die Schulpflicht auf 18 Jahre und die \u00dcberpr\u00fcfung des Stiftungsmodells in der Hochschulbildung.<\/p>\n\n\n\n<figure class=\"wp-block-image aligncenter size-full\"><img decoding=\"async\" src=\"https:\/\/dailynewshungary.b-cdn.net\/wp-content\/uploads\/2026\/04\/Peter-Magyar-announces-new-cabinet-member-in-video-interview.webp\" alt=\"P\u00e9ter Magyar announces new cabinet member in video interview\" class=\"wp-image-695345\"\/><figcaption class=\"wp-element-caption\">Judit Lanner und P\u00e9ter Magyar. Foto: <a href=\"https:\/\/www.facebook.com\/peter.magyar.102\/videos\/4254798338108235\/\" target=\"_blank\" rel=\"noopener\">PrtScr\/P\u00e9ter Magyar<\/a><\/figcaption><\/figure>\n\n<p>In dem Gespr\u00e4ch versprach Magyar, dass die neue Thei\u00df-Regierung dem Sektor, dessen Leiter ebenso wie der Gesundheitsminister besondere Privilegien im Kabinett genie\u00dfen wird, jede Form von fachlicher, personeller und finanzieller Unterst\u00fctzung zukommen lassen wird. Magyar \u00e4u\u00dferte die Hoffnung, dass sie in Zusammenarbeit mit Lehrern, Eltern und Sch\u00fclern ein Bildungssystem auf den Weg bringen k\u00f6nnen, das es jedem Kind erm\u00f6glicht, die Qualifikationen zu erwerben, die es braucht, um seine Tr\u00e4ume zu verwirklichen.<\/p>\n\n\n\n<p>Auf Magyars Frage, was sie f\u00fcr das gr\u00f6\u00dfte Problem im Bildungswesen h\u00e4lt, sagte Lannert, dass Ungarn nach den PISA-Studien durchweg zu den drei L\u00e4ndern geh\u00f6rt, in denen der famili\u00e4re Hintergrund die Leistung am st\u00e4rksten bestimmt.<\/p>\n\n\n\n<p><em>&#8220;Das h\u00e4lt Kinder, Familien und die Gesellschaft in ihrer Position fest, und es gibt keine Mobilit\u00e4t&#8221;,<\/em> sagte sie. Der einzige Ausweg aus dieser Situation ist ein Umdenken, f\u00fcgte sie hinzu.<\/p>\n\n\n\n<ul class=\"wp-block-list\">\n<li>P\u00e9ter Magyar versprach, n\u00e4chste Woche vier weitere Kabinettsmitglieder bekannt zu geben<\/li>\n<\/ul>\n\n\n\n<iframe loading=\"lazy\" src=\"https:\/\/www.facebook.com\/plugins\/post.php?href=https%3A%2F%2Fwww.facebook.com%2Fpeter.magyar.102%2Fposts%2Fpfbid02pXLw9swkSXBZs2AV9cH716y9ufdrqSkmQ6iD4oVLRUb3oefoPBgJTL23fsEwJj3kl&#038;show_text=false&#038;width=500\" width=\"500\" height=\"399\" style=\"border:none;overflow:hidden\" scrolling=\"no\" frameborder=\"0\" allowfullscreen=\"true\" allow=\"autoplay; clipboard-write; encrypted-media; picture-in-picture; web-share\"><\/iframe>\n\n\n\n<h2 class=\"wp-block-heading\">Junge Menschen sollten die Schule mit einem Abschluss verlassen<\/h2>\n\n\n\n<p>Sie sagte, dass das Bildungssystem in letzter Zeit <em>&#8220;v\u00f6llig ins Abseits gestellt&#8221;<\/em> worden sei und dass mit dem Verschwinden professioneller Erw\u00e4gungen auch das Misstrauen gegen\u00fcber den Lehrern wachse. Man versuche, dies zu korrigieren, indem man immer mehr Kontrollen und Bewertungen in das System einf\u00fchre, sagte sie und f\u00fcgte hinzu, dass das System zur Bewertung von Lehrern fehlerhaft sei, da es das System nur belaste.<\/p>\n\n\n\n<p>Sie sagte, es sei notwendig, die Arbeitsbelastung sowohl f\u00fcr Kinder als auch f\u00fcr Lehrer zu reduzieren, w\u00e4hrend gleichzeitig ein neues nationales Kerncurriculum ben\u00f6tigt werde, das nicht kontrollierend oder vorschreibend sei, sondern vielmehr Prinzipien und Modelle biete.<\/p>\n\n\n\n<p>Sie sagte, es sei wichtig, kritisches Denken zu lehren, und hob die Bedeutung von Feedback und datengesteuerter Bildungspolitik hervor.<\/p>\n\n\n\n<p>Lannert sagte, sie wolle, dass das Wort &#8220;Kind&#8221; im Namen des Ministeriums auftaucht, weil dies auch zu einem Perspektivenwechsel beitragen w\u00fcrde.<\/p>\n\n\n\n<p>In Bezug auf die Anhebung des Pflichtschulalters von 16 auf 18 Jahre sagte Lannert, dass dies schrittweise eingef\u00fchrt werden k\u00f6nne, dass es aber wichtig sei, dass junge Menschen die Schule mit einem vom Arbeitsmarkt akzeptierten Abschluss verlassen.<\/p>\n\n\n\n<h2 class=\"wp-block-heading\">Lehrer sollten sich nur auf das Unterrichten konzentrieren<\/h2>\n\n\n\n<p>Das finnische System funktioniere, weil sich die Lehrer nur auf das Unterrichten konzentrieren m\u00fcssten, sagte sie.<\/p>\n\n\n\n<p>In Bezug auf die Hochschulbildung dr\u00e4ngte sie auf eine \u00dcberarbeitung des Stiftungsmodells. Magyar best\u00e4tigte in seiner Antwort, dass sie das Stiftungsmodell grundlegend \u00fcberarbeiten werden, nicht weil die EU dies verlangt, sondern weil es im Interesse der ungarischen Hochschulbildung ist.<\/p>\n\n\n\n<p><strong>Sehen Sie sich das Video unten an:<\/strong><\/p>\n\n\n\n<iframe loading=\"lazy\" src=\"https:\/\/www.facebook.com\/plugins\/video.php?height=314&#038;href=https%3A%2F%2Fwww.facebook.com%2Fpeter.magyar.102%2Fvideos%2F4254798338108235%2F&#038;show_text=false&#038;width=560&#038;t=0\" width=\"560\" height=\"314\" style=\"border:none;overflow:hidden\" scrolling=\"no\" frameborder=\"0\" allowfullscreen=\"true\" allow=\"autoplay; clipboard-write; encrypted-media; picture-in-picture; web-share\" allowFullScreen=\"true\"><\/iframe>\n\n\n\n<p><strong>Falls Sie es verpasst haben:<\/strong><\/p>\n\n\n\n<pre class=\"wp-block-verse has-true-sunset-gradient-background has-background\"><a href=\"https:\/\/dailynewshungary.com\/de\/prasident-beruft-neues-ungarisches-parlament-ein-wobei-orban-in-der-minderheit-ist-da-peter-magyars-theis-partei-eine-supermajoritat-halt\/\/\">Pr\u00e4sident beruft neues ungarisches Parlament ein<\/a>, mit Orb\u00e1n in der Minderheit, da P\u00e9ter Magyars Thei\u00df die Supermajorit\u00e4t h\u00e4lt<br><br><a href=\"https:\/\/dailynewshungary.com\/de\/es-scheint-dass-sogar-der-schwiegersohn-von-premierminister-viktor-orban-auf-die-niederlage-des-fidesz-gewettet-hat-und-ein-vermogen-gemacht-hat\/\/\">Es scheint, dass sogar der Schwiegersohn von Premierminister Viktor Orb\u00e1n auf die Niederlage der Fidesz gewettet<\/a> hat: und ein Verm\u00f6gen gemacht hat<\/pre>","protected":false},"excerpt":{"rendered":"<p>P\u00e9ter Magyar, Vorsitzender der aus den Wahlen hervorgegangenen Thei\u00df-Partei und designierter Ministerpr\u00e4sident, hat Judit Lannert gebeten, in der neuen Regierung das Amt der Ministerin f\u00fcr Kinder und Bildung zu \u00fcbernehmen. Hier ist Ungarns neue Bildungsministerin Magyar gab dies am Freitag auf Facebook bekannt. Lannert ist Wirtschaftswissenschaftlerin und Expertin f\u00fcr Sozialpolitik und hat einen Doktortitel in [&hellip;]<\/p>\n","protected":false},"author":33,"featured_media":786796,"comment_status":"open","ping_status":"open","sticky":false,"template":"","format":"standard","meta":{"_acf_changed":false,"_display_image":"yes","footnotes":""},"categories":[4396],"tags":[2026,4685,1076,1192],"class_list":["post-786795","post","type-post","status-publish","format-standard","has-post-thumbnail","hentry","category-ungarisch","tag-kategorie-politik","tag-magyar-regierung-2","tag-ungarn","tag-video"],"blocksy_meta":[],"acf":[],"author_username":"ugyelet","telegram_post":"","public_post_metadata":{"breaking_news":"yes","important":"no","csempe":"yes","center_tile":"no","disable_thumbnail":"no","target_lang":"","_featured_image_style":"hidden","telegram_post":"","_xlat_group_id":"827488f3-f95b-4c87-a4df-6c1f322b19e3"},"public_rank_math_data":{"title":"%title% %sep% %sitename%","description":"P\u00e9ter Magyar hat in einem Videointerview mit ihr die neue Ministerin f\u00fcr Kinder und Bildung Ungarns angek\u00fcndigt.","focus_keyword":"P\u00e9ter Magyar","canonical_url":"","robots":"","primary_category":"4396","breadcrumb_title":"","facebook_title":"","facebook_description":"","facebook_image":"","facebook_image_id":"","twitter_title":"","twitter_description":"","twitter_image":"","twitter_image_id":"","twitter_card_type":"","twitter_use_facebook":"","advanced_robots":"","pillar_content":"","seo_score":"79","contentai_score":"","rich_snippet":""},"_links":{"self":[{"href":"https:\/\/dailynewshungary.com\/de\/wp-json\/wp\/v2\/posts\/786795","targetHints":{"allow":["GET"]}}],"collection":[{"href":"https:\/\/dailynewshungary.com\/de\/wp-json\/wp\/v2\/posts"}],"about":[{"href":"https:\/\/dailynewshungary.com\/de\/wp-json\/wp\/v2\/types\/post"}],"author":[{"embeddable":true,"href":"https:\/\/dailynewshungary.com\/de\/wp-json\/wp\/v2\/users\/33"}],"replies":[{"embeddable":true,"href":"https:\/\/dailynewshungary.com\/de\/wp-json\/wp\/v2\/comments?post=786795"}],"version-history":[{"count":0,"href":"https:\/\/dailynewshungary.com\/de\/wp-json\/wp\/v2\/posts\/786795\/revisions"}],"wp:featuredmedia":[{"embeddable":true,"href":"https:\/\/dailynewshungary.com\/de\/wp-json\/wp\/v2\/media\/786796"}],"wp:attachment":[{"href":"https:\/\/dailynewshungary.com\/de\/wp-json\/wp\/v2\/media?parent=786795"}],"wp:term":[{"taxonomy":"category","embeddable":true,"href":"https:\/\/dailynewshungary.com\/de\/wp-json\/wp\/v2\/categories?post=786795"},{"taxonomy":"post_tag","embeddable":true,"href":"https:\/\/dailynewshungary.com\/de\/wp-json\/wp\/v2\/tags?post=786795"}],"curies":[{"name":"wp","href":"https:\/\/api.w.org\/{rel}","templated":true}]}}