{"id":786797,"date":"2026-04-25T06:04:26","date_gmt":"2026-04-25T04:04:26","guid":{"rendered":"https:\/\/dailynewshungary.com\/de\/eu-gericht-unterliegt-ungarn-wegen-umstrittenem-kinderschutzgesetz\/"},"modified":"2026-04-25T06:04:26","modified_gmt":"2026-04-25T04:04:26","slug":"eu-gericht-unterliegt-ungarn-wegen-umstrittenem-kinderschutzgesetz","status":"publish","type":"post","link":"https:\/\/dailynewshungary.com\/de\/eu-gericht-unterliegt-ungarn-wegen-umstrittenem-kinderschutzgesetz\/","title":{"rendered":"EU-Gericht unterliegt Ungarn wegen umstrittenem Kinderschutzgesetz"},"content":{"rendered":"<p><strong>In Luxemburg ist ein historisches Urteil ergangen: Der Gerichtshof der Europ\u00e4ischen Union hat erkl\u00e4rt, dass Ungarn mit seinem so genannten &#8220;P\u00e4dophilengesetz&#8221; gegen EU-Recht versto\u00dfen hat. <\/strong><\/p>\n\n\n\n<h2 class=\"wp-block-heading\">Luxemburg erkl\u00e4rt Ungarns Gesetz f\u00fcr ungesetzlich<\/h2>\n\n\n\n<p>Nach Ansicht des Gerichts verst\u00f6\u00dft das 2021 verabschiedete ungarische Gesetz gegen mehrere zentrale Grunds\u00e4tze und Rechtsvorschriften der Europ\u00e4ischen Union. Urspr\u00fcnglich als Kinderschutzgesetz eingef\u00fchrt, wurde das Gesetz sp\u00e4ter ge\u00e4ndert, um Inhalte im Zusammenhang mit Homosexualit\u00e4t und Geschlechtsidentit\u00e4t f\u00fcr Minderj\u00e4hrige zu beschr\u00e4nken.<\/p>\n\n\n\n<p>Das Urteil stellt fest, dass Ungarn unter anderem gegen die EU-Grundrechtecharta, den Schutz der Menschenw\u00fcrde, den Grundsatz der Gleichbehandlung und das Recht auf Achtung des Privat- und Familienlebens verst\u00f6\u00dft.<\/p>\n\n\n\n<h2 class=\"wp-block-heading\">Der Gerichtshof hat schwerwiegende Feststellungen getroffen<\/h2>\n\n\n\n<p>Die Richter betonten, dass der Schutz von Kindern zwar ein legitimes Ziel sein kann, das aber nicht durch diskriminierende Ma\u00dfnahmen verfolgt werden darf. Dem Urteil zufolge stigmatisiert die ungarische Gesetzgebung nicht-heterosexuelle Menschen und suggeriert, dass ihre Anwesenheit oder Identit\u00e4t f\u00fcr die Entwicklung von Kindern sch\u00e4dlich sein k\u00f6nnte.<\/p>\n\n\n\n<p>Eine der st\u00e4rksten Schlussfolgerungen des Urteils besagt, dass das Gesetz die LGBTQ-Gemeinschaft mit p\u00e4dophilen Straft\u00e4tern in Verbindung bringt, was Hass und soziale Ausgrenzung sch\u00fcren k\u00f6nnte, berichtet <a href=\"https:\/\/telex.hu\/kulfold\/2026\/04\/21\/eu-europai-unio-birosaga-kotelezettsegszegesi-eljaras-per-homofobtorveny\" target=\"_blank\" rel=\"noopener\">Telex<\/a>.<\/p>\n\n\n\n<h2 class=\"wp-block-heading\">Zum ersten Mal wurden EU-Werte f\u00fcr verletzt erkl\u00e4rt<\/h2>\n\n\n\n<p>Der Fall gilt als wegweisend, weil der Gerichtshof der Europ\u00e4ischen Union zum ersten Mal einen Versto\u00df gegen die gemeinsamen Werte der Union gesondert festgestellt hat. Dazu geh\u00f6ren Menschenw\u00fcrde, Gleichheit, Freiheit und die Achtung der Rechte von Minderheiten.<\/p>\n\n\n\n<p>Das Gericht stellte au\u00dferdem fest, dass sich die ungarische Regierung nicht erfolgreich auf die nationale Identit\u00e4t berufen kann, um Gesetze zu rechtfertigen, die im Widerspruch zur Rechts- und Verfassungsordnung der EU stehen.<\/p>\n\n\n\n<h2 class=\"wp-block-heading\">Finanzielle Sanktionen k\u00f6nnten folgen<\/h2>\n\n\n\n<p>Sollte die ungarische Regierung die beanstandeten Vorschriften nicht \u00e4ndern, k\u00f6nnte ein neues Verfahren folgen, das sich diesmal auf finanzielle Sanktionen konzentriert. Dies k\u00f6nnte bedeuten, dass erhebliche Summen von den Ungarn zugewiesenen EU-Mitteln abgezogen werden.<\/p>\n\n\n\n<p>Br\u00fcssel hat bereits Teile der ungarischen Finanzmittel wegen Bedenken hinsichtlich der Rechtsstaatlichkeit eingefroren, und dieses j\u00fcngste Urteil k\u00f6nnte den finanziellen Druck noch weiter erh\u00f6hen.<\/p>\n\n\n\n<h2 class=\"wp-block-heading\">Der Schatten des Kaleta-Skandals<\/h2>\n\n\n\n<p>Der Fall ist vor allem im Hinblick auf fr\u00fchere Skandale von Bedeutung. <a href=\"https:\/\/www.nbcnews.com\/feature\/nbc-out\/member-hungary-s-anti-lgbtq-government-resigns-after-fleeing-alleged-n1249593\" target=\"_blank\" rel=\"noopener\">G\u00e1bor Kaleta<\/a>, der ehemalige ungarische Botschafter in Peru, der mit Bildern von Kindesmissbrauch erwischt wurde, war jahrelang auf Kinderschutzveranstaltungen aktiv, wo er regelm\u00e4\u00dfig neben Regierungsvertretern auftrat. Nach seiner strafrechtlichen Verfolgung wurde Kaleta zu einer Gef\u00e4ngnisstrafe auf Bew\u00e4hrung verurteilt, die viele als unverh\u00e4ltnism\u00e4\u00dfig milde empfanden, und bis heute ist keine nennenswerte politische Rechenschaft erfolgt.<\/p>\n\n\n\n<p>Die fehlende Rechenschaftspflicht in der Kaleta-Aff\u00e4re in Verbindung mit dem j\u00fcngsten Urteil des EU-Gerichtshofs offenbart einen schwerwiegenden Widerspruch: W\u00e4hrend die Regierung lautstark f\u00fcr ihre Kinderschutzagenda wirbt, sind echte Verantwortung und Konsequenzen bisweilen ausgeblieben.<\/p>\n\n\n\n<p><strong>Falls Sie es verpasst haben:<\/strong><\/p>\n\n\n\n<ul class=\"wp-block-list\">\n<li><a href=\"https:\/\/dailynewshungary.com\/de\/wer-sind-die-neuen-minister-ein-genauerer-blick-auf-die-ersten-sieben-in-der-theis-regierung\/\/\">Wer sind die neuen Minister? Ein genauerer Blick auf die ersten sieben in der Regierung Thei\u00df<\/a><\/li>\n<\/ul>\n","protected":false},"excerpt":{"rendered":"<p>In Luxemburg ist ein historisches Urteil ergangen: Der Gerichtshof der Europ\u00e4ischen Union hat erkl\u00e4rt, dass Ungarn mit seinem so genannten &#8220;P\u00e4dophilengesetz&#8221; gegen EU-Recht versto\u00dfen hat. Luxemburg erkl\u00e4rt Ungarns Gesetz f\u00fcr ungesetzlich Nach Ansicht des Gerichts verst\u00f6\u00dft das 2021 verabschiedete ungarische Gesetz gegen mehrere zentrale Grunds\u00e4tze und Rechtsvorschriften der Europ\u00e4ischen Union. Urspr\u00fcnglich als Kinderschutzgesetz eingef\u00fchrt, wurde [&hellip;]<\/p>\n","protected":false},"author":91,"featured_media":786798,"comment_status":"open","ping_status":"open","sticky":false,"template":"","format":"standard","meta":{"_acf_changed":false,"_display_image":"yes","footnotes":""},"categories":[1081],"tags":[1656,4482,1423,1076,1308],"class_list":["post-786797","post","type-post","status-publish","format-standard","has-post-thumbnail","hentry","category-politik","tag-europaischer-gerichtshof","tag-kategorie-ungarische-politik","tag-recht","tag-ungarn","tag-verfassungsanderung"],"blocksy_meta":[],"acf":[],"author_username":"api","telegram_post":"","public_post_metadata":{"breaking_news":"yes","important":"no","csempe":"yes","center_tile":"no","disable_thumbnail":"no","target_lang":"","_featured_image_style":"default","telegram_post":"","_xlat_group_id":"aed71d35-0850-4101-af7c-abee0d08d79d"},"public_rank_math_data":{"title":"EU-Gericht besiegt Ungarn wegen umstrittenem Kinderschutzgesetz","description":"Das EU-Gericht in Luxemburg hat entschieden, dass Ungarn mit seinem \"P\u00e4dophilen-Gesetz\" gegen EU-Recht versto\u00dfen hat und damit eine historische Niederlage erlitten hat.","focus_keyword":"EU","canonical_url":"","robots":"","primary_category":"1081","breadcrumb_title":"","facebook_title":"","facebook_description":"","facebook_image":"","facebook_image_id":"","twitter_title":"","twitter_description":"","twitter_image":"","twitter_image_id":"","twitter_card_type":"","twitter_use_facebook":"","advanced_robots":"","pillar_content":"","seo_score":"78","contentai_score":"","rich_snippet":""},"_links":{"self":[{"href":"https:\/\/dailynewshungary.com\/de\/wp-json\/wp\/v2\/posts\/786797","targetHints":{"allow":["GET"]}}],"collection":[{"href":"https:\/\/dailynewshungary.com\/de\/wp-json\/wp\/v2\/posts"}],"about":[{"href":"https:\/\/dailynewshungary.com\/de\/wp-json\/wp\/v2\/types\/post"}],"author":[{"embeddable":true,"href":"https:\/\/dailynewshungary.com\/de\/wp-json\/wp\/v2\/users\/91"}],"replies":[{"embeddable":true,"href":"https:\/\/dailynewshungary.com\/de\/wp-json\/wp\/v2\/comments?post=786797"}],"version-history":[{"count":0,"href":"https:\/\/dailynewshungary.com\/de\/wp-json\/wp\/v2\/posts\/786797\/revisions"}],"wp:featuredmedia":[{"embeddable":true,"href":"https:\/\/dailynewshungary.com\/de\/wp-json\/wp\/v2\/media\/786798"}],"wp:attachment":[{"href":"https:\/\/dailynewshungary.com\/de\/wp-json\/wp\/v2\/media?parent=786797"}],"wp:term":[{"taxonomy":"category","embeddable":true,"href":"https:\/\/dailynewshungary.com\/de\/wp-json\/wp\/v2\/categories?post=786797"},{"taxonomy":"post_tag","embeddable":true,"href":"https:\/\/dailynewshungary.com\/de\/wp-json\/wp\/v2\/tags?post=786797"}],"curies":[{"name":"wp","href":"https:\/\/api.w.org\/{rel}","templated":true}]}}