{"id":786823,"date":"2026-04-26T07:34:00","date_gmt":"2026-04-26T05:34:00","guid":{"rendered":"https:\/\/dailynewshungary.com\/de\/der-neue-verkehrsminister-vitezy-verspricht-die-ungarischen-eisenbahnen-nach-jahren-des-niedergangs-wieder-aufzubauen\/"},"modified":"2026-04-26T07:34:00","modified_gmt":"2026-04-26T05:34:00","slug":"der-neue-verkehrsminister-vitezy-verspricht-die-ungarischen-eisenbahnen-nach-jahren-des-niedergangs-wieder-aufzubauen","status":"publish","type":"post","link":"https:\/\/dailynewshungary.com\/de\/der-neue-verkehrsminister-vitezy-verspricht-die-ungarischen-eisenbahnen-nach-jahren-des-niedergangs-wieder-aufzubauen\/","title":{"rendered":"Der neue Verkehrsminister Vit\u00e9zy verspricht, die ungarischen Eisenbahnen nach \u201cJahren des Niedergangs\u201d wieder aufzubauen"},"content":{"rendered":"<p><strong>Die \u00c4ra der &#8220;Demontage des ungarischen Eisenbahnsystems&#8221; geht zu Ende und wird durch die Entwicklung der Eisenbahn ersetzt, sagte D\u00e1vid Vit\u00e9zy, der neue Minister f\u00fcr Verkehr und Investitionen, am Samstag.<\/strong><\/p>\n\n\n\n<h2 class=\"wp-block-heading\">Neuer Verkehrsminister: Zeit f\u00fcr den Wiederaufbau der ungarischen Eisenbahnen<\/h2>\n\n\n\n<p>Vit\u00e9zy reiste mit dem Zug von Domb\u00f3v\u00e1r nach Koml\u00f3 in S\u00fcdungarn, um gemeinsam mit Vertretern von B\u00fcrgerorganisationen die Schlie\u00dfung einer Eisenbahnlinie zwischen den beiden St\u00e4dten im Jahr 2023 zu feiern. Er sagte, sein Besuch l\u00e4ute das Ende einer \u00c4ra ein, in der das ungarische Eisenbahnnetz ausgebeutet worden sei, und den Beginn einer neuen \u00c4ra, die Entwicklungen hervorbringe.<\/p>\n\n\n\n<p>&#8220;Sobald wir den Tr\u00fcmmerhaufen \u00fcbernehmen, den [der scheidende Verkehrs- und Bauminister] J\u00e1nos L\u00e1z\u00e1r hinterl\u00e4sst&#8221;, werde die neue Regierung sofort den Ausbau des l\u00e4ndlichen Verkehrs und der Eisenbahndienste in Angriff nehmen, sagte er.<\/p>\n\n\n\n<figure class=\"wp-block-image aligncenter size-full\"><img decoding=\"async\" src=\"https:\/\/dailynewshungary.b-cdn.net\/wp-content\/uploads\/2026\/04\/aron-kovacs-david-vitezy.webp\" alt=\"\u00e1ron kov\u00e1cs d\u00e1vid vit\u00e9zy\" class=\"wp-image-695387\"\/><figcaption class=\"wp-element-caption\">\u00c1ron Kov\u00e1cs, Abgeordneter der Thei\u00df-Partei im Wahlkreis 2 des Komitats Baranya (C-R) und D\u00e1vid Vit\u00e9zy, zuk\u00fcnftiger Minister f\u00fcr Verkehr und Investitionen (L) am 25. April 2026 auf dem Bahnhof von Koml\u00f3. Foto: MTI\/Tam\u00e1s Kacs\u00far<\/figcaption><\/figure>\n\n<p>Eine der ersten Aufgaben, so Vit\u00e9zy, sei es, &#8220;neue Grundlagen&#8221; f\u00fcr den Bahnverkehr zwischen Domb\u00f3v\u00e1r und Koml\u00f3 zu schaffen, eine der zehn Strecken, die 2023 stillgelegt werden. &#8220;Als die scheidende Regierung mit der Schlie\u00dfung von Bahnlinien rund um Budapest begann, interpretierten viele die Worte L\u00e1z\u00e1rs, dass &#8216;die l\u00e4ndlichen Gebiete an der Reihe seien&#8217;, als Versprechen f\u00fcr Entwicklungen. Stattdessen wurden auch die l\u00e4ndlichen Bahnlinien stillgelegt&#8221;, sagte er.<\/p>\n\n\n\n<p>In Bezug auf die Schranken an Bahn\u00fcberg\u00e4ngen sagte Vit\u00e9zy, dass es technische L\u00f6sungen gebe, um Staus auf den Stra\u00dfen zu vermeiden und daf\u00fcr zu sorgen, dass die Schranken nicht \u00fcber lange Zeitr\u00e4ume heruntergelassen bleiben.<\/p>\n\n\n\n<h2 class=\"wp-block-heading\">Professionalit\u00e4t statt politischer Aktivit\u00e4t erwartet<\/h2>\n\n\n\n<p>Man erwarte von ihm in seinem Amt eher professionelle Arbeit als politische Aktivit\u00e4ten, sagte Vit\u00e9zy am Freitag in einem <a href=\"https:\/\/telex.hu\/video\/2026\/04\/24\/vitezy-david-kozlekedesi-miniszter-budapest-magyar-peter-elo-interju\" target=\"_blank\" rel=\"noopener\">Interview mit Telex<\/a>.<\/p>\n\n\n\n<p>In Bezug auf Budapest sagte Vit\u00e9zy, dass die Hauptstadt davon profitieren k\u00f6nnte, &#8220;wenn die Politik des Investitionsstopps und der Wendung der Provinzen gegen Budapest fallen gelassen wird&#8221;. Er sagte, er habe keinen Beitrag zum Programm der Thei\u00df-Partei geleistet, sondern sich mit P\u00e9ter Magyar, dem neuen Ministerpr\u00e4sidenten, und Thei\u00df-Experten \u00fcber die k\u00fcnftige Ausrichtung beraten. Vit\u00e9zy sagte, Magyar habe ihn gebeten, das Programm der Thei\u00df-Partei umzusetzen und nicht seine eigenen Ideen, was er &#8220;gerne&#8221; tun werde.<\/p>\n\n\n\n<p>Vit\u00e9zy zufolge hatte Magyar auch &#8220;sehr deutlich gemacht, dass er keine Korruption oder Arroganz in seiner Position dulden w\u00fcrde&#8221;.<\/p>\n\n\n\n<iframe loading=\"lazy\" src=\"https:\/\/www.facebook.com\/plugins\/post.php?href=https%3A%2F%2Fwww.facebook.com%2Fvitezydavid%2Fposts%2Fpfbid0tFUQ4ek6o5VoTpcF5cn6YKbzk61ShkxKHih5fmmhru6Ztu2HmnbnpArQRPiSv6wRl&#038;show_text=true&#038;width=500\" width=\"500\" height=\"594\" style=\"border:none;overflow:hidden\" scrolling=\"no\" frameborder=\"0\" allowfullscreen=\"true\" allow=\"autoplay; clipboard-write; encrypted-media; picture-in-picture; web-share\"><\/iframe>\n\n\n\n<p>Auf eine Frage hin sagte er, dass er und Magyar \u00fcber die Tatsache gesprochen h\u00e4tten, dass der zuk\u00fcnftige Premierminister ihn w\u00e4hrend der Kommunalwahlen als &#8220;Fidesz-Hack&#8221; bezeichnet habe. Ohne Einzelheiten zu nennen, sagte er, er glaube, dass das, was ihre Fraktion und er pers\u00f6nlich in der Generalversammlung getan h\u00e4tten, Magyar davon \u00fcberzeugt habe, ihn nicht so zu sehen.<\/p>\n\n\n\n<p>Vit\u00e9zy warf dem Verkehrs- und Bauministerium vor, alle \u00f6ffentlichen Informationen \u00fcber Investitionen zu entfernen und &#8220;die Investitionsinfrastruktur zu zerst\u00f6ren und Experten zu entlassen&#8221;. Au\u00dferdem kritisierte er die scheidende Regierung f\u00fcr den mangelnden sozialen Dialog bei wichtigen Projekten. Er sagte, dass all diese Dinge behoben werden sollten und dass es auch seine Aufgabe sei, &#8220;die besten Experten wieder einzustellen oder zu behalten.&#8221;<\/p>\n\n\n\n<h2 class=\"wp-block-heading\">Ein schwieriger Sommer steht bevor<\/h2>\n\n\n\n<p>In Bezug auf die staatliche Eisenbahngesellschaft M\u00c1V sagte Vit\u00e9zy, er sei dar\u00fcber informiert worden, dass &#8220;dieser Sommer schwieriger sein wird als der letzte&#8221;, weil immer weniger Fahrzeuge einsatzbereit seien. M\u00c1V habe seit Jahren keine Fahrzeuge mehr gekauft und das Unternehmen befinde sich &#8220;im Krisenmanagement&#8221;, sagte Vit\u00e9zy und versprach Ma\u00dfnahmen, um sicherzustellen, dass &#8220;es so wenig Probleme und Versp\u00e4tungen wie m\u00f6glich gibt&#8221;, f\u00fcgte aber hinzu, dass &#8220;es wichtig ist, realistisch zu bleiben&#8221;. Er f\u00fcgte au\u00dferdem hinzu, dass der Zugang zu Finanzmitteln der Europ\u00e4ischen Union f\u00fcr weitere \u00dcbernahmen entscheidend sei.<\/p>\n\n\n\n<p>Was die Aufgaben rund um den \u00f6ffentlichen Nahverkehr in Budapest betrifft, so erw\u00e4hnte Vit\u00e9zy die Erneuerung der Nahverkehrsz\u00fcge und anderer Fahrzeuge sowie die Verbesserung des Verkehrs in den Au\u00dfenbezirken und f\u00fcgte hinzu, dass dies auch eine Aufgabe f\u00fcr andere St\u00e4dte sei.<\/p>\n\n\n\n<p>Vit\u00e9zy forderte auch eine Erneuerung der ungarischen Verkehrsregeln mit dem Ziel, &#8220;die Wehrlosen im Verkehr zu sch\u00fctzen&#8221;. &#8220;Das Ziel ist es, die Zahl der Verkehrstoten auf Ungarns Stra\u00dfen zu reduzieren&#8221;, sagte der neue Minister. Er sagte auch, dass der Premierminister zwar die Staatssekret\u00e4re ernenne, er aber Empfehlungen zu den Kandidaten abgeben werde.<\/p>\n\n\n\n<pre class=\"wp-block-verse has-text-align-center has-aqua-splash-gradient-background has-background\"><strong>Falls Sie es verpasst haben: <a href=\"https:\/\/dailynewshungary.com\/de\/breaking-peter-magyar-kundigt-neue-minister-an\/\/\">P\u00e9ter Magyar k\u00fcndigt neue Minister an<\/a><\/strong><\/pre>","protected":false},"excerpt":{"rendered":"<p>Die \u00c4ra der &#8220;Demontage des ungarischen Eisenbahnsystems&#8221; geht zu Ende und wird durch die Entwicklung der Eisenbahn ersetzt, sagte D\u00e1vid Vit\u00e9zy, der neue Minister f\u00fcr Verkehr und Investitionen, am Samstag. Neuer Verkehrsminister: Zeit f\u00fcr den Wiederaufbau der ungarischen Eisenbahnen Vit\u00e9zy reiste mit dem Zug von Domb\u00f3v\u00e1r nach Koml\u00f3 in S\u00fcdungarn, um gemeinsam mit Vertretern von [&hellip;]<\/p>\n","protected":false},"author":62,"featured_media":786824,"comment_status":"open","ping_status":"open","sticky":false,"template":"","format":"standard","meta":{"_acf_changed":false,"_display_image":"yes","footnotes":""},"categories":[1081],"tags":[4464,4500,4431,1066,4686,4673,4675,2179,1298],"class_list":["post-786823","post","type-post","status-publish","format-standard","has-post-thumbnail","hentry","category-politik","tag-category-budapest-public-transport","tag-category-hungarian-politics","tag-category-travel","tag-hungary","tag-magyar-government","tag-peter-magyar","tag-tisza-party","tag-train","tag-travel"],"blocksy_meta":[],"acf":[],"author_username":"hmercedesz","telegram_post":"","public_post_metadata":{"breaking_news":"yes","important":"no","csempe":"yes","center_tile":"no","disable_thumbnail":"no","target_lang":"","_featured_image_style":"default","telegram_post":"","_xlat_group_id":"fadf8795-5474-467f-bd55-28124660c4b9"},"public_rank_math_data":{"title":"%title% %sep% %sitename%","description":"","focus_keyword":"transport","canonical_url":"","robots":"","primary_category":"1081","breadcrumb_title":"","facebook_title":"","facebook_description":"","facebook_image":"","facebook_image_id":"","twitter_title":"","twitter_description":"","twitter_image":"","twitter_image_id":"","twitter_card_type":"","twitter_use_facebook":"","advanced_robots":"","pillar_content":"","seo_score":"84","contentai_score":"","rich_snippet":""},"_links":{"self":[{"href":"https:\/\/dailynewshungary.com\/de\/wp-json\/wp\/v2\/posts\/786823","targetHints":{"allow":["GET"]}}],"collection":[{"href":"https:\/\/dailynewshungary.com\/de\/wp-json\/wp\/v2\/posts"}],"about":[{"href":"https:\/\/dailynewshungary.com\/de\/wp-json\/wp\/v2\/types\/post"}],"author":[{"embeddable":true,"href":"https:\/\/dailynewshungary.com\/de\/wp-json\/wp\/v2\/users\/62"}],"replies":[{"embeddable":true,"href":"https:\/\/dailynewshungary.com\/de\/wp-json\/wp\/v2\/comments?post=786823"}],"version-history":[{"count":0,"href":"https:\/\/dailynewshungary.com\/de\/wp-json\/wp\/v2\/posts\/786823\/revisions"}],"wp:featuredmedia":[{"embeddable":true,"href":"https:\/\/dailynewshungary.com\/de\/wp-json\/wp\/v2\/media\/786824"}],"wp:attachment":[{"href":"https:\/\/dailynewshungary.com\/de\/wp-json\/wp\/v2\/media?parent=786823"}],"wp:term":[{"taxonomy":"category","embeddable":true,"href":"https:\/\/dailynewshungary.com\/de\/wp-json\/wp\/v2\/categories?post=786823"},{"taxonomy":"post_tag","embeddable":true,"href":"https:\/\/dailynewshungary.com\/de\/wp-json\/wp\/v2\/tags?post=786823"}],"curies":[{"name":"wp","href":"https:\/\/api.w.org\/{rel}","templated":true}]}}