{"id":786827,"date":"2026-04-26T10:14:00","date_gmt":"2026-04-26T08:14:00","guid":{"rendered":"https:\/\/dailynewshungary.com\/de\/ungarische-flagge-bei-israelischem-protest-beschlagnahmt-nachdem-sie-mit-einem-palastinensischen-symbol-verwechselt-wurde\/"},"modified":"2026-04-26T10:14:00","modified_gmt":"2026-04-26T08:14:00","slug":"ungarische-flagge-bei-israelischem-protest-beschlagnahmt-nachdem-sie-mit-einem-palastinensischen-symbol-verwechselt-wurde","status":"publish","type":"post","link":"https:\/\/dailynewshungary.com\/de\/ungarische-flagge-bei-israelischem-protest-beschlagnahmt-nachdem-sie-mit-einem-palastinensischen-symbol-verwechselt-wurde\/","title":{"rendered":"Ungarische Flagge bei israelischem Protest beschlagnahmt, nachdem sie mit einem pal\u00e4stinensischen Symbol \u201cverwechselt\u201d wurde"},"content":{"rendered":"<p><strong>Die israelische Polizei hat w\u00e4hrend einer Demonstration gegen Premierminister Benjamin Netanjahu eine ungarische Flagge beschlagnahmt, nachdem die Beamten behauptet hatten, sie sehe der pal\u00e4stinensischen Flagge zu \u00e4hnlich.<\/strong><\/p>\n\n\n\n<p>Die Demonstration fand am vergangenen Samstag im Norden Israels statt, wo sich viele Menschen versammelt hatten, um gegen die Regierung zu protestieren. Unter ihnen war auch ein Demonstrant, der die rot-wei\u00df-gr\u00fcne Trikolore Ungarns schwenkte, angeblich um den politischen Sturz des ungarischen Premierministers Viktor Orb\u00e1n zu feiern, der weithin als Verb\u00fcndeter Netanjahus gilt.<\/p>\n\n\n\n<h2 class=\"wp-block-heading\">Polizeieinsatz trotz Erkl\u00e4rung<\/h2>\n\n\n\n<p>Laut <a href=\"https:\/\/444.hu\/2026\/04\/26\/az-izraeli-rendorseg-elkobzott-egy-magyar-zaszlot-mert-hasonlit-a-palesztinra?utm_source=rss_feed&amp;utm_medium=rss&amp;utm_campaign=rss_syndication\" target=\"_blank\" rel=\"noopener\">444.hu<\/a> sprach die Polizei den Mann an und konfiszierte die Flagge mit der Begr\u00fcndung, dass sie mit einem pal\u00e4stinensischen Symbol verwechselt werden k\u00f6nnte. Obwohl die pal\u00e4stinensische Flagge in Israel nicht offiziell verboten ist, schr\u00e4nken die Beh\u00f6rden das Zeigen der Flagge bei Demonstrationen h\u00e4ufig ein, da sie eine &#8220;m\u00f6gliche Provokation&#8221; bef\u00fcrchten.<\/p>\n\n\n\n<p>Berichten zufolge versuchte der Demonstrant klarzustellen, dass die Flagge ungarisch und nicht pal\u00e4stinensisch sei. Die Beamten argumentierten jedoch, dass andere die Flagge falsch interpretieren und entsprechend reagieren k\u00f6nnten.<\/p>\n\n\n\n<p>Er bot daraufhin an, die Fahne freiwillig in sein Auto zur\u00fcckzulegen, was die Polizei jedoch ablehnte. Die Flagge wurde ihm erst zur\u00fcckgegeben, nachdem der Protest beendet war.<\/p>\n\n\n\n<blockquote class=\"twitter-tweet\"><p lang=\"iw\" dir=\"rtl\">\u05d1\u05d0\u05de\u05ea, \u05d6\u05d4 \u05d0\u05d9\u05df \u05dc\u05ea\u05d0\u05e8.<br>\u05e7\u05e6\u05d9\u05df \u05de\u05e9\u05d8\u05e8\u05d4 \u05d4\u05d7\u05e8\u05d9\u05dd \u05d3\u05d2\u05dc \u05e9\u05dc \u05d4\u05d5\u05e0\u05d2\u05e8\u05d9\u05d4 \u05e9\u05d4\u05e0\u05d9\u05e3 \u05de\u05e4\u05d2\u05d9\u05df \u05d1\u05e6\u05d5\u05de\u05ea \u05db\u05e8\u05db\u05d5\u05e8 \u05d1\u05d8\u05e2\u05e0\u05d4 \u05e9\u05d4\u05d5\u05d0 \u05d3\u05d5\u05de\u05d4 \u05de\u05d3\u05d9 \u05dc\u05d3\u05d2\u05dc \u05e4\u05dc\u05e1\u05d8\u05d9\u05df \u05d5 &quot;\u05e2\u05dc\u05d5\u05dc \u05dc\u05e2\u05d5\u05e8\u05e8 \u05e4\u05e8\u05d5\u05d1\u05d5\u05e7\u05e6\u05d9\u05d4&quot;.<br><br>\u05de\u05d3\u05d5\u05d5\u05d7\u05ea <a href=\"https:\/\/twitter.com\/adihashmonai?ref_src=twsrc%5Etfw\" target=\"_blank\" rel=\"noopener\">@adihashmonai<\/a> <a href=\"https:\/\/t.co\/vAoTeUtTd9\">https:\/\/t.co\/vAoTeUtTd9-<\/a><\/p> Josh Breiner (@JoshBreiner) <a href=\"https:\/\/twitter.com\/JoshBreiner\/status\/2048066753922560461?ref_src=twsrc%5Etfw\" target=\"_blank\" rel=\"noopener\">April 25, 2026<\/a><\/blockquote> <script async src=\"https:\/\/platform.twitter.com\/widgets.js\" charset=\"utf-8\"><\/script>\n<h2 class=\"wp-block-heading\">Fragen \u00fcber Absicht aufgeworfen<\/h2>\n\n\n\n<p>Der Vorfall hat eine Debatte ausgel\u00f6st. Einige Beobachter vermuten, dass die Beh\u00f6rden wussten, dass die Flagge ungarisch war, aber die politische Botschaft dahinter ablehnten: n\u00e4mlich den Sturz eines F\u00fchrers zu feiern, der als enger Verb\u00fcndeter von Netanjahu gilt.<\/p>\n\n\n\n<p>Es ist kein Wunder, dass sogar Israelis gegen die Regierung protestieren. Nach Angaben des Medienb\u00fcros der Regierung von Gaza hat Israel mindestens 2.400 Verst\u00f6\u00dfe gegen das im vergangenen Oktober geschlossene Waffenstillstandsabkommen begangen, darunter T\u00f6tungen, Verhaftungen, Belagerung und Aushungerung.<\/p>\n\n\n\n<p>Bis Freitag, den 24. April, hat Israel nach Angaben des Gesundheitsministeriums bei Verst\u00f6\u00dfen gegen die Waffenruhe 972 Pal\u00e4stinenser get\u00f6tet und 2.235 weitere verletzt.<\/p>\n\n\n\n<p>In seinem zweij\u00e4hrigen Krieg in Gaza hat Israel mehr als 72.000 Pal\u00e4stinenser get\u00f6tet, 172.000 weitere verwundet und massive Zerst\u00f6rungen verursacht, die 90% der zivilen Infrastruktur betreffen.<\/p>\n\n\n\n<pre class=\"wp-block-verse has-text-align-center has-juicy-peach-gradient-background has-background\"><strong>Falls Sie es verpasst haben: <a href=\"https:\/\/dailynewshungary.com\/hungary-palestinian-scholarship-students-gaza\/\">Leserbrief: Ungarns pal\u00e4stinensische Stipendiaten sitzen trotz bestehender Evakuierungsrouten immer noch in Gaza fest<\/a><\/strong><\/pre>\n\n<p><em>Gekennzeichnetes Bild: Illustration, <a href=\"https:\/\/depositphotos.com\/photo\/young-woman-holding-hungarian-flag-over-head-at-budapest-329025068.html\" target=\"_blank\" rel=\"noopener\">depositphotos.com<\/a><\/em><\/p>\n","protected":false},"excerpt":{"rendered":"<p>Die israelische Polizei hat w\u00e4hrend einer Demonstration gegen Premierminister Benjamin Netanjahu eine ungarische Flagge beschlagnahmt, nachdem die Beamten behauptet hatten, sie sehe der pal\u00e4stinensischen Flagge zu \u00e4hnlich. Die Demonstration fand am vergangenen Samstag im Norden Israels statt, wo sich viele Menschen versammelt hatten, um gegen die Regierung zu protestieren. Unter ihnen war auch ein Demonstrant, [&hellip;]<\/p>\n","protected":false},"author":62,"featured_media":786828,"comment_status":"open","ping_status":"open","sticky":false,"template":"","format":"standard","meta":{"_acf_changed":false,"_display_image":"yes","footnotes":""},"categories":[4401],"tags":[1156,1253,1580,1255,1076,1128],"class_list":["post-786827","post","type-post","status-publish","format-standard","has-post-thumbnail","hentry","category-business","tag-israel","tag-israelisch-palastinensischer-konflikt","tag-naher-osten","tag-palastina","tag-ungarn","tag-viktor-orban"],"blocksy_meta":[],"acf":[],"author_username":"hmercedesz","telegram_post":"","public_post_metadata":{"breaking_news":"yes","important":"no","csempe":"yes","center_tile":"no","disable_thumbnail":"no","target_lang":"","_featured_image_style":"default","telegram_post":"","_xlat_group_id":"125dc8b5-9307-40ae-94b9-235b7d221c4b"},"public_rank_math_data":{"title":"%title% %sep% %sitename%","description":"","focus_keyword":"israel","canonical_url":"","robots":"","primary_category":"4401","breadcrumb_title":"","facebook_title":"","facebook_description":"","facebook_image":"","facebook_image_id":"","twitter_title":"","twitter_description":"","twitter_image":"","twitter_image_id":"","twitter_card_type":"","twitter_use_facebook":"","advanced_robots":"","pillar_content":"","seo_score":"78","contentai_score":"","rich_snippet":""},"_links":{"self":[{"href":"https:\/\/dailynewshungary.com\/de\/wp-json\/wp\/v2\/posts\/786827","targetHints":{"allow":["GET"]}}],"collection":[{"href":"https:\/\/dailynewshungary.com\/de\/wp-json\/wp\/v2\/posts"}],"about":[{"href":"https:\/\/dailynewshungary.com\/de\/wp-json\/wp\/v2\/types\/post"}],"author":[{"embeddable":true,"href":"https:\/\/dailynewshungary.com\/de\/wp-json\/wp\/v2\/users\/62"}],"replies":[{"embeddable":true,"href":"https:\/\/dailynewshungary.com\/de\/wp-json\/wp\/v2\/comments?post=786827"}],"version-history":[{"count":0,"href":"https:\/\/dailynewshungary.com\/de\/wp-json\/wp\/v2\/posts\/786827\/revisions"}],"wp:featuredmedia":[{"embeddable":true,"href":"https:\/\/dailynewshungary.com\/de\/wp-json\/wp\/v2\/media\/786828"}],"wp:attachment":[{"href":"https:\/\/dailynewshungary.com\/de\/wp-json\/wp\/v2\/media?parent=786827"}],"wp:term":[{"taxonomy":"category","embeddable":true,"href":"https:\/\/dailynewshungary.com\/de\/wp-json\/wp\/v2\/categories?post=786827"},{"taxonomy":"post_tag","embeddable":true,"href":"https:\/\/dailynewshungary.com\/de\/wp-json\/wp\/v2\/tags?post=786827"}],"curies":[{"name":"wp","href":"https:\/\/api.w.org\/{rel}","templated":true}]}}