{"id":786829,"date":"2026-04-26T11:34:00","date_gmt":"2026-04-26T09:34:00","guid":{"rendered":"https:\/\/dailynewshungary.com\/de\/incoming-pm-magyar-to-head-to-brussels-for-urgent-eu-funds-talks-with-ursula-von-der-leyen\/"},"modified":"2026-04-26T11:34:00","modified_gmt":"2026-04-26T09:34:00","slug":"incoming-pm-magyar-to-head-to-brussels-for-urgent-eu-funds-talks-with-ursula-von-der-leyen","status":"publish","type":"post","link":"https:\/\/dailynewshungary.com\/de\/incoming-pm-magyar-to-head-to-brussels-for-urgent-eu-funds-talks-with-ursula-von-der-leyen\/","title":{"rendered":"Incoming PM Magyar to head to Brussels for urgent EU funds talks with Ursula von der Leyen"},"content":{"rendered":"<p><strong>P\u00e9ter Magyar wird am Mittwoch zu informellen Gespr\u00e4chen mit Ursula von der Leyen nach Br\u00fcssel reisen, bei denen es darum geht, EU-Gelder zur\u00fcck nach Ungarn zu holen.<\/strong><\/p>\n\n\n\n<p>Bei der Ank\u00fcndigung des Besuchs <a href=\"https:\/\/www.facebook.com\/peter.magyar.102\/posts\/pfbid0zBp63fRVwkWGpaM4rFq6rWJ5VX67spxL2vSq2Wc9QxE59Ee1kZiNgRpXdbdH8JH2l?locale=hu_HU\" target=\"_blank\" rel=\"noopener\">in den sozialen Medien<\/a> betonte der Vorsitzende der Thei\u00df-Partei die Dringlichkeit der Situation und schrieb: &#8220;Wir haben keine Zeit zu verlieren&#8221;.<\/p>\n\n\n\n<p>Das Treffen findet nach mehreren Telefongespr\u00e4chen zwischen den beiden Politikern seit den ungarischen Wahlen vom 12. April statt, bei denen Magyar einen <a href=\"https:\/\/dailynewshungary.com\/de\/breaking-ungarn-wahl-2026-alle-stimmen-ausgezahlt-theiss-partei-sichert-historische-supermajoritat\/\/\">\u00fcberw\u00e4ltigenden Sieg<\/a> errang. Von der Leyen gratulierte ihm Berichten zufolge in der Wahlnacht und besprach sp\u00e4ter die wichtigsten Priorit\u00e4ten, wobei sie feststellte, dass Ungarn &#8220;in das Herz Europas zur\u00fcckgekehrt&#8221; sei.<\/p>\n\n\n\n<figure class=\"wp-block-image aligncenter size-full\"><img decoding=\"async\" src=\"https:\/\/dailynewshungary.b-cdn.net\/wp-content\/uploads\/2026\/04\/Magyar-Peter_Von-der-Leyen.webp\" alt=\"P\u00e9ter Magyar Tisza von der Leyen Orban Hungary\" class=\"wp-image-694466\"\/><figcaption class=\"wp-element-caption\">Ursula von der Leyen und P\u00e9ter Magyar. Foto: <a href=\"https:\/\/www.facebook.com\/photo?fbid=27081092984831793&amp;set=a.115525025148621\" target=\"_blank\" rel=\"noopener\">Facebook\/P\u00e9ter Magyar<\/a><\/figcaption><\/figure>\n\n<h2 class=\"wp-block-heading\">Milliardenbetr\u00e4ge auf dem Spiel, knappe Fristen<\/h2>\n\n\n\n<p>Die neue Regierung steht unter gro\u00dfem Druck, die langj\u00e4hrigen Streitigkeiten mit Br\u00fcssel zu l\u00f6sen, die dazu gef\u00fchrt haben, dass erhebliche EU-Mittel eingefroren wurden.<\/p>\n\n\n\n<p>Der scheidende Ministerpr\u00e4sident Viktor Orb\u00e1n hat zwar bereits angedeutet, dass die Finanzierung bis 2027 gesichert ist, aber das gilt nur f\u00fcr bestimmte Programme. In Wirklichkeit haben Verz\u00f6gerungen und rechtsstaatliche Bedenken bereits zu erheblichen finanziellen Einbu\u00dfen gef\u00fchrt, <a href=\"https:\/\/telex.hu\/belfold\/2026\/04\/26\/magyar-peter-tisza-part-brusszel-utazas-unios-forrasok\" target=\"_blank\" rel=\"noopener\">wie Telex berichtet<\/a>.<\/p>\n\n\n\n<p>Berichten zufolge hat Ungarn aufgrund vers\u00e4umter Fristen mehr als 2 Mrd. EUR verloren, und weitere Mittel sind in Gefahr. Bis Ende August dieses Jahres muss das Land Bedingungen erf\u00fcllen, die an mehr als 10 Mrd. EUR (ca. 3.700 Mrd. HUF) an EU-Hilfen gekn\u00fcpft sind.<\/p>\n\n\n\n<p>Die Dringlichkeit dieser Verhandlungen ist ein Grund, warum Magyar Pr\u00e4sident Tam\u00e1s Sulyok gedr\u00e4ngt hat, ihm rasch ein Mandat zur Regierungsbildung zu erteilen.<\/p>\n\n\n\n<figure class=\"wp-block-image aligncenter size-full\"><img decoding=\"async\" src=\"https:\/\/dailynewshungary.b-cdn.net\/wp-content\/uploads\/2026\/04\/PeterMagyarTamasSulyok.webp\" alt=\"P\u00e9ter Magyar elected prime minister Tam\u00e1s Sulyok president Hungary hungarian government\" class=\"wp-image-694744\"\/><figcaption class=\"wp-element-caption\">Foto: <a href=\"https:\/\/www.facebook.com\/photo.php?fbid=27089156674025424&amp;set=pb.100000733720126.-2207520000&amp;type=3\" target=\"_blank\" rel=\"noopener\">P\u00e9ter Magyar\/Facebook<\/a><\/figcaption><\/figure>\n\n<h2 class=\"wp-block-heading\">Fr\u00fche diplomatische Schritte signalisieren Ver\u00e4nderung<\/h2>\n\n\n\n<p>Mitglieder von Magyars k\u00fcnftigem Kabinett haben bereits am Wochenende mit EU-Beamten in Br\u00fcssel Kontakt aufgenommen. Anita Orb\u00e1n, Andr\u00e1s K\u00e1rm\u00e1n und M\u00e1rton Mell\u00e9thei-Barna waren in der belgischen Hauptstadt.<\/p>\n\n\n\n<p>Die neue F\u00fchrung scheint bestrebt zu sein, das Vertrauen in die EU-Institutionen wiederherzustellen und die Mittel zu sichern, die zur Stabilisierung der ungarischen Finanzen und zur Unterst\u00fctzung von Schl\u00fcsselbereichen wie Hochschulbildung und Infrastruktur ben\u00f6tigt werden.<\/p>\n\n\n\n<h2 class=\"wp-block-heading\">Dokumentarfilm-Premiere in Italien angek\u00fcndigt<\/h2>\n\n\n\n<p>In einer <a href=\"https:\/\/www.facebook.com\/peter.magyar.102\/posts\/pfbid0rP2aNdvzmBvntTGjcFXsHGwtxTvRjJFwXayhffDAsrUgu2L5UmpdtH8iK5cSYRXnl?locale=hu_HU\" target=\"_blank\" rel=\"noopener\">separaten Ank\u00fcndigung<\/a> best\u00e4tigte Magyar, dass er am 5. Mai nach Italien reisen wird, um an der Vorf\u00fchrung eines Dokumentarfilms \u00fcber ihn auf dem Riviera International Film Festival teilzunehmen.<\/p>\n\n\n\n<p>Der Film mit dem Titel <em>Spring Wind<\/em><em>(Tavaszi sz\u00e9l<\/em>) wird auf dem Festival in Sestri Levante gezeigt, das vom 5. bis 10. Mai stattfindet und sich auf Filmemacher unter 35 Jahren konzentriert.<\/p>\n\n\n\n<p>Laut Magyar ist der Dokumentarfilm bereits jetzt der meistgesehene ungarische Dokumentarfilm in den Kinos. Auch auf YouTube wurde der Film innerhalb von zwei Tagen 3,3 Millionen Mal angesehen und stand in den letzten zwei Wochen an der Spitze der HBO-Charts.<\/p>\n\n\n\n<iframe loading=\"lazy\" src=\"https:\/\/www.facebook.com\/plugins\/post.php?href=https%3A%2F%2Fwww.facebook.com%2Fpeter.magyar.102%2Fposts%2Fpfbid0rP2aNdvzmBvntTGjcFXsHGwtxTvRjJFwXayhffDAsrUgu2L5UmpdtH8iK5cSYRXnl&#038;show_text=false&#038;width=500\" width=\"500\" height=\"498\" style=\"border:none;overflow:hidden\" scrolling=\"no\" frameborder=\"0\" allowfullscreen=\"true\" allow=\"autoplay; clipboard-write; encrypted-media; picture-in-picture; web-share\"><\/iframe>\n\n\n\n<p>Der Film, der am 12. M\u00e4rz in die Kinos kam, wurde von Juno Pictures produziert, die von Claudia S\u00fcmeghy und Tam\u00e1s Yvan Topol\u00e1nszky gegr\u00fcndet wurden, der auch Regie f\u00fchrte.<\/p>\n\n\n\n<p>Das 2017 gegr\u00fcndete Festival hatte Topol\u00e1nszky bereits 2019 f\u00fcr seinen biografischen Film <em>Curtiz: The Hungarian Who Changed Hollywood<\/em> als besten Regisseur ausgezeichnet.<\/p>\n\n\n\n<pre class=\"wp-block-verse has-text-align-center has-juicy-peach-gradient-background has-background\"><strong>Falls Sie es verpasst haben: <a href=\"https:\/\/dailynewshungary.com\/de\/peter-magyar-enge-kreise-des-fruheren-premierministers-orban-sparen-zehn-millionen-euro-im-ausland\/\/\">P\u00e9ter Magyar: Der enge Kreis des fr\u00fcheren Premierministers Orb\u00e1n spart zehn Millionen Euro im Ausland<\/a><\/strong><\/pre>","protected":false},"excerpt":{"rendered":"<p>P\u00e9ter Magyar wird am Mittwoch zu informellen Gespr\u00e4chen mit Ursula von der Leyen nach Br\u00fcssel reisen, bei denen es darum geht, EU-Gelder zur\u00fcck nach Ungarn zu holen. Bei der Ank\u00fcndigung des Besuchs in den sozialen Medien betonte der Vorsitzende der Thei\u00df-Partei die Dringlichkeit der Situation und schrieb: &#8220;Wir haben keine Zeit zu verlieren&#8221;. Das Treffen [&hellip;]<\/p>\n","protected":false},"author":62,"featured_media":786830,"comment_status":"open","ping_status":"open","sticky":false,"template":"","format":"standard","meta":{"_acf_changed":false,"_display_image":"yes","footnotes":""},"categories":[4401],"tags":[4460,4530,4372,3842,1772,1066,4686,1292,4673,4675],"class_list":["post-786829","post","type-post","status-publish","format-standard","has-post-thumbnail","hentry","category-business","tag-category-eu-relations","tag-category-finance-hungary","tag-category-politics","tag-eu-funding-2","tag-european-union","tag-hungary","tag-magyar-government","tag-money","tag-peter-magyar","tag-tisza-party"],"blocksy_meta":[],"acf":[],"author_username":"hmercedesz","telegram_post":"","public_post_metadata":{"breaking_news":"yes","important":"no","csempe":"yes","center_tile":"no","disable_thumbnail":"no","target_lang":"","_featured_image_style":"default","telegram_post":"","_xlat_group_id":"1db6bbb9-300e-40c1-bfe5-6c1cf3bcf6b4"},"public_rank_math_data":{"title":"%title% %sep% %sitename%","description":"","focus_keyword":"Magyar","canonical_url":"","robots":"","primary_category":"4401","breadcrumb_title":"","facebook_title":"","facebook_description":"","facebook_image":"","facebook_image_id":"","twitter_title":"","twitter_description":"","twitter_image":"","twitter_image_id":"","twitter_card_type":"","twitter_use_facebook":"","advanced_robots":"","pillar_content":"","seo_score":"84","contentai_score":"","rich_snippet":""},"_links":{"self":[{"href":"https:\/\/dailynewshungary.com\/de\/wp-json\/wp\/v2\/posts\/786829","targetHints":{"allow":["GET"]}}],"collection":[{"href":"https:\/\/dailynewshungary.com\/de\/wp-json\/wp\/v2\/posts"}],"about":[{"href":"https:\/\/dailynewshungary.com\/de\/wp-json\/wp\/v2\/types\/post"}],"author":[{"embeddable":true,"href":"https:\/\/dailynewshungary.com\/de\/wp-json\/wp\/v2\/users\/62"}],"replies":[{"embeddable":true,"href":"https:\/\/dailynewshungary.com\/de\/wp-json\/wp\/v2\/comments?post=786829"}],"version-history":[{"count":0,"href":"https:\/\/dailynewshungary.com\/de\/wp-json\/wp\/v2\/posts\/786829\/revisions"}],"wp:featuredmedia":[{"embeddable":true,"href":"https:\/\/dailynewshungary.com\/de\/wp-json\/wp\/v2\/media\/786830"}],"wp:attachment":[{"href":"https:\/\/dailynewshungary.com\/de\/wp-json\/wp\/v2\/media?parent=786829"}],"wp:term":[{"taxonomy":"category","embeddable":true,"href":"https:\/\/dailynewshungary.com\/de\/wp-json\/wp\/v2\/categories?post=786829"},{"taxonomy":"post_tag","embeddable":true,"href":"https:\/\/dailynewshungary.com\/de\/wp-json\/wp\/v2\/tags?post=786829"}],"curies":[{"name":"wp","href":"https:\/\/api.w.org\/{rel}","templated":true}]}}