{"id":786831,"date":"2026-04-26T12:54:00","date_gmt":"2026-04-26T10:54:00","guid":{"rendered":"https:\/\/dailynewshungary.com\/de\/orban-sendet-trump-botschaft-nach-schieserei-in-washington\/"},"modified":"2026-04-26T12:54:00","modified_gmt":"2026-04-26T10:54:00","slug":"orban-sendet-trump-botschaft-nach-schieserei-in-washington","status":"publish","type":"post","link":"https:\/\/dailynewshungary.com\/de\/orban-sendet-trump-botschaft-nach-schieserei-in-washington\/","title":{"rendered":"Orb\u00e1n sendet Trump Botschaft nach Schie\u00dferei in Washington"},"content":{"rendered":"<p><strong>Ein bewaffneter Mann hat am sp\u00e4ten Samstag das j\u00e4hrliche White House Correspondents&#8217; Dinner in Washington gest\u00f6rt. Die Beh\u00f6rden gehen davon aus, dass es sich dabei um einen versuchten Anschlag auf Donald Trump handelte.<\/strong><\/p>\n\n\n\n<p>Nach Angaben von <a href=\"https:\/\/telex.hu\/kulfold\/2026\/04\/26\/lovesek-dordultek-a-feher-hazi-tudositok-vacsorajanak-helyszinen-trumpot-es-feleseget-ki-kellett-menekiteni\" target=\"_blank\" rel=\"noopener\">Telex<\/a> er\u00f6ffnete der Verd\u00e4chtige w\u00e4hrend der Veranstaltung das Feuer und traf einen Secret Service-Beamten. Der Beamte \u00fcberlebte dank einer kugelsicheren Weste, w\u00e4hrend Trump unverletzt blieb und zusammen mit anderen Teilnehmern schnell von Sicherheitskr\u00e4ften evakuiert wurde.<\/p>\n\n\n\n<p>Der Verd\u00e4chtige, ein 31-j\u00e4hriger Mann aus Kalifornien, trug Berichten zufolge eine Handfeuerwaffe, ein Gewehr und mehrere Messer bei sich. Vorl\u00e4ufige Ermittlungen deuten darauf hin, dass er m\u00f6glicherweise allein gehandelt hat.<\/p>\n\n\n\n<iframe src=\"https:\/\/truthsocial.com\/@realDonaldTrump\/116468652963767750\/embed\" class=\"truthsocial-embed\" style=\"max-width: 100%; border: 0\" width=\"600\" allowfullscreen=\"allowfullscreen\"><\/iframe><script src=\"https:\/\/truthsocial.com\/embed.js\" async=\"async\"><\/script>\n\n\n\n<h2 class=\"wp-block-heading\">Orb\u00e1n reagiert: &#8220;Kein Platz f\u00fcr Gewalt&#8221;<\/h2>\n\n\n\n<p>Unter den internationalen Staatsoberh\u00e4uptern, die auf den Vorfall reagierten, war auch der scheidende ungarische Premierminister Viktor Orb\u00e1n, der in den sozialen Medien seine Besorgnis und Solidarit\u00e4t zum Ausdruck <a href=\"https:\/\/x.com\/PM_ViktorOrban\/status\/2048330819765166222\">brachte<\/a>.<\/p>\n\n\n\n<p>&#8220;Beunruhigt \u00fcber die Nachricht von den versuchten Sch\u00fcssen auf Pr\u00e4sident @realDonaldTrump bei einer Veranstaltung in Washington. Unsere Gedanken und Gebete sind bei ihm und Melania. Es gibt keinen Platz f\u00fcr Gewalt in der Politik!&#8221; schrieb Orb\u00e1n.<\/p>\n\n\n\n<p>Orb\u00e1n und Trump haben in den letzten Jahren ein enges politisches Verh\u00e4ltnis gepflegt und sich im Wahlkampf oft <a href=\"https:\/\/dailynewshungary.com\/trump-backs-orban-in-video-message-cpac\/\">gegenseitig unterst\u00fctzt<\/a>, auch wenn ihre Beziehungen nach <a href=\"https:\/\/dailynewshungary.com\/de\/orban-wir-haben-verloren-und-ich-habe-dem-sieger-gratuliert\/\/\">Orb\u00e1ns j\u00fcngster Niederlage<\/a> nicht mehr so ausgepr\u00e4gt waren.<\/p>\n\n\n\n<h2 class=\"wp-block-heading\">Weltpolitiker verurteilen gemeinsam<\/h2>\n\n\n\n<p>Der Vorfall l\u00f6ste eine Welle internationaler Reaktionen aus. F\u00fchrende Politiker in ganz Europa verurteilten den Anschlag scharf.<\/p>\n\n\n\n<p>Der britische Premierminister Keir Starmer sagte, er sei &#8220;schockiert&#8221; \u00fcber die Schie\u00dferei und erleichtert, dass es keine weiteren Verletzten gab. Er betonte, dass Angriffe auf demokratische Institutionen und die Pressefreiheit entschieden zur\u00fcckgewiesen werden m\u00fcssen.<\/p>\n\n\n\n<p>Die italienische Premierministerin Giorgia Meloni bekundete &#8220;volle Solidarit\u00e4t&#8221; mit Trump und betonte, dass politischer Hass den demokratischen Diskurs nicht vergiften d\u00fcrfe.<\/p>\n\n\n\n<p>Der franz\u00f6sische Pr\u00e4sident Emmanuel Macron bezeichnete den Angriff als inakzeptabel und bekr\u00e4ftigte, dass Gewalt keinen Platz in der Demokratie habe. \u00c4hnlich \u00e4u\u00dferten sich auch Ursula von der Leyen und Ant\u00f3nio Costa, die beide den Vorfall verurteilten und begr\u00fc\u00dften, dass die Teilnehmer in Sicherheit sind.<\/p>\n\n\n\n<h2 class=\"wp-block-heading\">Erh\u00f6hte Sicherheit vor dem k\u00f6niglichen Besuch<\/h2>\n\n\n\n<p>Nach dem Vorfall wurden die Sicherheitsvorkehrungen f\u00fcr den bevorstehenden Besuch von K\u00f6nig Charles III. und K\u00f6nigin Camilla in Washington verst\u00e4rkt. Berichten zufolge arbeiten die britischen und US-amerikanischen Sicherheitsdienste eng zusammen, um einen sicheren Ablauf des Besuchs zu gew\u00e4hrleisten.<\/p>\n\n\n\n<h2 class=\"wp-block-heading\">Ermittlungen laufen<\/h2>\n\n\n\n<p>Laut <a href=\"https:\/\/index.hu\/kulfold\/2026\/04\/26\/orban-viktor-donald-trump-merenyletkiserlet-tudositok-vacsoraja-washington\/\" target=\"_blank\" rel=\"noopener\">Index<\/a> hat sich Trump sp\u00e4ter auf einer Pressekonferenz im Wei\u00dfen Haus zu dem Vorfall ge\u00e4u\u00dfert und best\u00e4tigt, dass er mit dem B\u00fcrgermeister von Washington gesprochen hat und dass die \u00f6rtlichen Strafverfolgungsbeh\u00f6rden aktiv an den Ermittlungen beteiligt sind.<\/p>\n\n\n\n<p><a href=\"https:\/\/truthsocial.com\/@realDonaldTrump\/posts\/116468650367386223\" target=\"_blank\" rel=\"noopener\">Videoaufnahmen<\/a>, die in den sozialen Medien geteilt wurden, scheinen zu zeigen, wie Secret Service Agenten den Verd\u00e4chtigen in dem Chaos konfrontieren.<\/p>\n\n\n\n<iframe src=\"https:\/\/truthsocial.com\/@realDonaldTrump\/116468650367386223\/embed\" class=\"truthsocial-embed truthsocial-video\" style=\"max-width: 100%; border: 0\" width=\"600\" allowfullscreen=\"allowfullscreen\"><\/iframe><script src=\"https:\/\/truthsocial.com\/embed.js\" async=\"async\"><\/script>\n","protected":false},"excerpt":{"rendered":"<p>Ein bewaffneter Mann hat am sp\u00e4ten Samstag das j\u00e4hrliche White House Correspondents&#8217; Dinner in Washington gest\u00f6rt. Die Beh\u00f6rden gehen davon aus, dass es sich dabei um einen versuchten Anschlag auf Donald Trump handelte. Nach Angaben von Telex er\u00f6ffnete der Verd\u00e4chtige w\u00e4hrend der Veranstaltung das Feuer und traf einen Secret Service-Beamten. Der Beamte \u00fcberlebte dank einer [&hellip;]<\/p>\n","protected":false},"author":62,"featured_media":786832,"comment_status":"open","ping_status":"open","sticky":false,"template":"","format":"standard","meta":{"_acf_changed":false,"_display_image":"yes","footnotes":""},"categories":[4449],"tags":[4457,4474,4580,1066,1293,1128],"class_list":["post-786831","post","type-post","status-publish","format-standard","has-post-thumbnail","hentry","category-world","tag-category-crime","tag-category-global-news","tag-category-life-in-hungary","tag-hungary","tag-united-states","tag-viktor-orban"],"blocksy_meta":[],"acf":[],"author_username":"hmercedesz","telegram_post":"","public_post_metadata":{"breaking_news":"yes","important":"no","csempe":"yes","center_tile":"no","disable_thumbnail":"no","target_lang":"","_featured_image_style":"default","telegram_post":"","_xlat_group_id":"de952af4-1833-4314-a623-f0f43ada0af9"},"public_rank_math_data":{"title":"%title% %sep% %sitename%","description":"","focus_keyword":"Trump","canonical_url":"","robots":"","primary_category":"4449","breadcrumb_title":"","facebook_title":"","facebook_description":"","facebook_image":"","facebook_image_id":"","twitter_title":"","twitter_description":"","twitter_image":"","twitter_image_id":"","twitter_card_type":"","twitter_use_facebook":"","advanced_robots":"","pillar_content":"","seo_score":"81","contentai_score":"","rich_snippet":""},"_links":{"self":[{"href":"https:\/\/dailynewshungary.com\/de\/wp-json\/wp\/v2\/posts\/786831","targetHints":{"allow":["GET"]}}],"collection":[{"href":"https:\/\/dailynewshungary.com\/de\/wp-json\/wp\/v2\/posts"}],"about":[{"href":"https:\/\/dailynewshungary.com\/de\/wp-json\/wp\/v2\/types\/post"}],"author":[{"embeddable":true,"href":"https:\/\/dailynewshungary.com\/de\/wp-json\/wp\/v2\/users\/62"}],"replies":[{"embeddable":true,"href":"https:\/\/dailynewshungary.com\/de\/wp-json\/wp\/v2\/comments?post=786831"}],"version-history":[{"count":0,"href":"https:\/\/dailynewshungary.com\/de\/wp-json\/wp\/v2\/posts\/786831\/revisions"}],"wp:featuredmedia":[{"embeddable":true,"href":"https:\/\/dailynewshungary.com\/de\/wp-json\/wp\/v2\/media\/786832"}],"wp:attachment":[{"href":"https:\/\/dailynewshungary.com\/de\/wp-json\/wp\/v2\/media?parent=786831"}],"wp:term":[{"taxonomy":"category","embeddable":true,"href":"https:\/\/dailynewshungary.com\/de\/wp-json\/wp\/v2\/categories?post=786831"},{"taxonomy":"post_tag","embeddable":true,"href":"https:\/\/dailynewshungary.com\/de\/wp-json\/wp\/v2\/tags?post=786831"}],"curies":[{"name":"wp","href":"https:\/\/api.w.org\/{rel}","templated":true}]}}