{"id":786833,"date":"2026-04-26T14:14:00","date_gmt":"2026-04-26T12:14:00","guid":{"rendered":"https:\/\/dailynewshungary.com\/de\/18-ehemaliger-ungarischer-insasse-erzahlt-von-jahrelangem-sexuellen-missbrauch-in-staatlicher-justizvollzugsanstalt-und-verweist-auf-machtigen-politiker\/"},"modified":"2026-04-26T14:14:00","modified_gmt":"2026-04-26T12:14:00","slug":"18-ehemaliger-ungarischer-insasse-erzahlt-von-jahrelangem-sexuellen-missbrauch-in-staatlicher-justizvollzugsanstalt-und-verweist-auf-machtigen-politiker","status":"publish","type":"post","link":"https:\/\/dailynewshungary.com\/de\/18-ehemaliger-ungarischer-insasse-erzahlt-von-jahrelangem-sexuellen-missbrauch-in-staatlicher-justizvollzugsanstalt-und-verweist-auf-machtigen-politiker\/","title":{"rendered":"18+: Ehemaliger ungarischer Insasse erz\u00e4hlt von jahrelangem sexuellen Missbrauch in staatlicher Justizvollzugsanstalt und verweist auf m\u00e4chtigen Politiker"},"content":{"rendered":"<p><strong>Der heute 20-j\u00e4hrige S\u00e1ndor Bang\u00f3 hat sein Schweigen \u00fcber den Missbrauch gebrochen, den er als Teenager in der Budapester Justizvollzugsanstalt Sz\u0151l\u0151-Stra\u00dfe erdulden musste. Er beschrieb in anschaulichen Details, wie der ehemalige Direktor P\u00e9ter P\u00e1l Juh\u00e1sz seine Position ausgenutzt haben soll, um ihn zu wiederholten sexuellen Handlungen zu zwingen. S\u00e1ndor, ein ehemaliger Insasse des Kinderbetreuungssystems, sagt, dass er im Alter von sechs Jahren und sp\u00e4ter in Kinderheimen sexuell missbraucht wurde. Er sagt, dass er sich aufgrund dieser Erfahrungen wehrlos f\u00fchlte, als Juh\u00e1sz begann, ihn in der Anstalt auszubeuten.<\/strong><\/p>\n\n\n\n<p>S\u00e1ndor <a href=\"https:\/\/kontroll.hu\/cikk\/belfold\/2026\/04\/24\/megdoebbento-vallomast-tett-a-kontrollnak-zsolti-bacsi-aldozata-1\" target=\"_blank\" rel=\"noopener\">erkl\u00e4rte gegen\u00fcber Kontroll<\/a>, dass ihm Medikamente verschrieben wurden, die ihn w\u00e4hrend dieser Begegnungen &#8220;benommen&#8221; machten, obwohl er betont, dass er sich immer noch bewusst war, was geschah. Er sagt, dass der Missbrauch in Juh\u00e1sz&#8217; B\u00fcro, in einem separaten Raum mit einem Doppelbett und im Auto des Direktors stattfand und dass Juh\u00e1sz ihm wiederholt eine fr\u00fchere Entlassung als Gegenleistung f\u00fcr sein Entgegenkommen versprach.<\/p>\n\n\n\n<figure class=\"wp-block-embed is-type-video is-provider-youtube wp-block-embed-youtube wp-embed-aspect-16-9 wp-has-aspect-ratio\"><div class=\"wp-block-embed__wrapper\">\nhttps:\/\/www.youtube.com\/watch?v=73cykWAjq6o<\/div><\/figure>\n\n\n\n<h2 class=\"wp-block-heading\" id=\"the-figure-known-as-zsolti-bcsi\">Die als &#8220;Onkel Zsolti&#8221; bekannte Figur<\/h2>\n\n\n\n<p>In demselben <a href=\"https:\/\/www.youtube.com\/watch?v=73cykWAjq6o\" target=\"_blank\" rel=\"noopener\">Kontroll-Interview<\/a> sagt S\u00e1ndor, dass noch ein weiterer Mann beteiligt war, dessen Identit\u00e4t das Medienunternehmen zwar kennt, aber aus Gr\u00fcnden des Datenschutzes nicht \u00f6ffentlich preisgeben kann. Er beschreibt, dass er von Juh\u00e1sz in einen abgedunkelten Raum gebracht wurde, wo er Sex mit einem \u00e4lteren Mann hatte, den er nicht sehen konnte; das Gesicht des Mannes sah er erst danach, als dieser sich anzog und das Licht anschaltete. S\u00e1ndor f\u00fcgt hinzu, dass er den Mann damals nicht erkannte. Er erkl\u00e4rte, dass er mit 14 Jahren die Politik nicht verfolgte und noch nie von der Person geh\u00f6rt hatte, die heute in der ungarischen \u00d6ffentlichkeit den Spitznamen &#8220;Onkel Zsolti&#8221; tr\u00e4gt.<a href=\"https:\/\/www.youtube.com\/watch?v=73cykWAjq6o\" target=\"_blank\" rel=\"noreferrer noopener\"><\/a><\/p>\n\n\n\n<p>Das Programm Kontrolle hat seitdem erkl\u00e4rt, dass jeder, der von \u00e4hnlichen Vorf\u00e4llen wei\u00df, dem Beispiel von S\u00e1ndor folgen und sie der Staatsanwaltschaft melden sollte. <\/p>\n\n\n\n<iframe loading=\"lazy\" src=\"https:\/\/www.facebook.com\/plugins\/post.php?href=https%3A%2F%2Fwww.facebook.com%2FJuhi.JuhaszPeter%2Fposts%2Fpfbid0nvjgJwkL8q1Fr6T4eodmFK7hnaDU17Vdjx3KxAG5g354ZZURedBeyz2txmicyaVil&#038;show_text=true&#038;width=500\" width=\"500\" height=\"722\" style=\"border:none;overflow:hidden\" scrolling=\"no\" frameborder=\"0\" allowfullscreen=\"true\" allow=\"autoplay; clipboard-write; encrypted-media; picture-in-picture; web-share\"><\/iframe>\n\n\n\n<h2 class=\"wp-block-heading\">Ein gr\u00f6\u00dferer institutioneller Skandal<\/h2>\n\n\n\n<p>Der Fall Sz\u0151l\u0151-Stra\u00dfe <a href=\"https:\/\/dailynewshungary.com\/de\/ungarische-politiker-im-padophilie-skandal-in-der-szolo-strase-was-sie-bisher-wissen\/\/\">wurde im Herbst 2025<\/a> zu einem der schwerwiegendsten Kinderschutz- und politischen Skandale Ungarns, nachdem Beweise aufgetaucht waren, dass Kinder in der Einrichtung \u00fcber Jahre hinweg systematisch k\u00f6rperlich und sexuell missbraucht wurden. Juh\u00e1sz, der inmitten bekannter Ger\u00fcchte \u00fcber unangemessene Beziehungen zu minderj\u00e4hrigen M\u00e4dchen Direktor wurde, wurde im Mai 2025 unter dem Verdacht des Menschenhandels und der Zwangsprostitution verhaftet, was eine Welle von Zeugenaussagen ehemaliger Insassen ausl\u00f6ste.<a href=\"https:\/\/kekvillogo.hu\/zsolti-bacsi-ott-volt-akit-igy-ismernek-most-ez-egy-politikus-szemely-volt-megszolalt-a-szolo-utcai-javitointezet-igazgatoja-elleni-eljaras-koronatanuja\/\" target=\"_blank\" rel=\"noreferrer noopener\"><\/a><a href=\"https:\/\/www.youtube.com\/watch?v=73cykWAjq6o\" target=\"_blank\" rel=\"noreferrer noopener\"><\/a><a href=\"https:\/\/kontroll.hu\/cikk\/belfold\/2026\/04\/24\/megdoebbento-vallomast-tett-a-kontrollnak-zsolti-bacsi-aldozata-1\" target=\"_blank\" rel=\"noreferrer noopener\"><\/a><\/p>\n\n\n\n<p>Sp\u00e4ter weiteten die Ermittler den Fall auf seine fr\u00fchere T\u00e4tigkeit als Leiter der Budapester Justizvollzugsanstalt aus, und mehrere andere Manager aus der Sz\u0151l\u0151-Stra\u00dfe wurden ebenfalls in Gewahrsam genommen. Unter dem Druck der Regierung wurde die Anstalt zun\u00e4chst der Aufsicht des Gef\u00e4ngnisdienstes unterstellt und sp\u00e4ter geschlossen und die Jugendlichen in eine neue Abteilung im Gef\u00e4ngniskomplex T\u00f6k\u00f6l verlegt.<\/p>\n\n\n\n<ul class=\"wp-block-list\">\n<li><a href=\"https:\/\/dailynewshungary.com\/de\/ungarische-politiker-im-padophilie-skandal-in-der-szolo-strase-was-sie-bisher-wissen\/\/\"><strong>Ungarische Politiker im P\u00e4dophilie-Skandal in der Sz\u0151l\u0151-Stra\u00dfe: Was man bisher wei\u00df<\/strong><\/a><\/li>\n<\/ul>\n\n\n\n<h2 class=\"wp-block-heading\" id=\"the-kdnps-denial-and-political-fallout\">Das Dementi der KDNP und die politischen Folgen<\/h2>\n\n\n\n<p>Die Erw\u00e4hnung von &#8220;Onkel Zsolti&#8221; hat eine scharfe politische Reaktion der Christlich-Demokratischen Volkspartei (KDNP) hervorgerufen. Deren Sprecher, L\u0151rinc Nacsa, hat S\u00e1ndors Bericht als &#8220;v\u00f6llige Erfindung&#8221; <a href=\"https:\/\/www.facebook.com\/kdnphu\/posts\/pfbid08F1r2NMid4x3fxupF3bsDo4zepaWbAVUTsL4ZeSqoXuvsmiSq7DdRF5bh9WTZWAyl\" target=\"_blank\" rel=\"noopener\">abgetan<\/a> und angek\u00fcndigt, dass die Partei rechtliche Schritte einleiten wird (obwohl niemand, weder S\u00e1ndor noch der Reporter, irgendetwas erw\u00e4hnt hat, das mit der KDNP zu tun hat).<\/p>\n\n\n\n<figure class=\"wp-block-image aligncenter size-large\"><img decoding=\"async\" src=\"https:\/\/dailynewshungary.b-cdn.net\/wp-content\/uploads\/2025\/09\/Deputy-PM-Semjen-fair-peace-in-Ukraine-1280x853.jpg\" alt=\"Deputy PM Semj\u00e9n fair peace in Ukraine\" class=\"wp-image-671375\"\/><figcaption class=\"wp-element-caption\">Foto: <a href=\"https:\/\/www.facebook.com\/photo.php?fbid=1318877779609337&amp;set=pb.100044613811394.-2207520000&amp;type=3\" target=\"_blank\" rel=\"noopener\">Facebook\/Semj\u00e9n Zsolt<\/a><\/figcaption><\/figure>\n\n<p>Der KDNP-Vorsitzende Zsolt Semj\u00e9n hat zuvor Kritiker beschuldigt, einen &#8220;orchestrierten Rufmord&#8221; gegen ihn zu ver\u00fcben, als er im Parlament gefragt wurde, wer &#8220;Onkel Zsolti&#8221; sein k\u00f6nnte, und verglich die Angriffe mit einer Verleumdung im Stil einer &#8220;Blutrache&#8221;.<\/p>\n\n\n\n<pre class=\"wp-block-verse has-text-align-center has-juicy-peach-gradient-background has-background\"><strong>Falls Sie es verpasst haben: <a href=\"https:\/\/dailynewshungary.com\/de\/kinder-in-ungarischer-staatlicher-obhut-werden-zu-orgien-von-politikern-mitgenommen-ehemaliger-leiter-des-kinderschutzes\/\/\">Kinder in ungarischer staatlicher Obhut werden zu Orgien von Politikern mitgenommen: Ehemaliger Leiter des Kinderschutzes<\/a><\/strong><\/pre>","protected":false},"excerpt":{"rendered":"<p>Der heute 20-j\u00e4hrige S\u00e1ndor Bang\u00f3 hat sein Schweigen \u00fcber den Missbrauch gebrochen, den er als Teenager in der Budapester Justizvollzugsanstalt Sz\u0151l\u0151-Stra\u00dfe erdulden musste. Er beschrieb in anschaulichen Details, wie der ehemalige Direktor P\u00e9ter P\u00e1l Juh\u00e1sz seine Position ausgenutzt haben soll, um ihn zu wiederholten sexuellen Handlungen zu zwingen. S\u00e1ndor, ein ehemaliger Insasse des Kinderbetreuungssystems, sagt, [&hellip;]<\/p>\n","protected":false},"author":62,"featured_media":786834,"comment_status":"open","ping_status":"open","sticky":false,"template":"","format":"standard","meta":{"_acf_changed":false,"_display_image":"yes","footnotes":""},"categories":[4406],"tags":[4322,4457,4199,1066],"class_list":["post-786833","post","type-post","status-publish","format-standard","has-post-thumbnail","hentry","category-life","tag-abuse","tag-category-crime","tag-children","tag-hungary"],"blocksy_meta":[],"acf":[],"author_username":"hmercedesz","telegram_post":"","public_post_metadata":{"breaking_news":"yes","important":"no","csempe":"yes","center_tile":"no","disable_thumbnail":"no","target_lang":"","_featured_image_style":"default","telegram_post":"","_xlat_group_id":"2af5968d-5128-48cb-b363-295b254d737f"},"public_rank_math_data":{"title":"%title% %sep% %sitename%","description":"","focus_keyword":"Missbrauch","canonical_url":"","robots":"","primary_category":"4406","breadcrumb_title":"","facebook_title":"","facebook_description":"","facebook_image":"","facebook_image_id":"","twitter_title":"","twitter_description":"","twitter_image":"","twitter_image_id":"","twitter_card_type":"","twitter_use_facebook":"","advanced_robots":"","pillar_content":"","seo_score":"80","contentai_score":"","rich_snippet":""},"_links":{"self":[{"href":"https:\/\/dailynewshungary.com\/de\/wp-json\/wp\/v2\/posts\/786833","targetHints":{"allow":["GET"]}}],"collection":[{"href":"https:\/\/dailynewshungary.com\/de\/wp-json\/wp\/v2\/posts"}],"about":[{"href":"https:\/\/dailynewshungary.com\/de\/wp-json\/wp\/v2\/types\/post"}],"author":[{"embeddable":true,"href":"https:\/\/dailynewshungary.com\/de\/wp-json\/wp\/v2\/users\/62"}],"replies":[{"embeddable":true,"href":"https:\/\/dailynewshungary.com\/de\/wp-json\/wp\/v2\/comments?post=786833"}],"version-history":[{"count":0,"href":"https:\/\/dailynewshungary.com\/de\/wp-json\/wp\/v2\/posts\/786833\/revisions"}],"wp:featuredmedia":[{"embeddable":true,"href":"https:\/\/dailynewshungary.com\/de\/wp-json\/wp\/v2\/media\/786834"}],"wp:attachment":[{"href":"https:\/\/dailynewshungary.com\/de\/wp-json\/wp\/v2\/media?parent=786833"}],"wp:term":[{"taxonomy":"category","embeddable":true,"href":"https:\/\/dailynewshungary.com\/de\/wp-json\/wp\/v2\/categories?post=786833"},{"taxonomy":"post_tag","embeddable":true,"href":"https:\/\/dailynewshungary.com\/de\/wp-json\/wp\/v2\/tags?post=786833"}],"curies":[{"name":"wp","href":"https:\/\/api.w.org\/{rel}","templated":true}]}}