{"id":786853,"date":"2026-04-26T19:34:00","date_gmt":"2026-04-26T17:34:00","guid":{"rendered":"https:\/\/dailynewshungary.com\/de\/top-nachrichten-aus-ungarn-schockierende-missbrauchsfalle-steuerplane-fur-die-theis-flaggenskandal-26-april-2026\/"},"modified":"2026-04-26T19:34:00","modified_gmt":"2026-04-26T17:34:00","slug":"top-nachrichten-aus-ungarn-schockierende-missbrauchsfalle-steuerplane-fur-die-theis-flaggenskandal-26-april-2026","status":"publish","type":"post","link":"https:\/\/dailynewshungary.com\/de\/top-nachrichten-aus-ungarn-schockierende-missbrauchsfalle-steuerplane-fur-die-theis-flaggenskandal-26-april-2026\/","title":{"rendered":"Top-Nachrichten aus Ungarn: Schockierende Missbrauchsf\u00e4lle, Steuerpl\u00e4ne f\u00fcr die Thei\u00df, Flaggenskandal \u2013 26. April 2026"},"content":{"rendered":"<p><strong>Ein ersch\u00fctternder Missbrauchsskandal, in den ein ehemaliger Jugendstrafgefangener verwickelt war, hat Ungarn ersch\u00fcttert. Gleichzeitig signalisieren die weitreichenden politischen, wirtschaftlichen und verkehrspolitischen Pl\u00e4ne der neuen F\u00fchrung gro\u00dfe Ver\u00e4nderungen im In- und Ausland.<\/strong><\/p>\n\n\n\n<h2 class=\"wp-block-heading\">Die wichtigsten Nachrichten aus Ungarn von heute:<\/h2>\n\n\n\n<ul class=\"wp-block-list\">\n<li>18+: Ehemaliger ungarischer Jugendlicher <a href=\"https:\/\/dailynewshungary.com\/de\/18-ehemaliger-ungarischer-insasse-erzahlt-von-jahrelangem-sexuellen-missbrauch-in-staatlicher-justizvollzugsanstalt-und-verweist-auf-machtigen-politiker\/\/\"><strong>erz\u00e4hlt von jahrelangem sexuellen Missbrauch in staatlicher Justizvollzugsanstalt<\/strong><\/a> und zeigt auf m\u00e4chtigen Politiker<\/li>\n<\/ul>\n\n\n\n<h2 class=\"wp-block-heading\">Finanzpl\u00e4ne f\u00fcr die Thei\u00df:<\/h2>\n\n\n\n<ul class=\"wp-block-list\">\n<li><a href=\"https:\/\/dailynewshungary.com\/de\/der-steuerplan-der-theiss-partei-wurde-die-belastung-fur-geringverdiener-in-ungarn-senken-und-gleichzeitig-eine-neue-abgabe-fur-milliardare-einfuhren\/\/\"><strong>Steuerplan der Theiss-Partei w\u00fcrde Geringverdiener<\/strong><\/a> in Ungarn<a href=\"https:\/\/dailynewshungary.com\/de\/der-steuerplan-der-theiss-partei-wurde-die-belastung-fur-geringverdiener-in-ungarn-senken-und-gleichzeitig-eine-neue-abgabe-fur-milliardare-einfuhren\/\/\"><strong>entlasten<\/strong><\/a> und gleichzeitig eine neue Abgabe f\u00fcr Milliard\u00e4re einf\u00fchren<\/li>\n\n\n\n<li>Der neue Premierminister <a href=\"https:\/\/dailynewshungary.com\/de\/incoming-pm-magyar-to-head-to-brussels-for-urgent-eu-funds-talks-with-ursula-von-der-leyen\/\/\"><strong>Magyar reist zu dringenden Gespr\u00e4chen<\/strong><\/a> mit Ursula von der Leyen <a href=\"https:\/\/dailynewshungary.com\/de\/incoming-pm-magyar-to-head-to-brussels-for-urgent-eu-funds-talks-with-ursula-von-der-leyen\/\/\"><strong>\u00fcber EU-Gelder nach Br\u00fcssel<\/strong><\/a> <\/li>\n<\/ul>\n\n\n\n<h2 class=\"wp-block-heading\">Budapest:<\/h2>\n\n\n\n<ul class=\"wp-block-list\">\n<li>Gro\u00dfe Entwicklung: <a href=\"https:\/\/dailynewshungary.com\/de\/grose-entwicklung-neue-wohnsiedlung-in-budapests-gruner-oase-geplant\/\/\"><strong>Neue Wohnsiedlung in Budapests gr\u00fcner Oase geplant<\/strong><\/a><\/li>\n<\/ul>\n\n\n\n<h2 class=\"wp-block-heading\">Reisen:<\/h2>\n\n\n\n<ul class=\"wp-block-list\">\n<li>Der neue Verkehrsminister <a href=\"https:\/\/dailynewshungary.com\/de\/der-neue-verkehrsminister-vitezy-verspricht-die-ungarischen-eisenbahnen-nach-jahren-des-niedergangs-wieder-aufzubauen\/\/\"><strong>Vit\u00e9zy verspricht, die ungarische Eisenbahn<\/strong><\/a> nach &#8220;Jahren des Niedergangs&#8221; <a href=\"https:\/\/dailynewshungary.com\/de\/der-neue-verkehrsminister-vitezy-verspricht-die-ungarischen-eisenbahnen-nach-jahren-des-niedergangs-wieder-aufzubauen\/\/\"><strong>wieder aufzubauen<\/strong><\/a> <\/li>\n\n\n\n<li>Serbien sagt, dass die Er\u00f6ffnung der Eisenbahnlinie Budapest-Belgrad <a href=\"https:\/\/dailynewshungary.com\/de\/serbien-sagt-dass-die-eroffnung-der-bahnlinie-budapest-belgrad-nur-noch-von-ungarn-abhangt\/\/\"><strong>nur noch von Ungarn abh\u00e4ngt<\/strong><\/a><\/li>\n<\/ul>\n\n\n\n<h2 class=\"wp-block-heading\">Wirtschaft:<\/h2>\n\n\n\n<ul class=\"wp-block-list\">\n<li>Der neue Wirtschaftsminister <a href=\"https:\/\/dailynewshungary.com\/de\/der-neue-wirtschaftsminister-kapitany-verspricht-einen-transparenten-haushalt-um-das-vertrauen-in-ungarn-wiederherzustellen\/\/\"><strong>Kapit\u00e1ny verspricht einen transparenten Haushalt, um das Vertrauen<\/strong><\/a> in Ungarn <a href=\"https:\/\/dailynewshungary.com\/de\/der-neue-wirtschaftsminister-kapitany-verspricht-einen-transparenten-haushalt-um-das-vertrauen-in-ungarn-wiederherzustellen\/\/\"><strong>wiederherzustellen<\/strong><\/a> <\/li>\n<\/ul>\n\n\n\n<h2 class=\"wp-block-heading\">Flaggen-Skandal:<\/h2>\n\n\n\n<ul class=\"wp-block-list\">\n<li>Ungarische Flagge bei israelischem Protest beschlagnahmt, nachdem <a href=\"https:\/\/dailynewshungary.com\/de\/ungarische-flagge-bei-israelischem-protest-beschlagnahmt-nachdem-sie-mit-einem-palastinensischen-symbol-verwechselt-wurde\/\/\"><strong>sie mit pal\u00e4stinensischem Symbol &#8220;verwechselt&#8221; wurde<\/strong><\/a><\/li>\n<\/ul>\n\n\n\n<p class=\"has-text-align-center\"><strong>Sind Sie und Ihre Freunde an Ungarn interessiert?<\/strong><\/p>\n\n\n\n<p class=\"has-text-align-center\">Melden Sie sich beim Daily News Hungary Briefing an und verpassen Sie nie wieder eine wichtige Nachricht! <a href=\"https:\/\/dailynewshungary.com\/newsletter\/\"><strong>Abonnieren Sie hier unseren t\u00e4glichen Newsletter \u2190<\/strong><\/a><\/p>\n\n\n\n<p class=\"has-text-align-center\"><strong>Lesen Sie unseren aktuellen Weekly Brief unten!<\/strong><\/p>\n\n\n\n<div class=\"substack-post-embed\"><p lang=\"en-gb\">W\u00f6chentlicher Brief an Ungarn: Ein klareres Bild von Ungarns n\u00e4chster Regierung &#8211; 25. April 2026 von The Hungary Insider<\/p><p>von Daily News Hungary<\/p><a href=\"https:\/\/hungaryinsider.substack.com\/p\/hungary-weekly-brief-a-clearer-picture\" data-post-link target=\"_blank\" rel=\"noopener\">Lesen Sie auf Substack<\/a><\/div><script async src=\"https:\/\/substack.com\/embedjs\/embed.js\" charset=\"utf-8\"><\/script>\n\n\n\n<p><em>Gekennzeichnetes Bild: <a href=\"https:\/\/depositphotos.com\/editorial\/daytime-view-city-centre-palace-budapest-hungary-249965812.html\" target=\"_blank\" rel=\"noopener\">depositphotos.com<\/a><\/em><\/p>\n","protected":false},"excerpt":{"rendered":"<p>Ein ersch\u00fctternder Missbrauchsskandal, in den ein ehemaliger Jugendstrafgefangener verwickelt war, hat Ungarn ersch\u00fcttert. Gleichzeitig signalisieren die weitreichenden politischen, wirtschaftlichen und verkehrspolitischen Pl\u00e4ne der neuen F\u00fchrung gro\u00dfe Ver\u00e4nderungen im In- und Ausland. Die wichtigsten Nachrichten aus Ungarn von heute: Finanzpl\u00e4ne f\u00fcr die Thei\u00df: Budapest: Reisen: Wirtschaft: Flaggen-Skandal: Sind Sie und Ihre Freunde an Ungarn interessiert? Melden [&hellip;]<\/p>\n","protected":false},"author":33,"featured_media":786854,"comment_status":"open","ping_status":"open","sticky":false,"template":"","format":"standard","meta":{"_acf_changed":false,"_display_image":"yes","footnotes":""},"categories":[4390],"tags":[4577,1066,1452],"class_list":["post-786853","post","type-post","status-publish","format-standard","has-post-thumbnail","hentry","category-quick","tag-category-flash-news","tag-hungary","tag-hungary-news"],"blocksy_meta":[],"acf":[],"author_username":"ugyelet","telegram_post":"","public_post_metadata":{"breaking_news":"yes","important":"no","csempe":"no","center_tile":"no","disable_thumbnail":"no","target_lang":"","_featured_image_style":"hidden","telegram_post":"","_xlat_group_id":"334bdb6a-a7a7-4055-b046-63308b95254f"},"public_rank_math_data":{"title":"%title% %sep% %sitename%","description":"","focus_keyword":"Ungarn Nachrichten","canonical_url":"","robots":"","primary_category":"4390","breadcrumb_title":"","facebook_title":"","facebook_description":"","facebook_image":"","facebook_image_id":"","twitter_title":"","twitter_description":"","twitter_image":"","twitter_image_id":"","twitter_card_type":"","twitter_use_facebook":"","advanced_robots":"","pillar_content":"","seo_score":"75","contentai_score":"","rich_snippet":""},"_links":{"self":[{"href":"https:\/\/dailynewshungary.com\/de\/wp-json\/wp\/v2\/posts\/786853","targetHints":{"allow":["GET"]}}],"collection":[{"href":"https:\/\/dailynewshungary.com\/de\/wp-json\/wp\/v2\/posts"}],"about":[{"href":"https:\/\/dailynewshungary.com\/de\/wp-json\/wp\/v2\/types\/post"}],"author":[{"embeddable":true,"href":"https:\/\/dailynewshungary.com\/de\/wp-json\/wp\/v2\/users\/33"}],"replies":[{"embeddable":true,"href":"https:\/\/dailynewshungary.com\/de\/wp-json\/wp\/v2\/comments?post=786853"}],"version-history":[{"count":0,"href":"https:\/\/dailynewshungary.com\/de\/wp-json\/wp\/v2\/posts\/786853\/revisions"}],"wp:featuredmedia":[{"embeddable":true,"href":"https:\/\/dailynewshungary.com\/de\/wp-json\/wp\/v2\/media\/786854"}],"wp:attachment":[{"href":"https:\/\/dailynewshungary.com\/de\/wp-json\/wp\/v2\/media?parent=786853"}],"wp:term":[{"taxonomy":"category","embeddable":true,"href":"https:\/\/dailynewshungary.com\/de\/wp-json\/wp\/v2\/categories?post=786853"},{"taxonomy":"post_tag","embeddable":true,"href":"https:\/\/dailynewshungary.com\/de\/wp-json\/wp\/v2\/tags?post=786853"}],"curies":[{"name":"wp","href":"https:\/\/api.w.org\/{rel}","templated":true}]}}