{"id":786875,"date":"2026-04-27T06:04:00","date_gmt":"2026-04-27T04:04:00","guid":{"rendered":"https:\/\/dailynewshungary.com\/de\/neuer-ausenpolitischer-plan-in-ungarn-ruckkehr-eines-osterreichisch-ungarischen-bundnisses\/"},"modified":"2026-04-27T06:04:00","modified_gmt":"2026-04-27T04:04:00","slug":"neuer-ausenpolitischer-plan-in-ungarn-ruckkehr-eines-osterreichisch-ungarischen-bundnisses","status":"publish","type":"post","link":"https:\/\/dailynewshungary.com\/de\/neuer-ausenpolitischer-plan-in-ungarn-ruckkehr-eines-osterreichisch-ungarischen-bundnisses\/","title":{"rendered":"Neuer au\u00dfenpolitischer Plan in Ungarn: R\u00fcckkehr eines \u00f6sterreichisch-ungarischen B\u00fcndnisses?"},"content":{"rendered":"<p><strong>Die Vision des neuen Premierministers deutet darauf hin, dass Mitteleuropa zu einem neuen Machtzentrum innerhalb der EU werden k\u00f6nnte, wenn die politischen Beziehungen zu \u00d6sterreich auf der Grundlage gemeinsamer historischer und wirtschaftlicher Bindungen wieder vertieft w\u00fcrden.<\/strong><\/p>\n\n\n\n<h2 class=\"wp-block-heading\">Ein neuer mitteleurop\u00e4ischer Block nimmt Gestalt an<\/h2>\n\n\n\n<p>P\u00e9ter Magyar, der neu gew\u00e4hlte Premierminister Ungarns, hat sich vorgenommen, das politische Gewicht der Region zu erh\u00f6hen. Seine Vision sieht einen neuen regionalen Kooperationsrahmen vor, der die Stimme Mitteleuropas in Br\u00fcssel st\u00e4rken k\u00f6nnte und in dem Ungarn, \u00d6sterreich, die Tschechische Republik, die Slowakei und teilweise Polen eine Schl\u00fcsselrolle spielen w\u00fcrden.<\/p>\n\n\n\n<p>Der Politiker hat auch vorgeschlagen, die Visegr\u00e1d-Gruppe und das Slavkov-Format aufeinander abzustimmen und so m\u00f6glicherweise ein neues integriertes Kooperationssystem zu schaffen. Innerhalb dieser Struktur w\u00fcrde die mitteleurop\u00e4ische Allianz nicht nur als politische Plattform, sondern auch als wirtschaftlicher Koordinierungsmechanismus fungieren.<\/p>\n\n\n\n<h2 class=\"wp-block-heading\">Zusammenlegung von Visegr\u00e1d und Slavkov<\/h2>\n\n\n\n<p>Der Plan sieht vor, dass die Visegr\u00e1d-Vier (Ungarn, Polen, die Tschechische Republik und die Slowakei) und das Slavkov-Dreieck (\u00d6sterreich, die Tschechische Republik und die Slowakei) zu einem einzigen Rahmen zusammengef\u00fchrt werden. Dies w\u00fcrde die F\u00e4higkeit der Region, Einfluss auf die Entscheidungsfindung der EU zu nehmen, deutlich erh\u00f6hen.<\/p>\n\n\n\n<figure class=\"wp-block-image aligncenter size-full is-resized\"><img decoding=\"async\" src=\"https:\/\/dailynewshungary.b-cdn.net\/wp-content\/uploads\/2026\/04\/central-europe-alliance.webp\" alt=\"Alliance, centrl Europe man\" class=\"wp-image-695154\" style=\"width:492px;height:auto\"\/><figcaption class=\"wp-element-caption\">Die Region Mitteleuropa. Quelle. <a href=\"https:\/\/depositphotos.com\/photo\/central-europe-34729571.html\" target=\"_blank\" rel=\"noopener\">depositphotos.com<\/a><\/figcaption><\/figure>\n\n<p>Laut Magyar ist das mitteleurop\u00e4ische B\u00fcndnis nicht als neue imperiale Struktur gedacht, sondern als pragmatische Form der Zusammenarbeit auf der Grundlage gemeinsamer wirtschaftlicher und politischer Interessen. Die Initiative entspringt der Erkenntnis, dass einzelne Staaten in Br\u00fcssel eine schw\u00e4chere Verhandlungsposition haben, wenn sie alleine handeln.<\/p>\n\n\n\n<h2 class=\"wp-block-heading\">EU-Gelder und wirtschaftliche Interessen<\/h2>\n\n\n\n<p>Eine der wichtigsten Triebfedern f\u00fcr die regionale Zusammenarbeit ist der verbesserte Zugang zu EU-Mitteln. Ungarn bem\u00fcht sich derzeit um die Freigabe von rund 18 Milliarden Euro an eingefrorenen EU-Mitteln sowie um den Zugang zu 16 Milliarden Euro an Verteidigungskrediten.<\/p>\n\n\n\n<p>Die Bef\u00fcrworter der mitteleurop\u00e4ischen Allianz argumentieren, dass ein koordiniertes Vorgehen dazu beitragen k\u00f6nnte, die Koh\u00e4sionsfonds effektiver zu sichern. Die L\u00e4nder in der Region sind \u00e4hnlich gro\u00df und haben gemeinsame wirtschaftliche Interessen, was ein starkes Fundament f\u00fcr die Bildung eines neuen Blocks sein k\u00f6nnte, wie <a href=\"https:\/\/www.politico.eu\/article\/peter-magyar-wants-put-austro-hungarian-empire-back-map\/\" target=\"_blank\" rel=\"noopener\">Politico<\/a> berichtet.<\/p>\n\n\n\n<h2 class=\"wp-block-heading\">\u00d6sterreichs Schl\u00fcsselrolle und historische Parallelen<\/h2>\n\n\n\n<p>\u00d6sterreich k\u00f6nnte eine Schl\u00fcsselrolle in der neuen Zusammenarbeit spielen: mit \u00fcber 11,7 Milliarden Euro an Investitionen ist es nach Deutschland der zweitgr\u00f6\u00dfte ausl\u00e4ndische Investor in Ungarn. Dar\u00fcber hinaus arbeiten rund 134.000 Ungarn in \u00d6sterreich.<\/p>\n\n\n\n<p>Der politische Dialog wurde durch Treffen zwischen P\u00e9ter Magyar und dem \u00f6sterreichischen Bundeskanzler auf der M\u00fcnchner Sicherheitskonferenz gest\u00e4rkt. Die Idee eines mitteleurop\u00e4ischen B\u00fcndnisses tauchte dort erstmals als konkretes politisches Thema auf und wurde von beiden Seiten mit Offenheit aufgenommen.<\/p>\n\n\n\n<h2 class=\"wp-block-heading\">Au\u00dfenpolitische Bruchlinien \u00fcber die Ukraine<\/h2>\n\n\n\n<p>W\u00e4hrend wirtschaftliche Interessen die Region verbinden, f\u00fchrt die Frage der Ukraine zu erheblichen Spaltungen. Polen und \u00d6sterreich pl\u00e4dieren f\u00fcr eine weitere Unterst\u00fctzung, w\u00e4hrend Ungarn, die Tschechische Republik und die Slowakei eine zur\u00fcckhaltendere Position zum 90 Milliarden Euro schweren Kreditpaket der EU einnehmen.<\/p>\n\n\n\n<p>Diese Divergenz k\u00f6nnte eine Herausforderung f\u00fcr das mitteleurop\u00e4ische B\u00fcndnis darstellen, dessen Einigkeit in geopolitischen Fragen noch nicht vollst\u00e4ndig hergestellt ist. Experten gehen jedoch davon aus, dass Wirtschafts- und Infrastrukturprojekte weiterhin ein starkes gemeinsames Fundament bilden.<\/p>\n\n\n\n<p><strong>Falls Sie es verpasst haben:<\/strong><\/p>\n\n\n\n<ul class=\"wp-block-list\">\n<li><a href=\"https:\/\/dailynewshungary.com\/de\/ehemaliger-ungarischer-zentralbankgouverneur-matolcsy-sagt-die-vorwurfe-gegen-ihn-seien-unbegrundet\/\/\">Ehemaliger ungarischer Zentralbankgouverneur Matolcsy sagt, die Anschuldigungen gegen ihn seien &#8220;unbegr\u00fcndet<\/a><\/li>\n<\/ul>\n","protected":false},"excerpt":{"rendered":"<p>Die Vision des neuen Premierministers deutet darauf hin, dass Mitteleuropa zu einem neuen Machtzentrum innerhalb der EU werden k\u00f6nnte, wenn die politischen Beziehungen zu \u00d6sterreich auf der Grundlage gemeinsamer historischer und wirtschaftlicher Bindungen wieder vertieft w\u00fcrden. Ein neuer mitteleurop\u00e4ischer Block nimmt Gestalt an P\u00e9ter Magyar, der neu gew\u00e4hlte Premierminister Ungarns, hat sich vorgenommen, das politische [&hellip;]<\/p>\n","protected":false},"author":91,"featured_media":786876,"comment_status":"open","ping_status":"open","sticky":false,"template":"","format":"standard","meta":{"_acf_changed":false,"_display_image":"yes","footnotes":""},"categories":[4426],"tags":[1082,2026,4482,4685,1129,1076],"class_list":["post-786875","post","type-post","status-publish","format-standard","has-post-thumbnail","hentry","category-eu","tag-europaische-union","tag-kategorie-politik","tag-kategorie-ungarische-politik","tag-magyar-regierung-2","tag-osterreich","tag-ungarn"],"blocksy_meta":[],"acf":[],"author_username":"api","telegram_post":"","public_post_metadata":{"breaking_news":"yes","important":"no","csempe":"yes","center_tile":"no","disable_thumbnail":"no","target_lang":"","_featured_image_style":"default","telegram_post":"","_xlat_group_id":"afabee7b-d001-4628-b046-a37d1c95a0af"},"public_rank_math_data":{"title":"Neuer au\u00dfenpolitischer Plan: R\u00fcckkehr des \u00f6sterreichisch-ungarischen B\u00fcndnisses?","description":"Magyar meint, dass Mitteleuropa durch ein B\u00fcndnis mit \u00d6sterreich auf der Grundlage wirtschaftlicher und historischer Bindungen ein EU-Machtzentrum werden k\u00f6nnte.","focus_keyword":"B\u00fcndnis","canonical_url":"","robots":"","primary_category":"4426","breadcrumb_title":"","facebook_title":"","facebook_description":"","facebook_image":"","facebook_image_id":"","twitter_title":"","twitter_description":"","twitter_image":"","twitter_image_id":"","twitter_card_type":"","twitter_use_facebook":"","advanced_robots":"","pillar_content":"","seo_score":"74","contentai_score":"","rich_snippet":""},"_links":{"self":[{"href":"https:\/\/dailynewshungary.com\/de\/wp-json\/wp\/v2\/posts\/786875","targetHints":{"allow":["GET"]}}],"collection":[{"href":"https:\/\/dailynewshungary.com\/de\/wp-json\/wp\/v2\/posts"}],"about":[{"href":"https:\/\/dailynewshungary.com\/de\/wp-json\/wp\/v2\/types\/post"}],"author":[{"embeddable":true,"href":"https:\/\/dailynewshungary.com\/de\/wp-json\/wp\/v2\/users\/91"}],"replies":[{"embeddable":true,"href":"https:\/\/dailynewshungary.com\/de\/wp-json\/wp\/v2\/comments?post=786875"}],"version-history":[{"count":0,"href":"https:\/\/dailynewshungary.com\/de\/wp-json\/wp\/v2\/posts\/786875\/revisions"}],"wp:featuredmedia":[{"embeddable":true,"href":"https:\/\/dailynewshungary.com\/de\/wp-json\/wp\/v2\/media\/786876"}],"wp:attachment":[{"href":"https:\/\/dailynewshungary.com\/de\/wp-json\/wp\/v2\/media?parent=786875"}],"wp:term":[{"taxonomy":"category","embeddable":true,"href":"https:\/\/dailynewshungary.com\/de\/wp-json\/wp\/v2\/categories?post=786875"},{"taxonomy":"post_tag","embeddable":true,"href":"https:\/\/dailynewshungary.com\/de\/wp-json\/wp\/v2\/tags?post=786875"}],"curies":[{"name":"wp","href":"https:\/\/api.w.org\/{rel}","templated":true}]}}