{"id":786879,"date":"2026-04-27T07:34:00","date_gmt":"2026-04-27T05:34:00","guid":{"rendered":"https:\/\/dailynewshungary.com\/de\/vermogen-der-ungarischen-elite-unter-orban-wird-nach-der-wahlniederlage-aus-wien-ausgeflogen-bericht\/"},"modified":"2026-04-27T07:34:00","modified_gmt":"2026-04-27T05:34:00","slug":"vermogen-der-ungarischen-elite-unter-orban-wird-nach-der-wahlniederlage-aus-wien-ausgeflogen-bericht","status":"publish","type":"post","link":"https:\/\/dailynewshungary.com\/de\/vermogen-der-ungarischen-elite-unter-orban-wird-nach-der-wahlniederlage-aus-wien-ausgeflogen-bericht\/","title":{"rendered":"Verm\u00f6gen der ungarischen Elite unter Orb\u00e1n wird nach der Wahlniederlage aus Wien ausgeflogen \u2013 Bericht"},"content":{"rendered":"<p><strong>Einem Bericht des Guardian zufolge sind regelm\u00e4\u00dfig Privatjets von Wien aus gestartet, die angeblich das Verm\u00f6gen von Personen transportieren, die w\u00e4hrend der Regierungszeit von Viktor Orb\u00e1n zu Wohlstand gekommen sind.<\/strong><\/p>\n\n\n\n<p>Die britische Zeitung berichtete am Sonntag unter Berufung auf ungenannte Quellen, die der ungarischen Regierungspartei nahestehen, dass diese Fl\u00fcge Teil der Bem\u00fchungen von Mitgliedern der politischen und wirtschaftlichen Elite sind, ihr Verm\u00f6gen ins Ausland zu verlagern.<\/p>\n\n\n\n<h2 class=\"wp-block-heading\">Verm\u00f6gen angeblich in den Nahen Osten und dar\u00fcber hinaus verlagert<\/h2>\n\n\n\n<p>Quellen berichteten <a href=\"https:\/\/www.theguardian.com\/world\/2026\/apr\/26\/viktor-orban-associates-wealth-hungary-election\" target=\"_blank\" rel=\"noopener\">dem Guardian<\/a>, dass einige Personen ihr Verm\u00f6gen &#8220;eilig&#8221; im Ausland anlegen wollen, w\u00e4hrend einige ehemalige hochrangige Mitglieder der Regierung Orb\u00e1n nach M\u00f6glichkeiten suchen, US-Visa zu erhalten. Diese Bem\u00fchungen werden Berichten zufolge von der Hoffnung angetrieben, sich Positionen in Institutionen zu sichern, die mit der politischen Bewegung von Donald Trump verbunden sind.<\/p>\n\n\n\n<p>Der Bericht behauptet, dass seit den ungarischen Parlamentswahlen am 12. April bereits drei Mitglieder von Orb\u00e1ns innerem Kreis damit begonnen haben, ihr Verm\u00f6gen ins Ausland zu transferieren.<\/p>\n\n\n\n<p>Zwei Quellen mit Verbindungen zur Regierungspartei sagten der Zeitung, dass Verm\u00f6gen in L\u00e4nder wie Saudi-Arabien, Oman und die Vereinigten Arabischen Emirate verlagert werden, w\u00e4hrend andere Berichten zufolge Australien und Singapur als bevorzugte Ziele anvisieren.<\/p>\n\n\n\n<pre class=\"wp-block-verse has-text-align-center has-juicy-peach-gradient-background has-background\"><strong>Falls Sie es verpasst haben: <a href=\"https:\/\/dailynewshungary.com\/de\/peter-magyar-enge-kreise-des-fruheren-premierministers-orban-sparen-zehn-millionen-euro-im-ausland\/\/\">P\u00e9ter Magyar: Enger Kreis des fr\u00fcheren Premierministers Orb\u00e1n spart zehn Millionen Euro im Ausland<\/a><\/strong><\/pre>\n\n<h2 class=\"wp-block-heading\">Pl\u00e4ne f\u00fcr einen l\u00e4ngeren Aufenthalt in den Vereinigten Staaten<\/h2>\n\n\n\n<p>Eine andere Quelle, die Verbindungen zur scheidenden Regierungspartei haben soll, erkl\u00e4rte gegen\u00fcber The Guardian, dass Orb\u00e1n voraussichtlich zu Beginn der bevorstehenden Fu\u00dfballweltmeisterschaft in die Vereinigten Staaten reisen wird, wo er m\u00f6glicherweise mehrere Wochen bleiben wird.<\/p>\n\n\n\n<p>Der gleichen Quelle zufolge war die Reise schon lange vor der Wahl geplant, aus der die von P\u00e9ter Magyar gef\u00fchrte Thei\u00df-Partei als Sieger hervorging.<\/p>\n\n\n\n<p>W\u00e4hrend der genaue Ort von Orb\u00e1ns Aufenthalt in den Vereinigten Staaten unklar bleibt, stellt die Zeitung fest, dass seine Tochter und sein Schwiegersohn letzten Sommer <a href=\"https:\/\/dailynewshungary.com\/de\/was-steckt-hinter-dem-trubel-die-alteste-tochter-von-premierminister-orban-rahel-orban-zieht-moglicherweise-mit-ihrer-familie-ins-ausland\/\/\">nach New York gezogen sind<\/a>.<\/p>\n\n\n\n<pre class=\"wp-block-verse has-text-align-center has-juicy-peach-gradient-background has-background\"><strong>Falls Sie es verpasst haben: <a href=\"https:\/\/dailynewshungary.com\/de\/warum-sollte-der-scheidende-premierminister-orban-fur-langere-zeit-in-den-vereinigten-staaten-bleiben\/\/\">Warum sollte der scheidende Premierminister Orb\u00e1n f\u00fcr l\u00e4ngere Zeit in den Vereinigten Staaten bleiben?<\/a><\/strong><\/pre>","protected":false},"excerpt":{"rendered":"<p>Einem Bericht des Guardian zufolge sind regelm\u00e4\u00dfig Privatjets von Wien aus gestartet, die angeblich das Verm\u00f6gen von Personen transportieren, die w\u00e4hrend der Regierungszeit von Viktor Orb\u00e1n zu Wohlstand gekommen sind. Die britische Zeitung berichtete am Sonntag unter Berufung auf ungenannte Quellen, die der ungarischen Regierungspartei nahestehen, dass diese Fl\u00fcge Teil der Bem\u00fchungen von Mitgliedern der [&hellip;]<\/p>\n","protected":false},"author":62,"featured_media":786880,"comment_status":"open","ping_status":"open","sticky":false,"template":"","format":"standard","meta":{"_acf_changed":false,"_display_image":"yes","footnotes":""},"categories":[1081],"tags":[4482,1279,4691,1129,1076,1157,1128],"class_list":["post-786879","post","type-post","status-publish","format-standard","has-post-thumbnail","hentry","category-politik","tag-kategorie-ungarische-politik","tag-korruption","tag-orban-regierung-2","tag-osterreich","tag-ungarn","tag-vereinigte-staaten","tag-viktor-orban"],"blocksy_meta":[],"acf":[],"author_username":"hmercedesz","telegram_post":"","public_post_metadata":{"breaking_news":"yes","important":"yes","csempe":"yes","center_tile":"no","disable_thumbnail":"no","target_lang":"","_featured_image_style":"default","telegram_post":"","_xlat_group_id":"0448d11d-c8d3-4cff-99b2-a86c5ccb7ea1"},"public_rank_math_data":{"title":"%title% %sep% %sitename%","description":"","focus_keyword":"orb\u00e1n","canonical_url":"","robots":"","primary_category":"1081","breadcrumb_title":"","facebook_title":"","facebook_description":"","facebook_image":"","facebook_image_id":"","twitter_title":"","twitter_description":"","twitter_image":"","twitter_image_id":"","twitter_card_type":"","twitter_use_facebook":"","advanced_robots":"","pillar_content":"","seo_score":"78","contentai_score":"","rich_snippet":""},"_links":{"self":[{"href":"https:\/\/dailynewshungary.com\/de\/wp-json\/wp\/v2\/posts\/786879","targetHints":{"allow":["GET"]}}],"collection":[{"href":"https:\/\/dailynewshungary.com\/de\/wp-json\/wp\/v2\/posts"}],"about":[{"href":"https:\/\/dailynewshungary.com\/de\/wp-json\/wp\/v2\/types\/post"}],"author":[{"embeddable":true,"href":"https:\/\/dailynewshungary.com\/de\/wp-json\/wp\/v2\/users\/62"}],"replies":[{"embeddable":true,"href":"https:\/\/dailynewshungary.com\/de\/wp-json\/wp\/v2\/comments?post=786879"}],"version-history":[{"count":0,"href":"https:\/\/dailynewshungary.com\/de\/wp-json\/wp\/v2\/posts\/786879\/revisions"}],"wp:featuredmedia":[{"embeddable":true,"href":"https:\/\/dailynewshungary.com\/de\/wp-json\/wp\/v2\/media\/786880"}],"wp:attachment":[{"href":"https:\/\/dailynewshungary.com\/de\/wp-json\/wp\/v2\/media?parent=786879"}],"wp:term":[{"taxonomy":"category","embeddable":true,"href":"https:\/\/dailynewshungary.com\/de\/wp-json\/wp\/v2\/categories?post=786879"},{"taxonomy":"post_tag","embeddable":true,"href":"https:\/\/dailynewshungary.com\/de\/wp-json\/wp\/v2\/tags?post=786879"}],"curies":[{"name":"wp","href":"https:\/\/api.w.org\/{rel}","templated":true}]}}