{"id":786881,"date":"2026-04-27T08:54:00","date_gmt":"2026-04-27T06:54:00","guid":{"rendered":"https:\/\/dailynewshungary.com\/de\/regierungsnahe-tageszeitung-muss-sich-beim-designierten-premierminister-magyar-wegen-insekten-beleidigungen-entschuldigen\/"},"modified":"2026-04-27T08:54:00","modified_gmt":"2026-04-27T06:54:00","slug":"regierungsnahe-tageszeitung-muss-sich-beim-designierten-premierminister-magyar-wegen-insekten-beleidigungen-entschuldigen","status":"publish","type":"post","link":"https:\/\/dailynewshungary.com\/de\/regierungsnahe-tageszeitung-muss-sich-beim-designierten-premierminister-magyar-wegen-insekten-beleidigungen-entschuldigen\/","title":{"rendered":"Regierungsnahe Tageszeitung muss sich beim designierten Premierminister Magyar wegen \u201cInsekten\u201d-Beleidigungen entschuldigen"},"content":{"rendered":"<p><strong>Ein ungarisches Gericht hat die regierungsnahe Tageszeitung Magyar Nemzet angewiesen, sich bei dem designierten Premierminister P\u00e9ter Magyar zu entschuldigen und auf eine menschenverachtende Berichterstattung \u00fcber ihn zu verzichten.<\/strong><\/p>\n\n\n\n<h2 class=\"wp-block-heading\">Gericht stellt Verletzung von W\u00fcrde und Ansehen fest<\/h2>\n\n\n\n<p>In dem Urteil wird festgestellt, dass <a href=\"https:\/\/magyarnemzet.hu\/\" target=\"_blank\" rel=\"noopener\">Magyar Nemzet<\/a> die Pers\u00f6nlichkeitsrechte von P\u00e9ter Magyar verletzt hat, indem sie ihn in Artikeln und Illustrationen, die im M\u00e4rz 2025 ver\u00f6ffentlicht wurden, wiederholt als Insekt darstellte.<\/p>\n\n\n\n<p>Nach Ansicht des Gerichts verletzte die Berichterstattung sein Recht auf Menschenw\u00fcrde und Schutz des Rufes. Infolgedessen wurde der Zeitung untersagt, \u00e4hnliche Aussagen oder Bilder in Zukunft zu wiederholen.<\/p>\n\n\n\n<p>Die Publikation wurde au\u00dferdem verpflichtet, eine <a href=\"https:\/\/magyarnemzet.hu\/belfold\/2026\/04\/kozlemeny-a-magyar-petert-poloskanak-nevezo-irasunk-miatt\" target=\"_blank\" rel=\"noopener\">f\u00f6rmliche Entschuldigung<\/a> auszusprechen und diese 24 Stunden lang an prominenter Stelle auf ihrer Website zu ver\u00f6ffentlichen:<\/p>\n\n\n\n<figure class=\"wp-block-image aligncenter size-full\"><img decoding=\"async\" src=\"https:\/\/dailynewshungary.b-cdn.net\/wp-content\/uploads\/2026\/04\/magyar-nemzet-poloska-peter-magyar-apology.webp\" alt=\"magyar nemzet poloska insect p\u00e9ter magyar apology\" class=\"wp-image-695482\"\/><figcaption class=\"wp-element-caption\">Screenshot: <a href=\"https:\/\/magyarnemzet.hu\/belfold\/2026\/04\/kozlemeny-a-magyar-petert-poloskanak-nevezo-irasunk-miatt\" target=\"_blank\" rel=\"noopener\">Magyar Nemzet<\/a><\/figcaption><\/figure>\n\n<h2 class=\"wp-block-heading\">Entschuldigung nach Gerichtsbeschluss ver\u00f6ffentlicht<\/h2>\n\n\n\n<p>In einer Erkl\u00e4rung, die auf ihren Plattformen ver\u00f6ffentlicht wurde, dr\u00fcckte Magyar Nemzet ihr Bedauern \u00fcber den Inhalt aus, in dem der neue Premierminister in abf\u00e4lliger Sprache und mit abf\u00e4lligen Bildern erw\u00e4hnt wurde.<\/p>\n\n\n\n<p>In der Entschuldigung wurde einger\u00e4umt, dass die Zeitung ihn mit beleidigenden Ausdr\u00fccken beschrieben und Illustrationen ver\u00f6ffentlicht hatte, die ihn als Insekt darstellten, was vom Gericht als unrechtm\u00e4\u00dfig eingestuft wurde.<\/p>\n\n\n\n<p>Die Zeitung erkl\u00e4rte, dass sie es in Zukunft unterlassen werde, Magyar &#8220;in irgendeinem Zusammenhang&#8221; mit solchen Begriffen zu bezeichnen oder ihn in einer entmenschlichenden Weise darzustellen.<\/p>\n\n\n\n<h2 class=\"wp-block-heading\">Kontroverse Berichterstattung und Bildmaterial<\/h2>\n\n\n\n<p>Der Fall konzentrierte sich auf mehrere Artikel und Bildmaterial, die im M\u00e4rz 2025 ver\u00f6ffentlicht wurden. Dazu geh\u00f6rten Schlagzeilen und Bilder, die den Politiker als Insekt darstellten und eine aufr\u00fchrerische Sprache verwendeten, in der vorgeschlagen wurde, dass er &#8220;entfernt&#8221; werden sollte.<\/p>\n\n\n\n<p>Das Gericht beanstandete auch begleitende Illustrationen, darunter Bilder, die symbolisch darstellten, dass der Figur, die Magyar repr\u00e4sentierte, Schaden zugef\u00fcgt wurde.<\/p>\n\n\n\n<h2 class=\"wp-block-heading\">Politische Hintergr\u00fcnde und Reaktion<\/h2>\n\n\n\n<p>Die Sprache, die in der Berichterstattung verwendet wurde, spiegelte die Rhetorik wider, die zuvor im politischen Diskurs Ungarns aufgetaucht war, einschlie\u00dflich der Aussagen des scheidenden Premierministers Viktor Orb\u00e1n w\u00e4hrend einer <a href=\"https:\/\/dailynewshungary.com\/de\/premierminister-orban-beauftragte-das-nationale-informationszentrum-die-liste-der-vom-ausland-finanzierten-ngos-und-medien-zusammenzustellen\/\/\">nationalen Ansprache im Jahr 2025<\/a>.<\/p>\n\n\n\n<p>Der gew\u00e4hlte Premierminister reagierte auf das Urteil <a href=\"https:\/\/www.facebook.com\/photo.php?fbid=27225587440382346&amp;set=pb.100000733720126.-2207520000&amp;type=3&amp;locale=hu_HU\" target=\"_blank\" rel=\"noopener\">in den sozialen Medien<\/a> und wies auf den Kontrast zwischen dem fr\u00fcheren Ton der Berichterstattung und der nun vom Gericht geforderten formellen Entschuldigung hin. Er deutete an, dass der Sender in Zukunft auf \u00e4hnliche Formulierungen verzichten k\u00f6nnte, und kritisierte, was er als fortgesetzte Fehlinformation bezeichnete.<\/p>\n\n\n\n<iframe loading=\"lazy\" src=\"https:\/\/www.facebook.com\/plugins\/post.php?href=https%3A%2F%2Fwww.facebook.com%2Fpeter.magyar.102%2Fposts%2Fpfbid0w554NichB2HsQ8VQwPC11Q6jn9MKfZaF5tPikAPi82Aazyj5L3A7d67m3hr9LwV8l&#038;show_text=true&#038;width=500\" width=\"500\" height=\"653\" style=\"border:none;overflow:hidden\" scrolling=\"no\" frameborder=\"0\" allowfullscreen=\"true\" allow=\"autoplay; clipboard-write; encrypted-media; picture-in-picture; web-share\"><\/iframe>\n\n\n\n<pre class=\"wp-block-verse has-text-align-center has-juicy-peach-gradient-background has-background\"><strong>Falls Sie es verpasst haben: <a href=\"https:\/\/dailynewshungary.com\/de\/vermogen-der-ungarischen-elite-unter-orban-wird-nach-der-wahlniederlage-aus-wien-ausgeflogen-bericht\/\/\">Bericht: Reichtum von Ungarns Elite unter Orb\u00e1n wird nach Wahlniederlage aus Wien ausgeflogen - UPDATE: Steuerbeh\u00f6rde<\/a><\/strong><\/pre>","protected":false},"excerpt":{"rendered":"<p>Ein ungarisches Gericht hat die regierungsnahe Tageszeitung Magyar Nemzet angewiesen, sich bei dem designierten Premierminister P\u00e9ter Magyar zu entschuldigen und auf eine menschenverachtende Berichterstattung \u00fcber ihn zu verzichten. Gericht stellt Verletzung von W\u00fcrde und Ansehen fest In dem Urteil wird festgestellt, dass Magyar Nemzet die Pers\u00f6nlichkeitsrechte von P\u00e9ter Magyar verletzt hat, indem sie ihn in [&hellip;]<\/p>\n","protected":false},"author":62,"featured_media":786882,"comment_status":"open","ping_status":"open","sticky":false,"template":"","format":"standard","meta":{"_acf_changed":false,"_display_image":"yes","footnotes":""},"categories":[4385],"tags":[4585,2026,4482,4691,4673,1076,1128],"class_list":["post-786881","post","type-post","status-publish","format-standard","has-post-thumbnail","hentry","category-verbrechen","tag-kategorie-leben-in-ungarn","tag-kategorie-politik","tag-kategorie-ungarische-politik","tag-orban-regierung-2","tag-peter-magyar","tag-ungarn","tag-viktor-orban"],"blocksy_meta":[],"acf":[],"author_username":"hmercedesz","telegram_post":"","public_post_metadata":{"breaking_news":"yes","important":"no","csempe":"yes","center_tile":"no","disable_thumbnail":"no","target_lang":"","_featured_image_style":"default","telegram_post":"","_xlat_group_id":"9cd399ff-d2cb-4a06-a1d3-99983c122803"},"public_rank_math_data":{"title":"%title% %sep% %sitename%","description":"","focus_keyword":"magyar","canonical_url":"","robots":"","primary_category":"4385","breadcrumb_title":"","facebook_title":"","facebook_description":"","facebook_image":"","facebook_image_id":"","twitter_title":"","twitter_description":"","twitter_image":"","twitter_image_id":"","twitter_card_type":"","twitter_use_facebook":"","advanced_robots":"","pillar_content":"","seo_score":"79","contentai_score":"","rich_snippet":""},"_links":{"self":[{"href":"https:\/\/dailynewshungary.com\/de\/wp-json\/wp\/v2\/posts\/786881","targetHints":{"allow":["GET"]}}],"collection":[{"href":"https:\/\/dailynewshungary.com\/de\/wp-json\/wp\/v2\/posts"}],"about":[{"href":"https:\/\/dailynewshungary.com\/de\/wp-json\/wp\/v2\/types\/post"}],"author":[{"embeddable":true,"href":"https:\/\/dailynewshungary.com\/de\/wp-json\/wp\/v2\/users\/62"}],"replies":[{"embeddable":true,"href":"https:\/\/dailynewshungary.com\/de\/wp-json\/wp\/v2\/comments?post=786881"}],"version-history":[{"count":0,"href":"https:\/\/dailynewshungary.com\/de\/wp-json\/wp\/v2\/posts\/786881\/revisions"}],"wp:featuredmedia":[{"embeddable":true,"href":"https:\/\/dailynewshungary.com\/de\/wp-json\/wp\/v2\/media\/786882"}],"wp:attachment":[{"href":"https:\/\/dailynewshungary.com\/de\/wp-json\/wp\/v2\/media?parent=786881"}],"wp:term":[{"taxonomy":"category","embeddable":true,"href":"https:\/\/dailynewshungary.com\/de\/wp-json\/wp\/v2\/categories?post=786881"},{"taxonomy":"post_tag","embeddable":true,"href":"https:\/\/dailynewshungary.com\/de\/wp-json\/wp\/v2\/tags?post=786881"}],"curies":[{"name":"wp","href":"https:\/\/api.w.org\/{rel}","templated":true}]}}