{"id":786883,"date":"2026-04-27T10:14:00","date_gmt":"2026-04-27T08:14:00","guid":{"rendered":"https:\/\/dailynewshungary.com\/de\/fidesz-abgeordneter-mutter-von-peter-magyar-hat-verleumdungsklage-gegen-mich-eingereicht\/"},"modified":"2026-04-27T10:14:00","modified_gmt":"2026-04-27T08:14:00","slug":"fidesz-abgeordneter-mutter-von-peter-magyar-hat-verleumdungsklage-gegen-mich-eingereicht","status":"publish","type":"post","link":"https:\/\/dailynewshungary.com\/de\/fidesz-abgeordneter-mutter-von-peter-magyar-hat-verleumdungsklage-gegen-mich-eingereicht\/","title":{"rendered":"Fidesz-Abgeordneter: Mutter von P\u00e9ter Magyar hat Verleumdungsklage gegen mich eingereicht"},"content":{"rendered":"<p><strong>Der Fidesz-Europaabgeordnete Tam\u00e1s Deutsch hat erkl\u00e4rt, dass die Mutter des designierten Premierministers P\u00e9ter Magyar in einem Streit um die Unparteilichkeit der Justiz eine Verleumdungsklage gegen ihn eingereicht hat.<\/strong><\/p>\n\n\n\n<h2 class=\"wp-block-heading\">Deutsch best\u00e4tigt Klage wegen \u00f6ffentlicher \u00c4u\u00dferungen<\/h2>\n\n\n\n<p>Tam\u00e1s Deutsch gab <a href=\"https:\/\/www.facebook.com\/dajcstomi\/posts\/pfbid02DDz3TQVDf3RM5DyEf8KkGycw55f9F1PSpY3z9eNa3bipZKxsijX7D6NB7SG9L2Ayl\" target=\"_blank\" rel=\"noopener\">in den sozialen Medien<\/a> bekannt, dass M\u00f3nika Er\u0151ss, die Mutter von P\u00e9ter Magyar, eine Klage wegen Verleumdung eingereicht hat.<\/p>\n\n\n\n<p>Laut Deutsch bezieht sich die Klage auf \u00c4u\u00dferungen, die er \u00f6ffentlich gemacht hat. Dabei ging es um die Behauptung, dass ein Richter, der in einen hochkar\u00e4tigen Medienfall verwickelt war, Verbindungen zur Theiss-Partei hatte.<\/p>\n\n\n\n<p>Er sagte, seine Bemerkungen basierten auf Berichten, die aus einem anonymen Posting in den sozialen Medien stammten, in dem behauptet wurde, dass Daten, die mit dem Richter in Verbindung stehen, unter den <a href=\"https:\/\/dailynewshungary.com\/de\/ungarisches-touristenhaus-des-jahres-erwartet-sie-mit-einem-atemberaubenden-panorama-fotos\/\/\">Informationen<\/a> aus einer parteibezogenen Anwendung aufgetaucht seien.<\/p>\n\n\n\n<h2 class=\"wp-block-heading\">Streit um umstrittenes Gerichtsurteil<\/h2>\n\n\n\n<p>Der Fall steht im Zusammenhang mit einem Gerichtsurteil vom Dezember 2025, das <a href=\"https:\/\/444.hu\/2025\/12\/19\/magyar-peter-a-torvenyszek-megtiltotta-a-bors-tiszas-kulonszamanak-terjeszteset\" target=\"_blank\" rel=\"noopener\">den Vertrieb<\/a> einer Sonderausgabe der Zeitung Bors <a href=\"https:\/\/444.hu\/2025\/12\/19\/magyar-peter-a-torvenyszek-megtiltotta-a-bors-tiszas-kulonszamanak-terjeszteset\" target=\"_blank\" rel=\"noopener\">untersagte<\/a>, die sich mit der angeblichen Wirtschaftspolitik der Theiss-Partei befasst hatte.<\/p>\n\n\n\n<p>Das Urteil wurde von einigen regierungsfreundlichen Personen als beispiellos bezeichnet. Deutsch behauptete, der zust\u00e4ndige Richter sei politisch voreingenommen gewesen, eine Behauptung, die nicht von unabh\u00e4ngiger Seite \u00fcberpr\u00fcft wurde.<\/p>\n\n\n\n<p>In seiner Erkl\u00e4rung bezog sich Deutsch auch auf Magyars famili\u00e4ren Hintergrund und wies darauf hin, dass seine Mutter fr\u00fcher eine hohe Position in der Justiz innehatte.<\/p>\n\n\n\n<figure class=\"wp-block-image aligncenter size-full\"><img loading=\"lazy\" decoding=\"async\" width=\"1024\" height=\"683\" src=\"https:\/\/dailynewshungary.b-cdn.net\/wp-content\/uploads\/2023\/09\/Tamas-Deutsch-Copy.jpg\" alt=\"Hungarian MEP Tam\u00e1s Deutsch fidesz tisza\" class=\"wp-image-571714\" srcset=\"https:\/\/contentf5.dailynewshungary.com\/wp-content\/uploads\/2023\/09\/Tamas-Deutsch-Copy.jpg 1024w, https:\/\/contentf5.dailynewshungary.com\/wp-content\/uploads\/2023\/09\/Tamas-Deutsch-Copy-768x512.jpg 768w, https:\/\/contentf5.dailynewshungary.com\/wp-content\/uploads\/2023\/09\/Tamas-Deutsch-Copy-333x222.jpg 333w, https:\/\/contentf5.dailynewshungary.com\/wp-content\/uploads\/2023\/09\/Tamas-Deutsch-Copy-248x165.jpg 248w, https:\/\/contentf5.dailynewshungary.com\/wp-content\/uploads\/2023\/09\/Tamas-Deutsch-Copy-112x75.jpg 112w, https:\/\/contentf5.dailynewshungary.com\/wp-content\/uploads\/2023\/09\/Tamas-Deutsch-Copy-480x320.jpg 480w\" sizes=\"auto, (max-width: 1024px) 100vw, 1024px\" \/><figcaption class=\"wp-element-caption\">Foto: <a href=\"https:\/\/www.facebook.com\/photo.php?fbid=588313860087856&amp;set=pb.100067277402262.-2207520000&amp;type=3\" target=\"_blank\" rel=\"noopener\">Facebook\/Deutsch Tam\u00e1s<\/a><\/figcaption><\/figure>\n\n<h2 class=\"wp-block-heading\">Starke Rhetorik und juristische Antwort<\/h2>\n\n\n\n<p>Deutsch verteidigte seine \u00c4u\u00dferungen als sachlich und sagte, er werde sich nicht auf die parlamentarische Immunit\u00e4t berufen und f\u00fcgte hinzu, dass er bei Bedarf vor Gericht erscheinen werde.<\/p>\n\n\n\n<p>Er wandte sich direkt an die Mutter von Magyar und schrieb, dass &#8220;einen Anwalt mit einer Klage zu bedrohen, so ist, als w\u00fcrde man einen Koch mit dem Kochen bedrohen&#8221;, und signalisierte damit seine Absicht, den Fall anzufechten.<\/p>\n\n\n\n<p>Au\u00dferdem kritisierte er die Versuche, ihn zum Schweigen zu bringen, und zog Parallelen zu vergangenen politischen Epochen.<\/p>\n\n\n\n<pre class=\"wp-block-verse has-text-align-center has-juicy-peach-gradient-background has-background\"><strong>Falls Sie es verpasst haben: <a href=\"https:\/\/dailynewshungary.com\/de\/vermogen-der-ungarischen-elite-unter-orban-wird-nach-der-wahlniederlage-aus-wien-ausgeflogen-bericht\/\/\">Bericht: Reichtum von Ungarns Elite unter Orb\u00e1n wird nach Wahlniederlage aus Wien ausgeflogen - UPDATE: Steuerbeh\u00f6rde<\/a><\/strong><\/pre>","protected":false},"excerpt":{"rendered":"<p>Der Fidesz-Europaabgeordnete Tam\u00e1s Deutsch hat erkl\u00e4rt, dass die Mutter des designierten Premierministers P\u00e9ter Magyar in einem Streit um die Unparteilichkeit der Justiz eine Verleumdungsklage gegen ihn eingereicht hat. Deutsch best\u00e4tigt Klage wegen \u00f6ffentlicher \u00c4u\u00dferungen Tam\u00e1s Deutsch gab in den sozialen Medien bekannt, dass M\u00f3nika Er\u0151ss, die Mutter von P\u00e9ter Magyar, eine Klage wegen Verleumdung eingereicht [&hellip;]<\/p>\n","protected":false},"author":62,"featured_media":786884,"comment_status":"open","ping_status":"open","sticky":false,"template":"","format":"standard","meta":{"_acf_changed":false,"_display_image":"yes","footnotes":""},"categories":[4446],"tags":[4372,1091,1066,4687,4673],"class_list":["post-786883","post","type-post","status-publish","format-standard","has-post-thumbnail","hentry","category-hungarian","tag-category-politics","tag-fidesz","tag-hungary","tag-orban-government","tag-peter-magyar"],"blocksy_meta":[],"acf":[],"author_username":"hmercedesz","telegram_post":"","public_post_metadata":{"breaking_news":"yes","important":"no","csempe":"yes","center_tile":"no","disable_thumbnail":"no","target_lang":"","_featured_image_style":"default","telegram_post":"","_xlat_group_id":"08e245ea-95df-418f-97e7-f66f4f1aa9ac"},"public_rank_math_data":{"title":"%title% %sep% %sitename%","description":"","focus_keyword":"magyar","canonical_url":"","robots":"","primary_category":"4446","breadcrumb_title":"","facebook_title":"","facebook_description":"","facebook_image":"","facebook_image_id":"","twitter_title":"","twitter_description":"","twitter_image":"","twitter_image_id":"","twitter_card_type":"","twitter_use_facebook":"","advanced_robots":"","pillar_content":"","seo_score":"81","contentai_score":"","rich_snippet":""},"_links":{"self":[{"href":"https:\/\/dailynewshungary.com\/de\/wp-json\/wp\/v2\/posts\/786883","targetHints":{"allow":["GET"]}}],"collection":[{"href":"https:\/\/dailynewshungary.com\/de\/wp-json\/wp\/v2\/posts"}],"about":[{"href":"https:\/\/dailynewshungary.com\/de\/wp-json\/wp\/v2\/types\/post"}],"author":[{"embeddable":true,"href":"https:\/\/dailynewshungary.com\/de\/wp-json\/wp\/v2\/users\/62"}],"replies":[{"embeddable":true,"href":"https:\/\/dailynewshungary.com\/de\/wp-json\/wp\/v2\/comments?post=786883"}],"version-history":[{"count":0,"href":"https:\/\/dailynewshungary.com\/de\/wp-json\/wp\/v2\/posts\/786883\/revisions"}],"wp:featuredmedia":[{"embeddable":true,"href":"https:\/\/dailynewshungary.com\/de\/wp-json\/wp\/v2\/media\/786884"}],"wp:attachment":[{"href":"https:\/\/dailynewshungary.com\/de\/wp-json\/wp\/v2\/media?parent=786883"}],"wp:term":[{"taxonomy":"category","embeddable":true,"href":"https:\/\/dailynewshungary.com\/de\/wp-json\/wp\/v2\/categories?post=786883"},{"taxonomy":"post_tag","embeddable":true,"href":"https:\/\/dailynewshungary.com\/de\/wp-json\/wp\/v2\/tags?post=786883"}],"curies":[{"name":"wp","href":"https:\/\/api.w.org\/{rel}","templated":true}]}}