{"id":786885,"date":"2026-04-27T11:34:00","date_gmt":"2026-04-27T09:34:00","guid":{"rendered":"https:\/\/dailynewshungary.com\/de\/ehemaliger-leiter-der-fidesz-organisation-am-budapester-flughafen-festgenommen\/"},"modified":"2026-04-27T11:34:00","modified_gmt":"2026-04-27T09:34:00","slug":"ehemaliger-leiter-der-fidesz-organisation-am-budapester-flughafen-festgenommen","status":"publish","type":"post","link":"https:\/\/dailynewshungary.com\/de\/ehemaliger-leiter-der-fidesz-organisation-am-budapester-flughafen-festgenommen\/","title":{"rendered":"Ehemaliger Leiter der Fidesz-Organisation am Budapester Flughafen festgenommen"},"content":{"rendered":"<p><strong>Der ehemalige Leiter der Szegediner Organisation der Fidesz-Partei wurde am Freitagabend nach seiner R\u00fcckkehr aus \u00c4gypten am Budapester Flughafen in Gewahrsam genommen. Dies best\u00e4tigte die Nationale Steuer- und Zollverwaltung (NAV) gegen\u00fcber RTL.<\/strong><\/p>\n\n\n\n<p>Der Mann trat am Samstag von seinem Posten zur\u00fcck, nachdem er erfahren hatte, dass ein Haftbefehl gegen ihn ausgestellt worden war, <a href=\"https:\/\/rtl.hu\/hirado\/2026\/04\/26\/rtl-a-repteren-fogtak-el-a-fidesz-nemreg-lemondott-szegedi-elnoket\" target=\"_blank\" rel=\"noopener\">berichtete RTL<\/a>.<\/p>\n\n\n\n<p>Die Beh\u00f6rden erkl\u00e4rten, der Haftbefehl sei im Zusammenhang mit dem Verdacht auf Haushaltsbetrug ausgestellt worden und beruhe auf einer Entscheidung der Kecskem\u00e9t-Einheit der NAV.<\/p>\n\n\n\n<h2 class=\"wp-block-heading\">R\u00fccktritt nach Ver\u00f6ffentlichung des Haftbefehls<\/h2>\n\n\n\n<p>In einer Erkl\u00e4rung teilte die Szegediner Fidesz-Organisation mit, dass Fer\u00edz R\u00e1di &#8220;unmittelbar nach Bekanntwerden der gegen ihn erhobenen Vorw\u00fcrfe&#8221; von seinem Amt zur\u00fcckgetreten ist.<\/p>\n\n\n\n<p>Der R\u00fccktritt erfolgte, nachdem in der Presse bekannt geworden war, dass ein Haftbefehl gegen ihn ausgestellt worden war.<\/p>\n\n\n\n<h2 class=\"wp-block-heading\">Mutma\u00dflicher Fall von Haushaltsbetrug<\/h2>\n\n\n\n<p>Nach offiziellen Angaben bezieht sich der Haftbefehl auf einen mutma\u00dflichen Haushaltsbetrug. Zu diesem Zeitpunkt wurden keine weiteren Details zu dem Fall bekannt gegeben.<\/p>\n\n\n\n<p>Die Festnahme fand am Flughafen statt, kurz nachdem der ehemalige Parteifunktion\u00e4r nach Ungarn zur\u00fcckgekehrt war.<\/p>\n\n\n\n<h2 class=\"wp-block-heading\">Ehemalige DK-Verbindungen und sp\u00e4tere Fidesz-F\u00fchrungsrolle<\/h2>\n\n\n\n<p>Fer\u00edz R\u00e1di wurde 2023 nach dem R\u00fccktritt seines Vorg\u00e4ngers zum Chef des Fidesz-Ortsverbands Szeged ernannt, wie <a href=\"https:\/\/telex.hu\/belfold\/2026\/04\/26\/elfogas-szegedi-fidesz-elnok-nav\" target=\"_blank\" rel=\"noopener\">Telex<\/a> berichtet.<\/p>\n\n\n\n<p>Zuvor hatte er als Landwirtschaftsexperte f\u00fcr die Demokratische Koalition (DK) gearbeitet, was seine sp\u00e4tere Berufung in eine lokale Fidesz-F\u00fchrungsrolle zu dieser Zeit politisch bemerkenswert machte.<\/p>\n\n\n\n<p>Seine Wahl wurde von einigen Politikern als ungew\u00f6hnlich bezeichnet, da er fr\u00fcher in der Oppositionspartei t\u00e4tig war.<\/p>\n\n\n\n<h2 class=\"wp-block-heading\">Akademischer und beruflicher Hintergrund<\/h2>\n\n\n\n<p>Fer\u00edz ist Pflanzengenetiker und Mitglied des \u00f6ffentlichen Organs der Ungarischen Akademie der Wissenschaften.<\/p>\n\n\n\n<p>Er studierte an der Universit\u00e4t von Szeged und promovierte 2021 \u00fcber Maisz\u00fcchtung und die Entwicklung genetischer Ressourcen. Im selben Jahr erhielt er eine Auszeichnung als &#8220;Junger Pflanzenz\u00fcchter des Jahres&#8221;.<\/p>\n\n\n\n<p>Derzeit ist er Gesch\u00e4ftsf\u00fchrer eines Unternehmens, das sich mit dem Vertrieb von hochwertigem Saatgut und D\u00fcngemitteln besch\u00e4ftigt.<\/p>\n\n\n\n<h2 class=\"wp-block-heading\">Fr\u00fchere \u00f6ffentliche \u00c4u\u00dferungen und politische Aktivit\u00e4ten<\/h2>\n\n\n\n<p>Fr\u00fchere \u00f6ffentliche \u00c4u\u00dferungen, die Fer\u00edz zugeschrieben werden, deuten darauf hin, dass er \u00e4gyptischer Herkunft ist und in Ungarn geboren wurde. Er hat sich bereits fr\u00fcher \u00fcber Diskriminierung ge\u00e4u\u00dfert und die Anti-Migrations-Rhetorik in der ungarischen \u00d6ffentlichkeit kritisiert.<\/p>\n\n\n\n<p>Lokalen Berichten zufolge hat er in den letzten Jahren haupts\u00e4chlich von Budapest aus operiert, w\u00e4hrend er offiziell die Parteiorganisation in Szeged leitete.<\/p>\n\n\n\n<h2 class=\"wp-block-heading\">Reaktion der Partei<\/h2>\n\n\n\n<p>Die Szegediner Fidesz-Organisation erkl\u00e4rte, der R\u00fccktritt sei unmittelbar erfolgt, nachdem der Politiker von den gegen ihn erhobenen Vorw\u00fcrfen erfahren hatte. Die Ermittlungen in diesem Fall dauern an.<\/p>\n\n\n\n<pre class=\"wp-block-verse has-text-align-center has-juicy-peach-gradient-background has-background\"><strong>Falls Sie es verpasst haben: <a href=\"https:\/\/dailynewshungary.com\/de\/vermogen-der-ungarischen-elite-unter-orban-wird-nach-der-wahlniederlage-aus-wien-ausgeflogen-bericht\/\/\">Bericht: Reichtum von Ungarns Elite unter Orb\u00e1n wird nach Wahlniederlage aus Wien ausgeflogen - UPDATE: Steuerbeh\u00f6rde<\/a><\/strong><\/pre>","protected":false},"excerpt":{"rendered":"<p>Der ehemalige Leiter der Szegediner Organisation der Fidesz-Partei wurde am Freitagabend nach seiner R\u00fcckkehr aus \u00c4gypten am Budapester Flughafen in Gewahrsam genommen. Dies best\u00e4tigte die Nationale Steuer- und Zollverwaltung (NAV) gegen\u00fcber RTL. Der Mann trat am Samstag von seinem Posten zur\u00fcck, nachdem er erfahren hatte, dass ein Haftbefehl gegen ihn ausgestellt worden war, berichtete RTL. [&hellip;]<\/p>\n","protected":false},"author":62,"featured_media":786886,"comment_status":"open","ping_status":"open","sticky":false,"template":"","format":"standard","meta":{"_acf_changed":false,"_display_image":"yes","footnotes":""},"categories":[4406],"tags":[1161,4457,4500,4372,4520,1091,1066,2405],"class_list":["post-786885","post","type-post","status-publish","format-standard","has-post-thumbnail","hentry","category-life","tag-budapest-airport","tag-category-crime","tag-category-hungarian-politics","tag-category-politics","tag-democratic-coalition-2","tag-fidesz","tag-hungary","tag-police"],"blocksy_meta":[],"acf":[],"author_username":"hmercedesz","telegram_post":"","public_post_metadata":{"breaking_news":"yes","important":"no","csempe":"yes","center_tile":"no","disable_thumbnail":"no","target_lang":"","_featured_image_style":"default","telegram_post":"","_xlat_group_id":"d6200700-be84-4c5d-84b9-d2e606f708a4"},"public_rank_math_data":{"title":"%title% %sep% %sitename%","description":"","focus_keyword":"fidesz","canonical_url":"","robots":"","primary_category":"4406","breadcrumb_title":"","facebook_title":"","facebook_description":"","facebook_image":"","facebook_image_id":"","twitter_title":"","twitter_description":"","twitter_image":"","twitter_image_id":"","twitter_card_type":"","twitter_use_facebook":"","advanced_robots":"","pillar_content":"","seo_score":"80","contentai_score":"","rich_snippet":""},"_links":{"self":[{"href":"https:\/\/dailynewshungary.com\/de\/wp-json\/wp\/v2\/posts\/786885","targetHints":{"allow":["GET"]}}],"collection":[{"href":"https:\/\/dailynewshungary.com\/de\/wp-json\/wp\/v2\/posts"}],"about":[{"href":"https:\/\/dailynewshungary.com\/de\/wp-json\/wp\/v2\/types\/post"}],"author":[{"embeddable":true,"href":"https:\/\/dailynewshungary.com\/de\/wp-json\/wp\/v2\/users\/62"}],"replies":[{"embeddable":true,"href":"https:\/\/dailynewshungary.com\/de\/wp-json\/wp\/v2\/comments?post=786885"}],"version-history":[{"count":0,"href":"https:\/\/dailynewshungary.com\/de\/wp-json\/wp\/v2\/posts\/786885\/revisions"}],"wp:featuredmedia":[{"embeddable":true,"href":"https:\/\/dailynewshungary.com\/de\/wp-json\/wp\/v2\/media\/786886"}],"wp:attachment":[{"href":"https:\/\/dailynewshungary.com\/de\/wp-json\/wp\/v2\/media?parent=786885"}],"wp:term":[{"taxonomy":"category","embeddable":true,"href":"https:\/\/dailynewshungary.com\/de\/wp-json\/wp\/v2\/categories?post=786885"},{"taxonomy":"post_tag","embeddable":true,"href":"https:\/\/dailynewshungary.com\/de\/wp-json\/wp\/v2\/tags?post=786885"}],"curies":[{"name":"wp","href":"https:\/\/api.w.org\/{rel}","templated":true}]}}