{"id":786887,"date":"2026-04-27T12:54:00","date_gmt":"2026-04-27T10:54:00","guid":{"rendered":"https:\/\/dailynewshungary.com\/de\/ungarischer-internationaler-flughafen-setzt-betrieb-fur-mehrere-tage-aus\/"},"modified":"2026-04-27T12:54:00","modified_gmt":"2026-04-27T10:54:00","slug":"ungarischer-internationaler-flughafen-setzt-betrieb-fur-mehrere-tage-aus","status":"publish","type":"post","link":"https:\/\/dailynewshungary.com\/de\/ungarischer-internationaler-flughafen-setzt-betrieb-fur-mehrere-tage-aus\/","title":{"rendered":"Ungarischer internationaler Flughafen setzt Betrieb f\u00fcr mehrere Tage aus"},"content":{"rendered":"<p><strong>Die Fl\u00fcge am internationalen Flughafen Debrecen werden Anfang Mai vor\u00fcbergehend ausgesetzt, da an der Start- und Landebahn wichtige Wartungsarbeiten durchgef\u00fchrt werden, von denen einige wenige Linienfl\u00fcge betroffen sind.<\/strong><\/p>\n\n\n\n<h2 class=\"wp-block-heading\">Vor\u00fcbergehende Schlie\u00dfung f\u00fcr pr\u00e4ventive Arbeiten<\/h2>\n\n\n\n<p>Der Betrieb des internationalen Flughafens Debrecen wird zwischen dem 4. Mai um 13:45 Uhr und dem 8. Mai um 07:00 Uhr eingestellt, um vorbeugende Wartungsarbeiten an der Start- und Landebahn durchzuf\u00fchren.<\/p>\n\n\n\n<p>Die<a href=\"https:\/\/www.facebook.com\/debrecenairport\/posts\/pfbid0GYdcC8jpjSx9KvMLiRxGkt8KVvTJnEycZttsqyjKwBseXddBXdHSVwBiYiaYMddsl\" target=\"_blank\" rel=\"noopener\">Flughafenbetreiber erkl\u00e4rten, dass<\/a> die Arbeiten darauf abzielen, die langfristige Zuverl\u00e4ssigkeit der Infrastruktur zu gew\u00e4hrleisten und die Bedingungen auf der Landebahn kontinuierlich zu verbessern.<\/p>\n\n\n\n<p>W\u00e4hrend dieser Zeit werden keine Fl\u00fcge vom Flughafen abfliegen oder dort ankommen.<\/p>\n\n\n\n<iframe loading=\"lazy\" src=\"https:\/\/www.facebook.com\/plugins\/post.php?href=https%3A%2F%2Fwww.facebook.com%2Fdebrecenairport%2Fposts%2Fpfbid0GYdcC8jpjSx9KvMLiRxGkt8KVvTJnEycZttsqyjKwBseXddBXdHSVwBiYiaYMddsl&#038;show_text=false&#038;width=500\" width=\"500\" height=\"419\" style=\"border:none;overflow:hidden\" scrolling=\"no\" frameborder=\"0\" allowfullscreen=\"true\" allow=\"autoplay; clipboard-write; encrypted-media; picture-in-picture; web-share\"><\/iframe>\n\n\n\n<h2 class=\"wp-block-heading\">Sicherheit und langfristige Zuverl\u00e4ssigkeit haben Vorrang<\/h2>\n\n\n\n<p>Nach Angaben des Flughafens hat die Sicherheit der Passagiere nach wie vor oberste Priorit\u00e4t, weshalb diese vorbeugende Wartung f\u00fcr einen sicheren Flugverkehr unerl\u00e4sslich ist.<\/p>\n\n\n\n<p>Spezialisten werden die Start- und Landebahn gr\u00fcndlich inspizieren und bei Bedarf Reparaturen durchf\u00fchren, um sicherzustellen, dass der Flughafen weiterhin hohe Betriebsstandards erf\u00fcllt.<\/p>\n\n\n\n<p>Die Fluggesellschaften und Partner sind bereits \u00fcber die geplanten Arbeiten informiert worden.<\/p>\n\n\n\n<h2 class=\"wp-block-heading\">Nur eine Handvoll Fl\u00fcge betroffen<\/h2>\n\n\n\n<pre class=\"wp-block-verse has-text-align-center\">Der Zeitpunkt der Wartungsarbeiten wurde so gew\u00e4hlt, dass die St\u00f6rungen so gering wie m\u00f6glich gehalten werden, so dass nur vier Linienfl\u00fcge betroffen sein werden.<\/pre>\n\n<p>Flugg\u00e4sten wird empfohlen, sich bei ihrer Fluggesellschaft \u00fcber den aktuellen Stand der Dinge zu informieren und sich gegebenenfalls nach alternativen M\u00f6glichkeiten umzusehen.<\/p>\n\n\n\n<h2 class=\"wp-block-heading\">Fr\u00fchere Schlie\u00dfungen im Zusammenhang mit Start- und Landebahnproblemen<\/h2>\n\n\n\n<p>Der Flughafen war bereits in der Vergangenheit von \u00e4hnlichen Schlie\u00dfungen betroffen. Im Sommer 2024 wurde der Betrieb aufgrund von Sch\u00e4den an der Start- und Landebahn, die durch extreme Hitze verursacht wurden, vor\u00fcbergehend eingestellt.<\/p>\n\n\n\n<p>Die aktuellen Pr\u00e4ventivma\u00dfnahmen sollen \u00e4hnliche Probleme in der Zukunft vermeiden, so die Beh\u00f6rden.<\/p>\n\n\n\n<h2 class=\"wp-block-heading\">ETA: \u00c4nderungen im Reiseverkehr<\/h2>\n\n\n\n<p>Wussten Sie, dass Sie ohne die entsprechende Genehmigung seit Ende Februar dieses Jahres auf den Flugh\u00e4fen Budapest und Debrecen nicht mehr einsteigen d\u00fcrfen? Zum Gl\u00fcck ist es ganz einfach, die erforderliche Reisegenehmigung zu erhalten, auch wenn dies mit Kosten verbunden ist und manchmal Tage dauern kann.<\/p>\n\n\n\n<pre class=\"wp-block-verse has-text-align-center has-palette-color-5-background-color has-background\"><strong>Lesen Sie hier mehr: <a href=\"https:\/\/dailynewshungary.com\/united-kingdom-travelling-changes-today-eta\/\">Reisen von Budapest und Debrecen nach Gro\u00dfbritannien \u00e4ndern sich ab heute f\u00fcr viele<\/a><\/strong><\/pre>\n\n<h2 class=\"wp-block-heading\">Neue Istanbul-Flugverbindung ab Debrecen<\/h2>\n\n\n\n<p>Eine gute Nachricht: Ab dem 1. Juli k\u00f6nnen Passagiere vom ostungarischen Flughafen nach Istanbul, der gr\u00f6\u00dften Stadt der T\u00fcrkei, fliegen! Die Fl\u00fcge werden zweimal pro Woche, mittwochs und sonntags, zwischen den beiden St\u00e4dten verkehren.<\/p>\n\n\n\n<figure class=\"wp-block-image aligncenter size-full\"><img decoding=\"async\" src=\"https:\/\/dailynewshungary.b-cdn.net\/wp-content\/uploads\/2025\/08\/Debrecen-airport-Wizz-Air-new-route.jpg\" alt=\"Debrecen airport Wizz Air new route\" class=\"wp-image-666474\"\/><figcaption class=\"wp-element-caption\">Foto: <a href=\"https:\/\/www.facebook.com\/photo.php?fbid=654676070158477&amp;set=pb.100068482698245.-2207520000&amp;type=3&amp;locale=hu_HU\" target=\"_blank\" rel=\"noopener\">Facebook\/Debrecen Nemzetk\u00f6zi Rep\u00fcl\u0151t\u00e9r<\/a><\/figcaption><\/figure>\n\n<p>Wizz Air hat sein Angebot zwischen Ungarn und der T\u00fcrkei in den letzten Monaten erheblich ausgeweitet. In der Sommersaison fliegt Wizz Air t\u00e4glich von Budapest nach Istanbul und Antalya, und in diesem Jahr f\u00fchrt die Fluggesellschaft auch eine neue Verbindung zwischen den Hauptst\u00e4dten der beiden L\u00e4nder, Budapest und Ankara, ein, von wo aus eine der bezauberndsten Regionen der T\u00fcrkei, Kappadokien, leicht zu erreichen ist. Tickets k\u00f6nnen auf der Website der Fluggesellschaft oder \u00fcber deren App gebucht werden.<\/p>\n\n\n\n<pre class=\"wp-block-verse has-text-align-center has-palette-color-5-background-color has-background\"><strong>Lesen Sie mehr \u00fcber diese Gelegenheit: <a href=\"https:\/\/dailynewshungary.com\/de\/sie-konnen-jetzt-ihre-tickets-fur-den-neuesten-flug-von-wizz-air-nach-turkiye-von-ungarn-aus-erwerben\/\/\">Sie k\u00f6nnen jetzt Ihre Tickets f\u00fcr den neuesten Flug von Wizz Air von Ungarn nach T\u00fcrkiye<\/a><\/strong><\/pre>","protected":false},"excerpt":{"rendered":"<p>Die Fl\u00fcge am internationalen Flughafen Debrecen werden Anfang Mai vor\u00fcbergehend ausgesetzt, da an der Start- und Landebahn wichtige Wartungsarbeiten durchgef\u00fchrt werden, von denen einige wenige Linienfl\u00fcge betroffen sind. Vor\u00fcbergehende Schlie\u00dfung f\u00fcr pr\u00e4ventive Arbeiten Der Betrieb des internationalen Flughafens Debrecen wird zwischen dem 4. Mai um 13:45 Uhr und dem 8. Mai um 07:00 Uhr eingestellt, [&hellip;]<\/p>\n","protected":false},"author":62,"featured_media":786888,"comment_status":"open","ping_status":"open","sticky":false,"template":"","format":"standard","meta":{"_acf_changed":false,"_display_image":"yes","footnotes":""},"categories":[4393],"tags":[4467,1116,1066,1298],"class_list":["post-786887","post","type-post","status-publish","format-standard","has-post-thumbnail","hentry","category-travel","tag-category-travel-budapest-airport-and-other-hungarian-airports","tag-debrecen","tag-hungary","tag-travel"],"blocksy_meta":[],"acf":[],"author_username":"hmercedesz","telegram_post":"","public_post_metadata":{"breaking_news":"yes","important":"no","csempe":"yes","center_tile":"no","disable_thumbnail":"no","target_lang":"","_featured_image_style":"default","telegram_post":"","_xlat_group_id":"9277b64e-4155-497d-81ee-92c1b3355d78"},"public_rank_math_data":{"title":"%title% %sep% %sitename%","description":"","focus_keyword":"airport","canonical_url":"","robots":"","primary_category":"4393","breadcrumb_title":"","facebook_title":"","facebook_description":"","facebook_image":"","facebook_image_id":"","twitter_title":"","twitter_description":"","twitter_image":"","twitter_image_id":"","twitter_card_type":"","twitter_use_facebook":"","advanced_robots":"","pillar_content":"","seo_score":"81","contentai_score":"","rich_snippet":""},"_links":{"self":[{"href":"https:\/\/dailynewshungary.com\/de\/wp-json\/wp\/v2\/posts\/786887","targetHints":{"allow":["GET"]}}],"collection":[{"href":"https:\/\/dailynewshungary.com\/de\/wp-json\/wp\/v2\/posts"}],"about":[{"href":"https:\/\/dailynewshungary.com\/de\/wp-json\/wp\/v2\/types\/post"}],"author":[{"embeddable":true,"href":"https:\/\/dailynewshungary.com\/de\/wp-json\/wp\/v2\/users\/62"}],"replies":[{"embeddable":true,"href":"https:\/\/dailynewshungary.com\/de\/wp-json\/wp\/v2\/comments?post=786887"}],"version-history":[{"count":0,"href":"https:\/\/dailynewshungary.com\/de\/wp-json\/wp\/v2\/posts\/786887\/revisions"}],"wp:featuredmedia":[{"embeddable":true,"href":"https:\/\/dailynewshungary.com\/de\/wp-json\/wp\/v2\/media\/786888"}],"wp:attachment":[{"href":"https:\/\/dailynewshungary.com\/de\/wp-json\/wp\/v2\/media?parent=786887"}],"wp:term":[{"taxonomy":"category","embeddable":true,"href":"https:\/\/dailynewshungary.com\/de\/wp-json\/wp\/v2\/categories?post=786887"},{"taxonomy":"post_tag","embeddable":true,"href":"https:\/\/dailynewshungary.com\/de\/wp-json\/wp\/v2\/tags?post=786887"}],"curies":[{"name":"wp","href":"https:\/\/api.w.org\/{rel}","templated":true}]}}