{"id":786889,"date":"2026-04-27T14:14:00","date_gmt":"2026-04-27T12:14:00","guid":{"rendered":"https:\/\/dailynewshungary.com\/de\/orban-verlasst-das-parlament-hochrangige-personlichkeiten-treten-zuruck-offizielle-fidesz-fraktion-angekundigt\/"},"modified":"2026-04-27T14:14:00","modified_gmt":"2026-04-27T12:14:00","slug":"orban-verlasst-das-parlament-hochrangige-personlichkeiten-treten-zuruck-offizielle-fidesz-fraktion-angekundigt","status":"publish","type":"post","link":"https:\/\/dailynewshungary.com\/de\/orban-verlasst-das-parlament-hochrangige-personlichkeiten-treten-zuruck-offizielle-fidesz-fraktion-angekundigt\/","title":{"rendered":"Orb\u00e1n verl\u00e4sst das Parlament, hochrangige Pers\u00f6nlichkeiten treten zur\u00fcck, offizielle Fidesz-Fraktion angek\u00fcndigt"},"content":{"rendered":"<p><strong>Viktor Orb\u00e1n hat seine Entscheidung verteidigt, sein Parlamentsmandat nach den Wahlen vom 12. April nicht anzunehmen. Damit endet seine 36-j\u00e4hrige Karriere als Abgeordneter.<\/strong><\/p>\n\n\n\n<p><a href=\"https:\/\/www.instagram.com\/reels\/DXoWg74AMWR\/\" target=\"_blank\" rel=\"noopener\">In einem Gespr\u00e4ch mit Reportern<\/a> vor dem Parlamentsgeb\u00e4ude verwies der scheidende Premierminister am Montag wiederholt auf parteiinterne Strukturen, als er gefragt wurde, warum er von seinen fr\u00fcheren \u00c4u\u00dferungen abgewichen sei, wonach er sich nach einer m\u00f6glichen Wahlniederlage aus dem Parlament zur\u00fcckziehen w\u00fcrde.<\/p>\n\n\n\n<pre class=\"wp-block-verse has-text-align-center\"><strong>\"Der nationale Vorstand wird sich diese Woche treffen; alle Entscheidungen werden dort getroffen\", sagte er und f\u00fcgte hinzu, dass er nun glaube, \"dass etwas anderes n\u00f6tig ist<\/strong><\/pre>&#8220;.\n\n<p>Orb\u00e1n <a href=\"https:\/\/dailynewshungary.com\/de\/viktor-orban-nimmt-seinen-sitz-im-neu-gebildeten-parlament-nicht-ein\/\/\">best\u00e4tigte am Samstag<\/a>, dass er sein Mandat zur\u00fcckgeben und sich ganz aus der Nationalversammlung zur\u00fcckziehen werde. Er erkl\u00e4rte, dass sich seine Rolle stattdessen auf die &#8220;Reorganisation der nationalen Seite&#8221; der ungarischen Politik konzentrieren werde. Nur wenige Monate zuvor hatte er angedeutet, dass er sich als Abgeordneter zur\u00fcckziehen wolle.<\/p>\n\n\n\n<p>Nach seiner Ank\u00fcndigung best\u00e4tigten auch mehrere hochrangige Pers\u00f6nlichkeiten, dass sie ihr Mandat nicht antreten werden, darunter Zsolt Semj\u00e9n, Erik B\u00e1nki und Lajos K\u00f3sa.<\/p>\n\n\n\n<h2 class=\"wp-block-heading\">Gro\u00dfe Umbildung in der Fidesz-KDNP-Fraktion<\/h2>\n\n\n\n<p>Die Fidesz-KDNP-Fraktion ist am Montag formell zusammengetreten, um die Zusammensetzung des neuen Parlaments mit 199 Sitzen festzulegen, das sich am 9. Mai konstituieren soll.<\/p>\n\n\n\n<p>Obwohl die offizielle Liste noch nicht ver\u00f6ffentlicht wurde, wird erwartet, dass mehrere hochrangige Politiker ihre Mandate annehmen werden, darunter P\u00e9ter Szijj\u00e1rt\u00f3, J\u00e1nos L\u00e1z\u00e1r, M\u00e1t\u00e9 Kocsis, Bal\u00e1zs Orb\u00e1n, Alexandra Szentkir\u00e1lyi, Zsolt N\u00e9meth und andere, <a href=\"https:\/\/telex.hu\/belfold\/2026\/04\/27\/parlament-fidesz-frakcio-megalakulasa-orban-viktor-gulyas-gergely\" target=\"_blank\" rel=\"noopener\">wie Telex<\/a> berichtet.<\/p>\n\n\n\n<figure class=\"wp-block-image aligncenter size-full\"><img decoding=\"async\" src=\"https:\/\/dailynewshungary.b-cdn.net\/wp-content\/uploads\/2026\/01\/Foreign-Minister-Szijjarto.webp\" alt=\"Foreign Minister Szijj\u00e1rt\u00f3\" class=\"wp-image-687932\"\/><figcaption class=\"wp-element-caption\">Foto: <a href=\"https:\/\/www.facebook.com\/photo.php?fbid=1353344676258822&amp;set=pb.100047499063575.-2207520000&amp;type=3&amp;locale=hu_HU\" target=\"_blank\" rel=\"noopener\">Facebook\/Szijj\u00e1rt\u00f3 P\u00e9ter<\/a><\/figcaption><\/figure>\n\n<p>Die KDNP-Fraktion wird von Bence R\u00e9tv\u00e1ri angef\u00fchrt und hat acht best\u00e4tigte Mitglieder, darunter Mikl\u00f3s Seszt\u00e1k, Istv\u00e1n Simicsk\u00f3 und Hajnalka Juh\u00e1sz.<\/p>\n\n\n\n<p>Gleichzeitig ziehen sich mehrere hochrangige Pers\u00f6nlichkeiten aus der parlamentarischen Politik zur\u00fcck. Berichten zufolge werden Antal Rog\u00e1n, Szil\u00e1rd N\u00e9meth, G\u00e1bor Kubatov und Gabriella Selmeczi ihre Sitze nicht einnehmen.<\/p>\n\n\n\n<p>Selbst unter den langj\u00e4hrigen Pers\u00f6nlichkeiten der \u00c4ra des Systemwechsels sind die Abg\u00e4nge erheblich. Neben Viktor Orb\u00e1n verlassen auch L\u00e1szl\u00f3 K\u00f6v\u00e9r und Lajos K\u00f3sa nach jahrzehntelanger T\u00e4tigkeit das Parlament.<\/p>\n\n\n\n<figure class=\"wp-block-image aligncenter size-full\"><img loading=\"lazy\" decoding=\"async\" width=\"1080\" height=\"720\" src=\"https:\/\/dailynewshungary.b-cdn.net\/wp-content\/uploads\/2024\/08\/Speaker-Laszlo-Kover-Copy.jpg\" alt=\"Speaker L\u00e1szl\u00f3 K\u00f6v\u00e9r (Copy) Hungarian parliament speaker European Union\" class=\"wp-image-607808\" srcset=\"https:\/\/contentf5.dailynewshungary.com\/wp-content\/uploads\/2024\/08\/Speaker-Laszlo-Kover-Copy.jpg 1080w, https:\/\/contentf5.dailynewshungary.com\/wp-content\/uploads\/2024\/08\/Speaker-Laszlo-Kover-Copy-768x512.jpg 768w, https:\/\/contentf5.dailynewshungary.com\/wp-content\/uploads\/2024\/08\/Speaker-Laszlo-Kover-Copy-333x222.jpg 333w, https:\/\/contentf5.dailynewshungary.com\/wp-content\/uploads\/2024\/08\/Speaker-Laszlo-Kover-Copy-248x165.jpg 248w, https:\/\/contentf5.dailynewshungary.com\/wp-content\/uploads\/2024\/08\/Speaker-Laszlo-Kover-Copy-1030x687.jpg 1030w, https:\/\/contentf5.dailynewshungary.com\/wp-content\/uploads\/2024\/08\/Speaker-Laszlo-Kover-Copy-113x75.jpg 113w, https:\/\/contentf5.dailynewshungary.com\/wp-content\/uploads\/2024\/08\/Speaker-Laszlo-Kover-Copy-480x320.jpg 480w\" sizes=\"auto, (max-width: 1080px) 100vw, 1080px\" \/><figcaption class=\"wp-element-caption\">L\u00e1szl\u00f3 K\u00f6v\u00e9r. Foto: <a href=\"https:\/\/commons.wikimedia.org\/wiki\/File:17_02_2022_Encontro_com_o_Presidente_da_Assembleia_Nacional,_L%C3%A1szl%C3%B3_K%C3%B6ver_%2851887697031%29.jpg\" target=\"_blank\" rel=\"noopener\">Wikimedia Commons<\/a><\/figcaption><\/figure>\n\n<h2 class=\"wp-block-heading\">J\u00e1nos L\u00e1z\u00e1r kehrt zur\u00fcck &#8211; aber nur vor\u00fcbergehend<\/h2>\n\n\n\n<p>Eine der bemerkenswertesten Ausnahmen von der R\u00fcckzugswelle ist J\u00e1nos L\u00e1z\u00e1r, der best\u00e4tigte, dass er sein Mandat wieder aufnehmen wird, allerdings nur f\u00fcr ein Jahr.<\/p>\n\n\n\n<p>Der scheidende Bau- und Verkehrsminister sagte, er werde zur internen Erneuerung der Partei beitragen und helfen, den Fidesz in seiner neuen parlamentarischen Rolle nach der Niederlage neu zu gestalten.<\/p>\n\n\n\n<p>L\u00e1z\u00e1r hat sich seit dem Wahltag weitgehend aus der \u00d6ffentlichkeit zur\u00fcckgezogen. Er hat das Ergebnis kurz anerkannt und Winston Churchill zitiert: &#8220;Erfolg ist nicht endg\u00fcltig, Scheitern ist nicht t\u00f6dlich: es ist der Mut, weiterzumachen, der z\u00e4hlt.&#8221;<\/p>\n\n\n\n<p>Gergely Guly\u00e1s hat die Namen der offiziellen Fidesz-KDNP-Fraktion auf <a href=\"https:\/\/www.facebook.com\/reel\/2552185895179763\" target=\"_blank\" rel=\"noopener\">seiner Facebook-Seite<\/a> bekannt gegeben:<\/p>\n\n\n\n<iframe loading=\"lazy\" src=\"https:\/\/www.facebook.com\/plugins\/video.php?height=314&#038;href=https%3A%2F%2Fwww.facebook.com%2Freel%2F2552185895179763%2F&#038;show_text=true&#038;width=560&#038;t=0\" width=\"560\" height=\"429\" style=\"border:none;overflow:hidden\" scrolling=\"no\" frameborder=\"0\" allowfullscreen=\"true\" allow=\"autoplay; clipboard-write; encrypted-media; picture-in-picture; web-share\" allowFullScreen=\"true\"><\/iframe>\n\n\n\n<h2 class=\"wp-block-heading\">Fidesz bereitet sich auf eine grundlegend andere Rolle im Parlament vor<\/h2>\n\n\n\n<p>Die Umbildung erfolgt, nachdem <a href=\"https:\/\/dailynewshungary.com\/de\/ich-dachte-wir-wurden-gewinnen-orban-weist-korruptionsvorwurfe-zuruck-und-signalisiert-den-wiederaufbau-der-fidesz-partei-nach-der-niederlage\/\/\">Orb\u00e1n selbst einger\u00e4umt hat<\/a>, dass sich die Partei an eine neue politische Realit\u00e4t anpassen muss. Kurz nach der Wahl erkl\u00e4rte er, dass die Fraktion &#8220;ganz andere Leute&#8221; ben\u00f6tige als die, die f\u00fcr die Politik der Regierungsmehrheit geeignet seien.<\/p>\n\n\n\n<p>Insidern der Partei zufolge ist es das Ziel, eine Fraktion aufzubauen, die politische Erneuerung mit beruflicher Erfahrung und politischem Sachverstand verbindet.<\/p>\n\n\n\n<p>Der Fidesz hat die ungarische Politik in den letzten 16 Jahren mit einer parlamentarischen Zweidrittelmehrheit dominiert, eine Zeit, in der die parlamentarische Arbeit oft als stark zentralisiert und diszipliniert galt, mit begrenzten internen Debatten.<\/p>\n\n\n\n<pre class=\"wp-block-verse has-text-align-center has-juicy-peach-gradient-background has-background\"><strong>Falls Sie es verpasst haben: <a href=\"https:\/\/dailynewshungary.com\/de\/vermogen-der-ungarischen-elite-unter-orban-wird-nach-der-wahlniederlage-aus-wien-ausgeflogen-bericht\/\/\">Bericht: Reichtum von Ungarns Elite unter Orb\u00e1n wird nach Wahlniederlage aus Wien ausgeflogen - UPDATE: Steuerbeh\u00f6rde<\/a><\/strong><\/pre>","protected":false},"excerpt":{"rendered":"<p>Viktor Orb\u00e1n hat seine Entscheidung verteidigt, sein Parlamentsmandat nach den Wahlen vom 12. April nicht anzunehmen. Damit endet seine 36-j\u00e4hrige Karriere als Abgeordneter. In einem Gespr\u00e4ch mit Reportern vor dem Parlamentsgeb\u00e4ude verwies der scheidende Premierminister am Montag wiederholt auf parteiinterne Strukturen, als er gefragt wurde, warum er von seinen fr\u00fcheren \u00c4u\u00dferungen abgewichen sei, wonach er [&hellip;]<\/p>\n","protected":false},"author":62,"featured_media":786890,"comment_status":"open","ping_status":"open","sticky":false,"template":"","format":"standard","meta":{"_acf_changed":false,"_display_image":"yes","footnotes":""},"categories":[4396],"tags":[4603,4356,1091,4688,1658,1076,1128],"class_list":["post-786889","post","type-post","status-publish","format-standard","has-post-thumbnail","hentry","category-ungarisch","tag-category-politik","tag-category-ungarische-parlamentswahlen-2026","tag-fidesz","tag-orban-regierung","tag-parlament","tag-ungarn","tag-viktor-orban"],"blocksy_meta":[],"acf":[],"author_username":"hmercedesz","telegram_post":"","public_post_metadata":{"breaking_news":"yes","important":"no","csempe":"yes","center_tile":"no","disable_thumbnail":"no","target_lang":"","_featured_image_style":"default","telegram_post":"","_xlat_group_id":"f48e90c2-ad58-4592-b642-d9b63e96dd6b"},"public_rank_math_data":{"title":"%title% %sep% %sitename%","description":"","focus_keyword":"orb\u00e1n","canonical_url":"","robots":"","primary_category":"4396","breadcrumb_title":"","facebook_title":"","facebook_description":"","facebook_image":"","facebook_image_id":"","twitter_title":"","twitter_description":"","twitter_image":"","twitter_image_id":"","twitter_card_type":"","twitter_use_facebook":"","advanced_robots":"","pillar_content":"","seo_score":"83","contentai_score":"","rich_snippet":""},"_links":{"self":[{"href":"https:\/\/dailynewshungary.com\/de\/wp-json\/wp\/v2\/posts\/786889","targetHints":{"allow":["GET"]}}],"collection":[{"href":"https:\/\/dailynewshungary.com\/de\/wp-json\/wp\/v2\/posts"}],"about":[{"href":"https:\/\/dailynewshungary.com\/de\/wp-json\/wp\/v2\/types\/post"}],"author":[{"embeddable":true,"href":"https:\/\/dailynewshungary.com\/de\/wp-json\/wp\/v2\/users\/62"}],"replies":[{"embeddable":true,"href":"https:\/\/dailynewshungary.com\/de\/wp-json\/wp\/v2\/comments?post=786889"}],"version-history":[{"count":0,"href":"https:\/\/dailynewshungary.com\/de\/wp-json\/wp\/v2\/posts\/786889\/revisions"}],"wp:featuredmedia":[{"embeddable":true,"href":"https:\/\/dailynewshungary.com\/de\/wp-json\/wp\/v2\/media\/786890"}],"wp:attachment":[{"href":"https:\/\/dailynewshungary.com\/de\/wp-json\/wp\/v2\/media?parent=786889"}],"wp:term":[{"taxonomy":"category","embeddable":true,"href":"https:\/\/dailynewshungary.com\/de\/wp-json\/wp\/v2\/categories?post=786889"},{"taxonomy":"post_tag","embeddable":true,"href":"https:\/\/dailynewshungary.com\/de\/wp-json\/wp\/v2\/tags?post=786889"}],"curies":[{"name":"wp","href":"https:\/\/api.w.org\/{rel}","templated":true}]}}