{"id":786891,"date":"2026-04-27T15:34:00","date_gmt":"2026-04-27T13:34:00","guid":{"rendered":"https:\/\/dailynewshungary.com\/de\/warnung-kalteeinbruch-bringt-frost-bevor-es-am-langen-wochenende-in-ungarn-fruhsommerlich-warm-wird\/"},"modified":"2026-04-27T15:34:00","modified_gmt":"2026-04-27T13:34:00","slug":"warnung-kalteeinbruch-bringt-frost-bevor-es-am-langen-wochenende-in-ungarn-fruhsommerlich-warm-wird","status":"publish","type":"post","link":"https:\/\/dailynewshungary.com\/de\/warnung-kalteeinbruch-bringt-frost-bevor-es-am-langen-wochenende-in-ungarn-fruhsommerlich-warm-wird\/","title":{"rendered":"Warnung: K\u00e4lteeinbruch bringt Frost, bevor es am langen Wochenende in Ungarn fr\u00fchsommerlich warm wird"},"content":{"rendered":"<p><strong>In Ungarn steht zur Wochenmitte ein K\u00e4lteeinbruch mit morgendlichem Frost bevor, bevor eine dramatische Erw\u00e4rmung p\u00fcnktlich zum langen Wochenende fr\u00fchsommerliche Temperaturen bringt.<\/strong><\/p>\n\n\n\n<p>Am Sonntag zog eine Kaltfront \u00fcber das Land, die einen sp\u00fcrbaren Temperaturr\u00fcckgang und st\u00e4rkere Winde mit sich brachte, obwohl der dringend ben\u00f6tigte Niederschlag weitgehend ausblieb.<\/p>\n\n\n\n<p>Den Prognosen zufolge wird es am Montag und Dienstag \u00fcberwiegend trocken und sonnig bleiben, mit Tagesh\u00f6chsttemperaturen von 16-22\u00b0C. Laut <a href=\"https:\/\/24.hu\/tudomany\/2026\/04\/27\/idojaras-mosszu-hetvege-majus-1\/\" target=\"_blank\" rel=\"noopener\">24.hu<\/a> wird jedoch erwartet, dass die Wolkendecke bis Dienstagabend von S\u00fcdwesten her zunimmt und der Wind auffrischt.<\/p>\n\n\n\n<h2 class=\"wp-block-heading\">K\u00fchle Mitte der Woche mit m\u00f6glichem Frost<\/h2>\n\n\n\n<p>Am Mittwoch wird eine weitere Kaltfront erwartet, die st\u00e4rkere Winde und weitere Abk\u00fchlung mit sich bringt.<\/p>\n\n\n\n<p>Die Tagestemperaturen werden voraussichtlich nur 12-18\u00b0C erreichen, w\u00e4hrend die Niederschl\u00e4ge begrenzt bleiben und haupts\u00e4chlich Teile West- und S\u00fcdwestungarns betreffen werden.<\/p>\n\n\n\n<p>Die k\u00e4lteste Periode wird am Donnerstag und Freitag eintreten, wenn die Temperaturen am fr\u00fchen Morgen in einigen Gebieten unter den Gefrierpunkt fallen und m\u00f6glicherweise -2 bis -5\u00b0C erreichen.<\/p>\n\n\n\n<p>Die Tagesh\u00f6chsttemperaturen werden ebenfalls unter dem Durchschnitt liegen, im Allgemeinen bei 12-17\u00b0C.<\/p>\n\n\n\n<h2 class=\"wp-block-heading\">Allm\u00e4hliche Verbesserung zum Tag der Arbeit<\/h2>\n\n\n\n<p>Ab Freitag werden sich die Bedingungen voraussichtlich stabilisieren, mit mehr Sonnenschein und trockenem Wetter.<\/p>\n\n\n\n<p>Auch wenn die N\u00e4chte noch k\u00fchl bleiben, werden sich die Tagestemperaturen allm\u00e4hlich erholen und bis zum Beginn des langen Wochenendes, das am Tag der Arbeit, dem 1. Mai, beginnt, etwa 14-19\u00b0C erreichen.<\/p>\n\n\n\n<h2 class=\"wp-block-heading\">Fr\u00fchsommerliches Wetter am Horizont<\/h2>\n\n\n\n<p>F\u00fcr Samstag wird eine deutliche Ver\u00e4nderung vorhergesagt, da eine s\u00fcdwestliche Luftstr\u00f6mung w\u00e4rmere Luft in die Region bringt.<\/p>\n\n\n\n<p>Es wird erwartet, dass die Temperaturen \u00fcber das Wochenende auf 18-23\u00b0C steigen und sich bis zur n\u00e4chsten Woche weiter erw\u00e4rmen.<\/p>\n\n\n\n<p>Laut Vorhersage k\u00f6nnten fr\u00fchsommerliche Bedingungen eintreten, mit Temperaturen von \u00fcber 25\u00b0C und in einigen Gebieten sogar bis zu 30\u00b0C.<\/p>\n\n\n\n<h2 class=\"wp-block-heading\">Trockene Bedingungen bleiben ein Problem<\/h2>\n\n\n\n<p>Trotz der wechselnden Temperaturen wird erwartet, dass die Niederschl\u00e4ge w\u00e4hrend des gesamten Zeitraums sp\u00e4rlich ausfallen werden, so dass weiterhin Trockenheit zu bef\u00fcrchten ist.<\/p>\n\n\n\n<pre class=\"wp-block-verse has-text-align-center has-juicy-peach-gradient-background has-background\"><strong>Falls Sie es verpasst haben: <a href=\"https:\/\/dailynewshungary.com\/de\/das-sich-erwarmende-klima-in-budapest-konnte-in-wenigen-jahrzehnten-extreme-neu-definieren\/\/\">Budapest Erw\u00e4rmung des Klimas k\u00f6nnte \"Extreme\" in wenigen Jahrzehnten neu definieren<\/a><\/strong><\/pre>\n\n<h2 class=\"wp-block-heading\">Tag der Arbeit in Ungarn<\/h2>\n\n\n\n<p>Laut <a href=\"https:\/\/abouthungary.hu\/news-in-brief\/hungarians-celebrate-labor-day\" target=\"_blank\" rel=\"noopener\">AboutHungary<\/a> wird der Maifeiertag oder Tag der Arbeit in den meisten L\u00e4ndern der Welt gefeiert und signalisiert den Beginn des Fr\u00fchlings sowie die Feier der Arbeiter.<\/p>\n\n\n\n<p>F\u00fcr viele ist der Tag der Arbeit in Ungarn zu einem Familientag mit vielen Festen und Programmen in Budapest und anderen ungarischen St\u00e4dten geworden.<\/p>\n\n\n\n<p class=\"has-text-align-center\"><strong>Achtung! Der 1. Mai f\u00e4llt dieses Jahr auf einen Freitag, was bedeutet, dass die meisten Gesch\u00e4fte und M\u00e4rkte geschlossen sind. Bleiben Sie dran f\u00fcr unseren Leitfaden f\u00fcr den diesj\u00e4hrigen Tag der Arbeit, der heute erscheint.<\/strong><\/p>\n","protected":false},"excerpt":{"rendered":"<p>In Ungarn steht zur Wochenmitte ein K\u00e4lteeinbruch mit morgendlichem Frost bevor, bevor eine dramatische Erw\u00e4rmung p\u00fcnktlich zum langen Wochenende fr\u00fchsommerliche Temperaturen bringt. Am Sonntag zog eine Kaltfront \u00fcber das Land, die einen sp\u00fcrbaren Temperaturr\u00fcckgang und st\u00e4rkere Winde mit sich brachte, obwohl der dringend ben\u00f6tigte Niederschlag weitgehend ausblieb. Den Prognosen zufolge wird es am Montag und [&hellip;]<\/p>\n","protected":false},"author":62,"featured_media":786892,"comment_status":"open","ping_status":"open","sticky":false,"template":"","format":"standard","meta":{"_acf_changed":false,"_display_image":"yes","footnotes":""},"categories":[4407],"tags":[4472,1066,3182,4473],"class_list":["post-786891","post","type-post","status-publish","format-standard","has-post-thumbnail","hentry","category-leben","tag-category-weather","tag-hungary","tag-nature","tag-weather-forecast-2"],"blocksy_meta":[],"acf":[],"author_username":"hmercedesz","telegram_post":"","public_post_metadata":{"breaking_news":"yes","important":"no","csempe":"yes","center_tile":"no","disable_thumbnail":"no","target_lang":"","_featured_image_style":"default","telegram_post":"","_xlat_group_id":"d41f18f2-28f9-40b9-a76a-a309799b5305"},"public_rank_math_data":{"title":"%title% %sep% %sitename%","description":"","focus_keyword":"Sommer","canonical_url":"","robots":"","primary_category":"4407","breadcrumb_title":"","facebook_title":"","facebook_description":"","facebook_image":"","facebook_image_id":"","twitter_title":"","twitter_description":"","twitter_image":"","twitter_image_id":"","twitter_card_type":"","twitter_use_facebook":"","advanced_robots":"","pillar_content":"","seo_score":"77","contentai_score":"","rich_snippet":""},"_links":{"self":[{"href":"https:\/\/dailynewshungary.com\/de\/wp-json\/wp\/v2\/posts\/786891","targetHints":{"allow":["GET"]}}],"collection":[{"href":"https:\/\/dailynewshungary.com\/de\/wp-json\/wp\/v2\/posts"}],"about":[{"href":"https:\/\/dailynewshungary.com\/de\/wp-json\/wp\/v2\/types\/post"}],"author":[{"embeddable":true,"href":"https:\/\/dailynewshungary.com\/de\/wp-json\/wp\/v2\/users\/62"}],"replies":[{"embeddable":true,"href":"https:\/\/dailynewshungary.com\/de\/wp-json\/wp\/v2\/comments?post=786891"}],"version-history":[{"count":0,"href":"https:\/\/dailynewshungary.com\/de\/wp-json\/wp\/v2\/posts\/786891\/revisions"}],"wp:featuredmedia":[{"embeddable":true,"href":"https:\/\/dailynewshungary.com\/de\/wp-json\/wp\/v2\/media\/786892"}],"wp:attachment":[{"href":"https:\/\/dailynewshungary.com\/de\/wp-json\/wp\/v2\/media?parent=786891"}],"wp:term":[{"taxonomy":"category","embeddable":true,"href":"https:\/\/dailynewshungary.com\/de\/wp-json\/wp\/v2\/categories?post=786891"},{"taxonomy":"post_tag","embeddable":true,"href":"https:\/\/dailynewshungary.com\/de\/wp-json\/wp\/v2\/tags?post=786891"}],"curies":[{"name":"wp","href":"https:\/\/api.w.org\/{rel}","templated":true}]}}