{"id":786893,"date":"2026-04-27T16:54:00","date_gmt":"2026-04-27T14:54:00","guid":{"rendered":"https:\/\/dailynewshungary.com\/de\/mangel-an-beweisen-und-zeugenaussagen-untersuchung-der-behauptungen-der-ehemaligen-justizministerin-varga-uber-ihren-ex-mann-magyar-eingestellt\/"},"modified":"2026-04-27T16:54:00","modified_gmt":"2026-04-27T14:54:00","slug":"mangel-an-beweisen-und-zeugenaussagen-untersuchung-der-behauptungen-der-ehemaligen-justizministerin-varga-uber-ihren-ex-mann-magyar-eingestellt","status":"publish","type":"post","link":"https:\/\/dailynewshungary.com\/de\/mangel-an-beweisen-und-zeugenaussagen-untersuchung-der-behauptungen-der-ehemaligen-justizministerin-varga-uber-ihren-ex-mann-magyar-eingestellt\/","title":{"rendered":"Mangel an Beweisen und Zeugenaussagen: Untersuchung der Behauptungen der ehemaligen Justizministerin Varga \u00fcber ihren Ex-Mann Magyar eingestellt"},"content":{"rendered":"<p><strong>Die ungarischen Beh\u00f6rden haben eine Untersuchung der Aussagen der ehemaligen Justizministerin Judit Varga \u00fcber ihren Ex-Mann P\u00e9ter Magyar aus Mangel an Beweisen eingestellt.<\/strong><\/p>\n\n\n\n<h2 class=\"wp-block-heading\">Untersuchung wegen Interview-Behauptungen eingeleitet<\/h2>\n\n\n\n<p>Das Verfahren wurde nach einer Beschwerde der Privatperson Istv\u00e1n T\u00e9nyi im M\u00e4rz 2024 eingeleitet, die sich auf \u00c4u\u00dferungen von Judit Varga in einem Fernsehinterview bezog, <a href=\"https:\/\/index.hu\/belfold\/2026\/04\/27\/varga-judit-magyar-peter-hajdu-peter-eljaras-buntetoeljaras\" target=\"_blank\" rel=\"noopener\">schreibt Index<\/a>.<\/p>\n\n\n\n<p>In der Sendung sprach Varga \u00fcber ihre Ehe mit P\u00e9ter Magyar, beschrieb sie als zutiefst gest\u00f6rt und machte mehrere schwerwiegende Anschuldigungen \u00fcber ihre Beziehung.<\/p>\n\n\n\n<p>Zu den Behauptungen geh\u00f6rte ein Vorfall, bei dem sie sagte, Magyar habe sie angeblich in ein Zimmer eingesperrt, aus dem sie nur mit Hilfe ihrer Kinder entkommen konnte.<\/p>\n\n\n\n<figure class=\"wp-block-image aligncenter size-full\"><img loading=\"lazy\" decoding=\"async\" width=\"560\" height=\"440\" src=\"https:\/\/dailynewshungary.b-cdn.net\/wp-content\/uploads\/2024\/03\/New-influential-Hungarian-party-born-from-the-presidential-clemency-scandal-e1709496189827.webp\" alt=\"p\u00e9ter magyar\" class=\"wp-image-588659\" srcset=\"https:\/\/contentf5.dailynewshungary.com\/wp-content\/uploads\/2024\/03\/New-influential-Hungarian-party-born-from-the-presidential-clemency-scandal-e1709496189827.webp 560w, https:\/\/contentf5.dailynewshungary.com\/wp-content\/uploads\/2024\/03\/New-influential-Hungarian-party-born-from-the-presidential-clemency-scandal-e1709496189827-283x222.webp 283w, https:\/\/contentf5.dailynewshungary.com\/wp-content\/uploads\/2024\/03\/New-influential-Hungarian-party-born-from-the-presidential-clemency-scandal-e1709496189827-95x75.webp 95w, https:\/\/contentf5.dailynewshungary.com\/wp-content\/uploads\/2024\/03\/New-influential-Hungarian-party-born-from-the-presidential-clemency-scandal-e1709496189827-480x377.webp 480w\" sizes=\"auto, (max-width: 560px) 100vw, 560px\" \/><figcaption class=\"wp-element-caption\">P\u00e9ter Magyar im Jahr 2024. Foto: <a href=\"https:\/\/www.facebook.com\/photo.php?fbid=7742412299126484&amp;set=pb.100000733720126.-2207520000&amp;type=3\" target=\"_blank\" rel=\"noopener\">Facebook\/P\u00e9ter Magyar<\/a><\/figcaption><\/figure>\n\n<h2 class=\"wp-block-heading\">Die Beh\u00f6rden finden keine Beweise<\/h2>\n\n\n\n<p>In der Anzeige wurden m\u00f6gliche Straftaten, darunter unrechtm\u00e4\u00dfiger Freiheitsentzug und Gef\u00e4hrdung eines Minderj\u00e4hrigen, behauptet.<\/p>\n\n\n\n<p>Das National Bureau of Investigation wies die Beschwerde jedoch in beiden Punkten mit der Begr\u00fcndung zur\u00fcck, dass es keine ausreichenden Daten gebe, um den Verdacht zu erh\u00e4rten.<\/p>\n\n\n\n<p>Der Fall wurde sp\u00e4ter zur weiteren Pr\u00fcfung an die Staatsanwaltschaft Budapest weitergeleitet.<\/p>\n\n\n\n<p>Laut der endg\u00fcltigen Entscheidung konnten die Ermittler keine Beweise f\u00fcr die in der Beschwerde dargelegten Behauptungen finden, und w\u00e4hrend des Verfahrens wurden keine polizeilichen Ma\u00dfnahmen ergriffen.<\/p>\n\n\n\n<h2 class=\"wp-block-heading\">Keine Zeugenaussage w\u00e4hrend des Verfahrens<\/h2>\n\n\n\n<p>Die Beh\u00f6rden stellten auch fest, dass Varga w\u00e4hrend der Ermittlungen nicht ausgesagt hat.<\/p>\n\n\n\n<p>Da keine weiteren Verfahrensschritte zur Kl\u00e4rung des Falles unternommen wurden und auf der Grundlage der verf\u00fcgbaren Informationen kein Verbrechen zweifelsfrei nachgewiesen werden konnte, wurde die Untersuchung formell eingestellt.<\/p>\n\n\n\n<h2 class=\"wp-block-heading\">Politische und \u00f6ffentliche Reaktionen<\/h2>\n\n\n\n<p>Das fragliche Interview erregte damals gro\u00dfes \u00f6ffentliches Aufsehen. Kommentatoren wiesen darauf hin, dass es ungew\u00f6hnlich sei, solche pers\u00f6nlichen Anschuldigungen in einem Fernsehformat zu diskutieren.<\/p>\n\n\n\n<p>Die Entscheidung, den Fall einzustellen, wird wahrscheinlich die politische Debatte \u00fcber die Beziehung zwischen den beiden Pers\u00f6nlichkeiten und die allgemeinen Spannungen im \u00f6ffentlichen Leben Ungarns weiter anheizen.<\/p>\n\n\n\n<pre class=\"wp-block-verse has-text-align-center has-juicy-peach-gradient-background has-background\"><strong>Wo alles begann: <a href=\"https:\/\/dailynewshungary.com\/de\/ende-einer-ara-wendet-sich-ex-mann-des-ehemaligen-ministers-gegen-pm-orban-sie-wollen-nur-reichtum\/\/\">Ende einer \u00c4ra? Ehemaliger Ex-Minister wendet sich gegen Premier Orb\u00e1n: Sie wollen nur Reichtum<\/a><\/strong><\/pre>","protected":false},"excerpt":{"rendered":"<p>Die ungarischen Beh\u00f6rden haben eine Untersuchung der Aussagen der ehemaligen Justizministerin Judit Varga \u00fcber ihren Ex-Mann P\u00e9ter Magyar aus Mangel an Beweisen eingestellt. Untersuchung wegen Interview-Behauptungen eingeleitet Das Verfahren wurde nach einer Beschwerde der Privatperson Istv\u00e1n T\u00e9nyi im M\u00e4rz 2024 eingeleitet, die sich auf \u00c4u\u00dferungen von Judit Varga in einem Fernsehinterview bezog, schreibt Index. In [&hellip;]<\/p>\n","protected":false},"author":62,"featured_media":786894,"comment_status":"open","ping_status":"open","sticky":false,"template":"","format":"standard","meta":{"_acf_changed":false,"_display_image":"yes","footnotes":""},"categories":[1081],"tags":[1091,1326,4482,4673,1076],"class_list":["post-786893","post","type-post","status-publish","format-standard","has-post-thumbnail","hentry","category-politik","tag-fidesz","tag-gericht","tag-kategorie-ungarische-politik","tag-peter-magyar","tag-ungarn"],"blocksy_meta":[],"acf":[],"author_username":"hmercedesz","telegram_post":"","public_post_metadata":{"breaking_news":"yes","important":"no","csempe":"yes","center_tile":"no","disable_thumbnail":"no","target_lang":"","_featured_image_style":"default","telegram_post":"","_xlat_group_id":"8cfce9a2-d970-4750-a1a4-2551c69ce023"},"public_rank_math_data":{"title":"%title% %sep% %sitename%","description":"","focus_keyword":"varga","canonical_url":"","robots":"","primary_category":"1081","breadcrumb_title":"","facebook_title":"","facebook_description":"","facebook_image":"","facebook_image_id":"","twitter_title":"","twitter_description":"","twitter_image":"","twitter_image_id":"","twitter_card_type":"","twitter_use_facebook":"","advanced_robots":"","pillar_content":"","seo_score":"77","contentai_score":"","rich_snippet":""},"_links":{"self":[{"href":"https:\/\/dailynewshungary.com\/de\/wp-json\/wp\/v2\/posts\/786893","targetHints":{"allow":["GET"]}}],"collection":[{"href":"https:\/\/dailynewshungary.com\/de\/wp-json\/wp\/v2\/posts"}],"about":[{"href":"https:\/\/dailynewshungary.com\/de\/wp-json\/wp\/v2\/types\/post"}],"author":[{"embeddable":true,"href":"https:\/\/dailynewshungary.com\/de\/wp-json\/wp\/v2\/users\/62"}],"replies":[{"embeddable":true,"href":"https:\/\/dailynewshungary.com\/de\/wp-json\/wp\/v2\/comments?post=786893"}],"version-history":[{"count":0,"href":"https:\/\/dailynewshungary.com\/de\/wp-json\/wp\/v2\/posts\/786893\/revisions"}],"wp:featuredmedia":[{"embeddable":true,"href":"https:\/\/dailynewshungary.com\/de\/wp-json\/wp\/v2\/media\/786894"}],"wp:attachment":[{"href":"https:\/\/dailynewshungary.com\/de\/wp-json\/wp\/v2\/media?parent=786893"}],"wp:term":[{"taxonomy":"category","embeddable":true,"href":"https:\/\/dailynewshungary.com\/de\/wp-json\/wp\/v2\/categories?post=786893"},{"taxonomy":"post_tag","embeddable":true,"href":"https:\/\/dailynewshungary.com\/de\/wp-json\/wp\/v2\/tags?post=786893"}],"curies":[{"name":"wp","href":"https:\/\/api.w.org\/{rel}","templated":true}]}}