{"id":786895,"date":"2026-04-27T18:14:00","date_gmt":"2026-04-27T16:14:00","guid":{"rendered":"https:\/\/dailynewshungary.com\/de\/am-1-mai-sind-die-geschafte-geschlossen-was-sie-an-ungarns-langem-wochenende-erwartet\/"},"modified":"2026-04-27T18:14:00","modified_gmt":"2026-04-27T16:14:00","slug":"am-1-mai-sind-die-geschafte-geschlossen-was-sie-an-ungarns-langem-wochenende-erwartet","status":"publish","type":"post","link":"https:\/\/dailynewshungary.com\/de\/am-1-mai-sind-die-geschafte-geschlossen-was-sie-an-ungarns-langem-wochenende-erwartet\/","title":{"rendered":"Am 1. Mai sind die Gesch\u00e4fte geschlossen: Was Sie an Ungarns langem Wochenende erwartet"},"content":{"rendered":"<p><strong>Der 1. Mai (Tag der Arbeit) f\u00e4llt in diesem Jahr in Ungarn auf einen Freitag und beschert den meisten Arbeitnehmern ein dreit\u00e4giges langes Wochenende. Da dies ein gesetzlicher Feiertag ist, bleiben die meisten Gesch\u00e4fte im ganzen Land an diesem Tag geschlossen.<\/strong><\/p>\n\n\n\n<h2 class=\"wp-block-heading\">Langes Wochenende steht bevor<\/h2>\n\n\n\n<p>Gro\u00dfe Einzelhandelsketten, Einkaufszentren und die meisten Einzelhandelsgesch\u00e4fte werden am Freitag ihre T\u00fcren nicht \u00f6ffnen. Einige Dienstleistungsunternehmen, die sich in Einkaufszentren oder an anderen Orten befinden &#8211; wie Restaurants, Caf\u00e9s, Kinos und Fitnessstudios &#8211; k\u00f6nnen jedoch ge\u00f6ffnet sein, wenn auch oft mit reduzierten oder ge\u00e4nderten \u00d6ffnungszeiten.<\/p>\n\n\n\n<p>Die Beh\u00f6rden und Einzelh\u00e4ndler raten ihren Kunden, sich vor der Reise \u00fcber die individuellen \u00d6ffnungszeiten zu informieren.<\/p>\n\n\n\n<h2 class=\"wp-block-heading\">Wo Sie am 1. Mai noch einkaufen k\u00f6nnen<\/h2>\n\n\n\n<p>Obwohl die meisten Gesch\u00e4fte geschlossen sein werden, werden wichtige Dienstleistungen und eine begrenzte Anzahl von Gesch\u00e4ften ge\u00f6ffnet bleiben.<\/p>\n\n\n\n<p>Am Feiertag k\u00f6nnen folgende Gesch\u00e4fte ge\u00f6ffnet sein:<\/p>\n\n\n\n<ul class=\"wp-block-list\">\n<li>Tankstellengesch\u00e4fte<\/li>\n\n\n\n<li>Apotheken mit Rotationsdienst<\/li>\n\n\n\n<li>Unabh\u00e4ngige Blumenl\u00e4den<\/li>\n\n\n\n<li>Zeitungskioske<\/li>\n\n\n\n<li>S\u00fc\u00dfwarengesch\u00e4fte<\/li>\n\n\n\n<li>Restaurants und Unterhaltungslokale<\/li>\n<\/ul>\n\n\n\n<p>Die M\u00fcllabfuhr wird nach dem \u00fcblichen Zeitplan fortgesetzt, <a href=\"https:\/\/24.hu\/fn\/gazdasag\/2026\/04\/27\/igy-lesznek-nyitva-a-boltok-a-majus-1-jei-hosszu-hetvegen\/\" target=\"_blank\" rel=\"noopener\">berichtet 24.hu<\/a>.<\/p>\n\n\n\n<p>Dar\u00fcber hinaus k\u00f6nnen einige kleine L\u00e4den \u00f6ffnen, wenn der Besitzer anwesend ist, und einige 24-Stunden-L\u00e4den und Tankstellen bleiben ebenfalls ge\u00f6ffnet.<\/p>\n\n\n\n<h2 class=\"wp-block-heading\">Zeitplan f\u00fcr den Einzelhandel: vor und nach den Feiertagen<\/h2>\n\n\n\n<p>An den umliegenden Tagen gelten die normalen Handelsregeln:<\/p>\n\n\n\n<ul class=\"wp-block-list\">\n<li><strong>30. April (Donnerstag):<\/strong> normale \u00d6ffnungszeiten<\/li>\n\n\n\n<li><strong>1. Mai (Freitag):<\/strong> landesweit geschlossen<\/li>\n\n\n\n<li><strong>2. Mai (Samstag):<\/strong> normale Wochenend\u00f6ffnungszeiten<\/li>\n\n\n\n<li><strong>3. Mai (Sonntag):<\/strong> normale Sonntags\u00f6ffnungszeiten<\/li>\n<\/ul>\n\n\n\n<p>Au\u00dferhalb des Feiertags selbst erwarten die Einzelh\u00e4ndler keine gr\u00f6\u00dferen \u00c4nderungen.<\/p>\n\n\n\n<figure class=\"wp-block-image aligncenter size-full\"><img loading=\"lazy\" decoding=\"async\" width=\"1000\" height=\"667\" src=\"https:\/\/dailynewshungary.b-cdn.net\/wp-content\/uploads\/2024\/04\/aldi-store-shopping.jpg\" alt=\"aldi store shopping 1 may 20 august 23 october\" class=\"wp-image-596524\" srcset=\"https:\/\/contentf5.dailynewshungary.com\/wp-content\/uploads\/2024\/04\/aldi-store-shopping.jpg 1000w, https:\/\/contentf5.dailynewshungary.com\/wp-content\/uploads\/2024\/04\/aldi-store-shopping-768x512.jpg 768w, https:\/\/contentf5.dailynewshungary.com\/wp-content\/uploads\/2024\/04\/aldi-store-shopping-333x222.jpg 333w, https:\/\/contentf5.dailynewshungary.com\/wp-content\/uploads\/2024\/04\/aldi-store-shopping-248x165.jpg 248w, https:\/\/contentf5.dailynewshungary.com\/wp-content\/uploads\/2024\/04\/aldi-store-shopping-112x75.jpg 112w, https:\/\/contentf5.dailynewshungary.com\/wp-content\/uploads\/2024\/04\/aldi-store-shopping-480x320.jpg 480w\" sizes=\"auto, (max-width: 1000px) 100vw, 1000px\" \/><figcaption class=\"wp-element-caption\">Der Tag der Arbeit f\u00e4llt dieses Jahr in Ungarn auf einen Freitag, so dass die meisten Arbeitnehmer ein dreit\u00e4giges langes Wochenende haben. Foto: <a href=\"https:\/\/depositphotos.com\/photos\/aldi.html?filter=all&amp;qview=620320520\" target=\"_blank\" rel=\"noopener\">depositphotos.com<\/a><\/figcaption><\/figure>\n\n<h2 class=\"wp-block-heading\">Einkaufsketten: was geschlossen bleibt<\/h2>\n\n\n\n<p>Die wichtigsten Supermarktketten werden nach einem einheitlichen Muster arbeiten:<\/p>\n\n\n\n<ul class=\"wp-block-list\">\n<li>Aldi, Lidl, Penny, Tesco, Spar, Interspar: am 1. Mai geschlossen<\/li>\n\n\n\n<li>Am 2. und 3. Mai wie gewohnt ge\u00f6ffnet<\/li>\n<\/ul>\n\n\n\n<p>Auchan und andere Verbraucherm\u00e4rkte bleiben am Feiertag ebenfalls geschlossen, wobei einige Dienstleistungen (wie Tankstellengesch\u00e4fte oder Online-Lieferdienste) je nach Standort unterschiedlich sein k\u00f6nnen.<\/p>\n\n\n\n<p>Auch die CBA- und Coop-Filialen schlie\u00dfen in der Regel am 1. Mai, aber da viele von ihnen im Rahmen von Franchisesystemen betrieben werden, k\u00f6nnen individuelle Ausnahmen gelten.<\/p>\n\n\n\n<h2 class=\"wp-block-heading\">Gesch\u00e4ftige Zeiten: Wann Sie w\u00e4hrend des langen Wochenendes nicht einkaufen sollten<\/h2>\n\n\n\n<p>Einzelhandelsexperten rechnen mit zwei gro\u00dfen Ansturmzeiten:<\/p>\n\n\n\n<ul class=\"wp-block-list\">\n<li><strong>30. April (Donnerstag):<\/strong> Last-Minute-Einkaufsspitzen vor den Feiertagen<\/li>\n\n\n\n<li><strong>2. Mai (Samstag):<\/strong> Auff\u00fcllen der Lagerbest\u00e4nde und Wochenendeinkaufsverkehr<\/li>\n<\/ul>\n\n\n\n<p>Die Superm\u00e4rkte werden w\u00e4hrend dieser Zeitr\u00e4ume wahrscheinlich deutlich voller sein, insbesondere am Nachmittag.<\/p>\n\n\n\n<h2 class=\"wp-block-heading\">Maifeiertag und Muttertag fallen zusammen<\/h2>\n\n\n\n<p>Das diesj\u00e4hrige lange Wochenende wird durch den Muttertag, der auf Sonntag (3. Mai) f\u00e4llt, noch versch\u00e4rft. Daher wird erwartet, dass die Nachfrage nach Blumen, Pralinen, Kuchen und kleinen Geschenken w\u00e4hrend des gesamten Wochenendes steigen wird.<\/p>\n\n\n\n<p>Vor allem die Blumenl\u00e4den k\u00f6nnten ihre \u00d6ffnungszeiten am Sonntag verl\u00e4ngern, um die Nachfrage zu befriedigen.<\/p>\n\n\n\n<h2 class=\"wp-block-heading\">Veranstaltungen und \u00f6ffentliche Feiern<\/h2>\n\n\n\n<p>Der 1. Mai ist in Ungarn nach wie vor ein bedeutender Feiertag, der traditionell mit Gemeindeveranstaltungen, Messen und Maj\u00e1lis-Festivals im ganzen Land begangen wird.<\/p>\n\n\n\n<p>In Budapest organisieren die Gewerkschaften Feierlichkeiten in ihrem Hauptquartier im V\u00e1rosligeti fasor, und auch landesweit werden familienfreundliche Programme und \u00f6ffentliche Versammlungen erwartet.<\/p>\n\n\n\n<h2 class=\"wp-block-heading\">Kurz gesagt<\/h2>\n\n\n\n<ul class=\"wp-block-list\">\n<li>Die meisten Gesch\u00e4fte sind am <strong>1. Mai (Freitag)<\/strong> geschlossen<\/li>\n\n\n\n<li>Der normale Wochenendhandel wird am <strong>2. und 3. Mai<\/strong> wieder aufgenommen.<\/li>\n\n\n\n<li>Wichtige Dienstleistungen (Apotheken, Tankstellen, einige Kioske) bleiben ge\u00f6ffnet<\/li>\n\n\n\n<li>Rechnen Sie mit starkem Einkaufsverkehr vor und nach dem Feiertag<\/li>\n\n\n\n<li>Auch der Muttertag wird f\u00fcr eine erh\u00f6hte Nachfrage sorgen, insbesondere nach Blumen und Geschenken<\/li>\n<\/ul>\n\n\n\n<pre class=\"wp-block-verse has-text-align-center has-juicy-peach-gradient-background has-background\"><strong>Falls Sie es verpasst haben: <a href=\"https:\/\/dailynewshungary.com\/de\/warnung-kalteeinbruch-bringt-frost-bevor-es-am-langen-wochenende-in-ungarn-fruhsommerlich-warm-wird\/\/\">Warnung: K\u00e4lteeinbruch bringt Frost, bevor am langen Wochenende in Ungarn fr\u00fchsommerliche W\u00e4rme Einzug h\u00e4lt<\/a><\/strong><\/pre>","protected":false},"excerpt":{"rendered":"<p>Der 1. Mai (Tag der Arbeit) f\u00e4llt in diesem Jahr in Ungarn auf einen Freitag und beschert den meisten Arbeitnehmern ein dreit\u00e4giges langes Wochenende. Da dies ein gesetzlicher Feiertag ist, bleiben die meisten Gesch\u00e4fte im ganzen Land an diesem Tag geschlossen. Langes Wochenende steht bevor Gro\u00dfe Einzelhandelsketten, Einkaufszentren und die meisten Einzelhandelsgesch\u00e4fte werden am Freitag [&hellip;]<\/p>\n","protected":false},"author":62,"featured_media":786896,"comment_status":"open","ping_status":"open","sticky":false,"template":"","format":"standard","meta":{"_acf_changed":false,"_display_image":"yes","footnotes":""},"categories":[4407],"tags":[1166,4458,1467,1076],"class_list":["post-786895","post","type-post","status-publish","format-standard","has-post-thumbnail","hentry","category-leben","tag-einkaufen","tag-kategorie-alltag","tag-nutzliches-dnh","tag-ungarn"],"blocksy_meta":[],"acf":[],"author_username":"hmercedesz","telegram_post":"","public_post_metadata":{"breaking_news":"yes","important":"no","csempe":"yes","center_tile":"no","disable_thumbnail":"no","target_lang":"","_featured_image_style":"default","telegram_post":"","_xlat_group_id":"07117f5e-b89f-4e8e-926f-5b245a3f8110"},"public_rank_math_data":{"title":"%title% %sep% %sitename%","description":"","focus_keyword":"langes Wochenende","canonical_url":"","robots":"","primary_category":"4407","breadcrumb_title":"","facebook_title":"","facebook_description":"","facebook_image":"","facebook_image_id":"","twitter_title":"","twitter_description":"","twitter_image":"","twitter_image_id":"","twitter_card_type":"","twitter_use_facebook":"","advanced_robots":"","pillar_content":"","seo_score":"75","contentai_score":"","rich_snippet":""},"_links":{"self":[{"href":"https:\/\/dailynewshungary.com\/de\/wp-json\/wp\/v2\/posts\/786895","targetHints":{"allow":["GET"]}}],"collection":[{"href":"https:\/\/dailynewshungary.com\/de\/wp-json\/wp\/v2\/posts"}],"about":[{"href":"https:\/\/dailynewshungary.com\/de\/wp-json\/wp\/v2\/types\/post"}],"author":[{"embeddable":true,"href":"https:\/\/dailynewshungary.com\/de\/wp-json\/wp\/v2\/users\/62"}],"replies":[{"embeddable":true,"href":"https:\/\/dailynewshungary.com\/de\/wp-json\/wp\/v2\/comments?post=786895"}],"version-history":[{"count":0,"href":"https:\/\/dailynewshungary.com\/de\/wp-json\/wp\/v2\/posts\/786895\/revisions"}],"wp:featuredmedia":[{"embeddable":true,"href":"https:\/\/dailynewshungary.com\/de\/wp-json\/wp\/v2\/media\/786896"}],"wp:attachment":[{"href":"https:\/\/dailynewshungary.com\/de\/wp-json\/wp\/v2\/media?parent=786895"}],"wp:term":[{"taxonomy":"category","embeddable":true,"href":"https:\/\/dailynewshungary.com\/de\/wp-json\/wp\/v2\/categories?post=786895"},{"taxonomy":"post_tag","embeddable":true,"href":"https:\/\/dailynewshungary.com\/de\/wp-json\/wp\/v2\/tags?post=786895"}],"curies":[{"name":"wp","href":"https:\/\/api.w.org\/{rel}","templated":true}]}}