{"id":786897,"date":"2026-04-27T19:34:00","date_gmt":"2026-04-27T17:34:00","guid":{"rendered":"https:\/\/dailynewshungary.com\/de\/wo-sind-die-acht-milliarden-takacs-peter-ein-hohes-fidesz-mitglied-wird-wegen-der-covid-milliarden-konfrontiert\/"},"modified":"2026-04-27T19:34:00","modified_gmt":"2026-04-27T17:34:00","slug":"wo-sind-die-acht-milliarden-takacs-peter-ein-hohes-fidesz-mitglied-wird-wegen-der-covid-milliarden-konfrontiert","status":"publish","type":"post","link":"https:\/\/dailynewshungary.com\/de\/wo-sind-die-acht-milliarden-takacs-peter-ein-hohes-fidesz-mitglied-wird-wegen-der-covid-milliarden-konfrontiert\/","title":{"rendered":"\u201cWo sind die acht Milliarden?\u201d \u2013 Tak\u00e1cs P\u00e9ter, ein hohes Fidesz-Mitglied, wird wegen der Covid-Milliarden konfrontiert"},"content":{"rendered":"<p><strong>Tak\u00e1cs P\u00e9ter, Staatssekret\u00e4r f\u00fcr Gesundheit, wurde in einem Budaer Einkaufszentrum von seiner Vergangenheit eingeholt: Ein unbekannter Mann schrie ihn von einer fahrenden Rolltreppe herunter und verlangte zu wissen, was mit den acht Milliarden Forint geschehen sei, die w\u00e4hrend der Covid-Pandemie ausgegeben wurden. <\/strong><\/p>\n\n\n\n<h2 class=\"wp-block-heading\">Schreien auf der Rolltreppe<\/h2>\n\n\n\n<p>Auf dem Filmmaterial schreit ein Mann den Staatssekret\u00e4r f\u00fcr Gesundheit Tak\u00e1cs P\u00e9ter an: <\/p>\n\n\n\n<blockquote class=\"wp-block-quote is-layout-flow wp-block-quote-is-layout-flow\">\n<p>&#8220;Hey, Tak\u00e1cs! Wo sind die acht Milliarden?&#8221; <\/p>\n<\/blockquote>\n\n\n\n<iframe loading=\"lazy\" src=\"https:\/\/www.facebook.com\/plugins\/video.php?height=476&#038;href=https%3A%2F%2Fwww.facebook.com%2Freel%2F2139991510184762%2F&#038;show_text=false&#038;width=267&#038;t=0\" width=\"267\" height=\"476\" style=\"border:none;overflow:hidden\" scrolling=\"no\" frameborder=\"0\" allowfullscreen=\"true\" allow=\"autoplay; clipboard-write; encrypted-media; picture-in-picture; web-share\" allowFullScreen=\"true\"><\/iframe>\n\n\n\n<blockquote class=\"wp-block-quote is-layout-flow wp-block-quote-is-layout-flow\">\n<p>Der Politiker antwortet: &#8220;Bei Ihrer Mutter&#8221;, und f\u00fcgt hinzu: &#8220;Ich werde Sie auch verklagen.&#8221; <\/p>\n<\/blockquote>\n\n\n\n<p>Die Szene erregte nicht nur wegen ihres Tons Aufmerksamkeit, sondern auch, weil sie die Kontroverse um die Beatmungsger\u00e4te und die Verwendung der Covid-Millionen wieder an die Oberfl\u00e4che brachte.<\/p>\n\n\n\n<h2 class=\"wp-block-heading\">Ein Milliarden-Auftrag <\/h2>\n\n\n\n<p>Die Geschichte der Covid-Millionen geht auf das Fr\u00fchjahr 2020 zur\u00fcck, als die ungarische Regierung w\u00e4hrend der ersten Covid-Welle einen Vertrag \u00fcber 17 Milliarden Forint mit Fourcardinal Tan\u00e1csad\u00f3 Kft. \u00fcber die Beschaffung von tausend chinesischen Beatmungsger\u00e4ten unterzeichnete. Aufgrund der weltweiten Knappheit wurden schnelle Entscheidungen getroffen, oft ohne eine genaue Einsch\u00e4tzung des tats\u00e4chlichen Bedarfs. <\/p>\n\n\n\n<p>Die Einnahmen von Fourcardinal stiegen im Jahr 2020 auf fast 50 Milliarden Forint, was einer 218-fachen Steigerung entspricht. Sp\u00e4ter wurden 18,2 Milliarden Forint an Dividenden aus dem Unternehmen abgezogen, das daraufhin aufgel\u00f6st wurde. Das Gesch\u00e4ft mit den Beatmungsger\u00e4ten wurde damit nicht nur zu einem gesundheitlichen, sondern auch zu einem wirtschaftlichen Problem.<\/p>\n\n\n\n<h2 class=\"wp-block-heading\">Wohin ist das Geld geflossen? Die Rolle der Seidenstra\u00dfe<\/h2>\n\n\n\n<p>Ein erheblicher Teil des Gewinns ging an ein anderes Unternehmen, die SRF Silk Road Fund Holding Zrt., die letztlich 7\/8 der Einnahmen erhielt. Es handelte sich um insgesamt 15,9 Milliarden Forint, von denen 8,05 Milliarden als Dividende ausgesch\u00fcttet wurden &#8211; das ist die Summe, die die Beschaffung des Beatmungsger\u00e4ts zu einem Gegenstand der anhaltenden Debatte gemacht hat.<\/p>\n\n\n\n<p> Der Schwager von Tak\u00e1cs P\u00e9ter, G\u00e1bor K\u0151szegi, war ebenfalls an dem Unternehmen beteiligt und hatte einigen Behauptungen zufolge eine f\u00fchrende Rolle inne. Obwohl er offiziell kein Eigent\u00fcmer war, entsprach seine Zeichnungsbefugnis der des Gesch\u00e4ftsf\u00fchrers, so <a href=\"https:\/\/telex.hu\/belfold\/2026\/04\/25\/nyolcmilliard-takacs-peter-lelegeztetogep-silk-road-srf-koszegi-gabor-fourcardinal\" target=\"_blank\" rel=\"noopener\">Telex<\/a>.<\/p>\n\n\n\n<h2 class=\"wp-block-heading\">Was sagen die Beteiligten?<\/h2>\n\n\n\n<p>G\u00e1bor K\u0151szegi sagt, einige Behauptungen seien irref\u00fchrend. <\/p>\n\n\n\n<blockquote class=\"wp-block-quote is-layout-flow wp-block-quote-is-layout-flow\">\n<p>Er erkl\u00e4rte: &#8220;Es ist auch unwahr, dass Fourcardinal Kft. mit Beatmungsger\u00e4ten einen Gewinn von 8 Milliarden Forint gemacht hat.&#8221; Er f\u00fcgte hinzu: &#8220;Ich habe keinen Gewinn aus dem Verkauf von Beatmungsger\u00e4ten erhalten&#8221;, r\u00e4umte aber ein, dass er von der Beschaffung anderer medizinischer Ger\u00e4te profitiert hat. <\/p>\n<\/blockquote>\n\n\n\n<p>Tak\u00e1cs P\u00e9ter wies die Vorw\u00fcrfe entschieden zur\u00fcck: <\/p>\n\n\n\n<blockquote class=\"wp-block-quote is-layout-flow wp-block-quote-is-layout-flow\">\n<p>&#8220;Weder ich noch meine Familie besitzen Verm\u00f6genswerte im Wert von 8 Milliarden Forint&#8221;, und betonte: &#8220;Die Firma, die meinen Schwager besch\u00e4ftigt hat, hat genau 0 (null) Beatmungsger\u00e4te ins Land gebracht.&#8221; <\/p>\n<\/blockquote>\n\n\n\n<p>Er bezeichnete alle gegen ihn erhobenen Vorw\u00fcrfe im Zusammenhang mit den Beatmungsger\u00e4ten als politische Angriffe.<\/p>\n\n\n\n<h2 class=\"wp-block-heading\">Ermittlungen, Gerichtsverfahren und politische Kontroverse<\/h2>\n\n\n\n<p>Der Fall wurde von mehreren Beh\u00f6rden untersucht &#8211; darunter KEHI und NAV &#8211; und es wurde offiziell kein Rechtsversto\u00df festgestellt. Dennoch stehen die w\u00e4hrend der Covid-Periode beschafften Beatmungsger\u00e4te weiterhin im Mittelpunkt einer politischen Kontroverse. <\/p>\n\n\n\n<p>Tak\u00e1cs P\u00e9ter hat bereits rechtliche Schritte gegen die Politiker eingeleitet, die die Vorw\u00fcrfe erhoben haben, und hat angedeutet, dass er in Zukunft in jedem \u00e4hnlichen Fall in gleicher Weise reagieren wird. Die n\u00e4chste Anh\u00f6rung in diesem Fall ist f\u00fcr August 2026 angesetzt.<\/p>\n\n\n\n<pre class=\"wp-block-verse has-text-align-center has-juicy-peach-gradient-background has-background\"><strong>Falls Sie es verpasst haben: <\/strong><a href=\"https:\/\/dailynewshungary.com\/de\/incoming-pm-magyar-to-head-to-brussels-for-urgent-eu-funds-talks-with-ursula-von-der-leyen\/\/\">Der neue Premierminister Magyar reist zu dringenden Gespr\u00e4chen \u00fcber EU-Gelder mit Ursula von der Leyen nach Br\u00fcssel<\/a><\/pre>","protected":false},"excerpt":{"rendered":"<p>Tak\u00e1cs P\u00e9ter, Staatssekret\u00e4r f\u00fcr Gesundheit, wurde in einem Budaer Einkaufszentrum von seiner Vergangenheit eingeholt: Ein unbekannter Mann schrie ihn von einer fahrenden Rolltreppe herunter und verlangte zu wissen, was mit den acht Milliarden Forint geschehen sei, die w\u00e4hrend der Covid-Pandemie ausgegeben wurden. Schreien auf der Rolltreppe Auf dem Filmmaterial schreit ein Mann den Staatssekret\u00e4r f\u00fcr [&hellip;]<\/p>\n","protected":false},"author":91,"featured_media":786898,"comment_status":"open","ping_status":"open","sticky":false,"template":"","format":"standard","meta":{"_acf_changed":false,"_display_image":"yes","footnotes":""},"categories":[4571],"tags":[4635,4500,1091,1066],"class_list":["post-786897","post","type-post","status-publish","format-standard","has-post-thumbnail","hentry","category-flash","tag-category-briefing","tag-category-hungarian-politics","tag-fidesz","tag-hungary"],"blocksy_meta":[],"acf":[],"author_username":"api","telegram_post":"","public_post_metadata":{"breaking_news":"yes","important":"no","csempe":"yes","center_tile":"no","disable_thumbnail":"no","target_lang":"","_featured_image_style":"default","telegram_post":"","_xlat_group_id":"88a04f99-2a01-4578-a10d-5cbe6f045283"},"public_rank_math_data":{"title":"Skandal: Hochrangiger Fidesz-Politiker wegen Covid-Milliarden konfrontiert","description":"Der Staatssekret\u00e4r f\u00fcr Gesundheit wurde in einem Budaer Einkaufszentrum \u00fcberrascht, als ein Unbekannter Antworten zu den fehlenden Covid-Milliarden forderte.","focus_keyword":"Milliarden","canonical_url":"","robots":"","primary_category":"4571","breadcrumb_title":"","facebook_title":"","facebook_description":"","facebook_image":"","facebook_image_id":"","twitter_title":"","twitter_description":"","twitter_image":"","twitter_image_id":"","twitter_card_type":"","twitter_use_facebook":"","advanced_robots":"","pillar_content":"","seo_score":"78","contentai_score":"","rich_snippet":""},"_links":{"self":[{"href":"https:\/\/dailynewshungary.com\/de\/wp-json\/wp\/v2\/posts\/786897","targetHints":{"allow":["GET"]}}],"collection":[{"href":"https:\/\/dailynewshungary.com\/de\/wp-json\/wp\/v2\/posts"}],"about":[{"href":"https:\/\/dailynewshungary.com\/de\/wp-json\/wp\/v2\/types\/post"}],"author":[{"embeddable":true,"href":"https:\/\/dailynewshungary.com\/de\/wp-json\/wp\/v2\/users\/91"}],"replies":[{"embeddable":true,"href":"https:\/\/dailynewshungary.com\/de\/wp-json\/wp\/v2\/comments?post=786897"}],"version-history":[{"count":0,"href":"https:\/\/dailynewshungary.com\/de\/wp-json\/wp\/v2\/posts\/786897\/revisions"}],"wp:featuredmedia":[{"embeddable":true,"href":"https:\/\/dailynewshungary.com\/de\/wp-json\/wp\/v2\/media\/786898"}],"wp:attachment":[{"href":"https:\/\/dailynewshungary.com\/de\/wp-json\/wp\/v2\/media?parent=786897"}],"wp:term":[{"taxonomy":"category","embeddable":true,"href":"https:\/\/dailynewshungary.com\/de\/wp-json\/wp\/v2\/categories?post=786897"},{"taxonomy":"post_tag","embeddable":true,"href":"https:\/\/dailynewshungary.com\/de\/wp-json\/wp\/v2\/tags?post=786897"}],"curies":[{"name":"wp","href":"https:\/\/api.w.org\/{rel}","templated":true}]}}