{"id":786899,"date":"2026-04-27T20:54:00","date_gmt":"2026-04-27T18:54:00","guid":{"rendered":"https:\/\/dailynewshungary.com\/de\/top-nachrichten-aus-ungarn-ungarns-elite-verschiebt-reichtum-ins-ausland-fidesz-organisationsleiter-verhaftet-langes-wochenende-27-april-2026\/"},"modified":"2026-04-27T20:54:00","modified_gmt":"2026-04-27T18:54:00","slug":"top-nachrichten-aus-ungarn-ungarns-elite-verschiebt-reichtum-ins-ausland-fidesz-organisationsleiter-verhaftet-langes-wochenende-27-april-2026","status":"publish","type":"post","link":"https:\/\/dailynewshungary.com\/de\/top-nachrichten-aus-ungarn-ungarns-elite-verschiebt-reichtum-ins-ausland-fidesz-organisationsleiter-verhaftet-langes-wochenende-27-april-2026\/","title":{"rendered":"Top-Nachrichten aus Ungarn: Ungarns Elite verschiebt Reichtum ins Ausland, Fidesz-Organisationsleiter verhaftet, langes Wochenende \u2013 27. April 2026"},"content":{"rendered":"<p><strong>Ein dramatischer Bericht behauptet, dass Ungarns Elite nach der Wahlniederlage m\u00f6glicherweise Verm\u00f6gen \u00fcber Wien ins Ausland verschiebt, w\u00e4hrend sich der politische Umbruch mit Verhaftungen, internen Streitigkeiten und einer gro\u00dfen Umbildung innerhalb der Fidesz versch\u00e4rft.<\/strong><\/p>\n\n\n\n<h2 class=\"wp-block-heading\">Die heutige Topmeldung aus Ungarn:<\/h2>\n\n\n\n<ul class=\"wp-block-list\">\n<li>Bericht: Reichtum der ungarischen Elite <a href=\"https:\/\/dailynewshungary.com\/de\/vermogen-der-ungarischen-elite-unter-orban-wird-nach-der-wahlniederlage-aus-wien-ausgeflogen-bericht\/\/\"><strong>unter Orb\u00e1n wird nach der Wahlniederlage von Wien aus ausgeflogen<\/strong><\/a> &#8211; UPDATE: Steuerbeh\u00f6rde<\/li>\n<\/ul>\n\n\n\n<h2 class=\"wp-block-heading\">Au\u00dfenpolitik:<\/h2>\n\n\n\n<ul class=\"wp-block-list\">\n<li>Neuer au\u00dfenpolitischer Plan in Ungarn: <a href=\"https:\/\/dailynewshungary.com\/de\/neuer-ausenpolitischer-plan-in-ungarn-ruckkehr-eines-osterreichisch-ungarischen-bundnisses\/\/\"><strong>R\u00fcckkehr zu einem \u00f6sterreichisch-ungarischen B\u00fcndnis?<\/strong><\/a><\/li>\n<\/ul>\n\n\n\n<h2 class=\"wp-block-heading\">Fidesz:<\/h2>\n\n\n\n<ul class=\"wp-block-list\">\n<li>Ehemaliger <a href=\"https:\/\/dailynewshungary.com\/de\/ehemaliger-leiter-der-fidesz-organisation-am-budapester-flughafen-festgenommen\/\/\"><strong>Leiter der Fidesz-Organisation<\/strong><\/a> am Budapester Flughafen <a href=\"https:\/\/dailynewshungary.com\/de\/ehemaliger-leiter-der-fidesz-organisation-am-budapester-flughafen-festgenommen\/\/\"><strong>verhaftet<\/strong><\/a> <\/li>\n\n\n\n<li>Orb\u00e1n verl\u00e4sst das Parlament, hochrangige Pers\u00f6nlichkeiten treten zur\u00fcck, <a href=\"https:\/\/dailynewshungary.com\/de\/orban-verlasst-das-parlament-hochrangige-personlichkeiten-treten-zuruck-offizielle-fidesz-fraktion-angekundigt\/\/\"><strong>offizielle Fidesz-Fraktion angek\u00fcndigt<\/strong><\/a><\/li>\n<\/ul>\n\n\n\n<h2 class=\"wp-block-heading\">Interne Skandale:<\/h2>\n\n\n\n<ul class=\"wp-block-list\">\n<li>Regierungsnahe Tageszeitung <a href=\"https:\/\/dailynewshungary.com\/de\/regierungsnahe-tageszeitung-muss-sich-beim-designierten-premierminister-magyar-wegen-insekten-beleidigungen-entschuldigen\/\/\"><strong>muss sich<\/strong><\/a> wegen &#8220;Insekten&#8221;-Beleidigungen <a href=\"https:\/\/dailynewshungary.com\/de\/regierungsnahe-tageszeitung-muss-sich-beim-designierten-premierminister-magyar-wegen-insekten-beleidigungen-entschuldigen\/\/\"><strong>beim neuen Premierminister Magyar entschuldigen<\/strong><\/a> <\/li>\n\n\n\n<li>Fidesz-Abgeordneter: <a href=\"https:\/\/dailynewshungary.com\/de\/fidesz-abgeordneter-mutter-von-peter-magyar-hat-verleumdungsklage-gegen-mich-eingereicht\/\/\"><strong>Mutter von P\u00e9ter Magyar hat Verleumdungsklage<\/strong><\/a> gegen mich <a href=\"https:\/\/dailynewshungary.com\/de\/fidesz-abgeordneter-mutter-von-peter-magyar-hat-verleumdungsklage-gegen-mich-eingereicht\/\/\"><strong>eingereicht<\/strong><\/a> <\/li>\n<\/ul>\n\n\n\n<h2 class=\"wp-block-heading\">Langes Wochenende:<\/h2>\n\n\n\n<ul class=\"wp-block-list\">\n<li>Warnung: K\u00e4lteeinbruch bringt <a href=\"https:\/\/dailynewshungary.com\/de\/warnung-kalteeinbruch-bringt-frost-bevor-es-am-langen-wochenende-in-ungarn-fruhsommerlich-warm-wird\/\/\"><strong>Frost, bevor es<\/strong><\/a> am langen Wochenende in Ungarn <a href=\"https:\/\/dailynewshungary.com\/de\/warnung-kalteeinbruch-bringt-frost-bevor-es-am-langen-wochenende-in-ungarn-fruhsommerlich-warm-wird\/\/\"><strong>fr\u00fchsommerlich warm wird<\/strong><\/a> <\/li>\n\n\n\n<li>Gesch\u00e4fte am 1. Mai geschlossen: <a href=\"https:\/\/dailynewshungary.com\/de\/am-1-mai-sind-die-geschafte-geschlossen-was-sie-an-ungarns-langem-wochenende-erwartet\/\/\"><strong>Was Sie an Ungarns langem Wochenende erwartet<\/strong><\/a><\/li>\n<\/ul>\n\n\n\n<p class=\"has-text-align-center\"><strong>Sind Sie und Ihre Freunde an Ungarn interessiert?<\/strong><\/p>\n\n\n\n<p class=\"has-text-align-center\">Melden Sie sich beim Daily News Hungary Briefing an und verpassen Sie nie wieder eine wichtige Nachricht! <a href=\"https:\/\/dailynewshungary.com\/newsletter\/\"><strong>Abonnieren Sie hier unseren t\u00e4glichen Newsletter \u2190<\/strong><\/a><\/p>\n\n\n\n<p class=\"has-text-align-center\"><strong>Lesen Sie unseren aktuellen Weekly Brief unten!<\/strong><\/p>\n\n\n\n<div class=\"substack-post-embed\"><p lang=\"en-gb\">W\u00f6chentlicher Brief an Ungarn: Ein klareres Bild von Ungarns n\u00e4chster Regierung &#8211; 25. April 2026 von The Hungary Insider<\/p><p>von Daily News Hungary<\/p><a href=\"https:\/\/hungaryinsider.substack.com\/p\/hungary-weekly-brief-a-clearer-picture\" data-post-link target=\"_blank\" rel=\"noopener\">Lesen Sie auf Substack<\/a><\/div><script async src=\"https:\/\/substack.com\/embedjs\/embed.js\" charset=\"utf-8\"><\/script>\n\n\n\n<p><em>Gekennzeichnetes Bild: <a href=\"https:\/\/depositphotos.com\/photo\/building-of-hungarian-parliament-15380271.html\" target=\"_blank\" rel=\"noopener\">depositphotos.com<\/a><\/em><\/p>\n","protected":false},"excerpt":{"rendered":"<p>Ein dramatischer Bericht behauptet, dass Ungarns Elite nach der Wahlniederlage m\u00f6glicherweise Verm\u00f6gen \u00fcber Wien ins Ausland verschiebt, w\u00e4hrend sich der politische Umbruch mit Verhaftungen, internen Streitigkeiten und einer gro\u00dfen Umbildung innerhalb der Fidesz versch\u00e4rft. Die heutige Topmeldung aus Ungarn: Au\u00dfenpolitik: Fidesz: Interne Skandale: Langes Wochenende: Sind Sie und Ihre Freunde an Ungarn interessiert? Melden Sie [&hellip;]<\/p>\n","protected":false},"author":33,"featured_media":786900,"comment_status":"open","ping_status":"open","sticky":false,"template":"","format":"standard","meta":{"_acf_changed":false,"_display_image":"yes","footnotes":""},"categories":[4571],"tags":[4539,1066],"class_list":["post-786899","post","type-post","status-publish","format-standard","has-post-thumbnail","hentry","category-flash","tag-category-quick-news","tag-hungary"],"blocksy_meta":[],"acf":[],"author_username":"ugyelet","telegram_post":"","public_post_metadata":{"breaking_news":"yes","important":"no","csempe":"no","center_tile":"no","disable_thumbnail":"no","target_lang":"","_featured_image_style":"hidden","telegram_post":"","_xlat_group_id":"2649b7ac-0c51-48df-82ae-74c87bdb7e16"},"public_rank_math_data":{"title":"%title% %sep% %sitename%","description":"","focus_keyword":"Ungarn Nachrichten","canonical_url":"","robots":"","primary_category":"4571","breadcrumb_title":"","facebook_title":"","facebook_description":"","facebook_image":"","facebook_image_id":"","twitter_title":"","twitter_description":"","twitter_image":"","twitter_image_id":"","twitter_card_type":"","twitter_use_facebook":"","advanced_robots":"","pillar_content":"","seo_score":"71","contentai_score":"","rich_snippet":""},"_links":{"self":[{"href":"https:\/\/dailynewshungary.com\/de\/wp-json\/wp\/v2\/posts\/786899","targetHints":{"allow":["GET"]}}],"collection":[{"href":"https:\/\/dailynewshungary.com\/de\/wp-json\/wp\/v2\/posts"}],"about":[{"href":"https:\/\/dailynewshungary.com\/de\/wp-json\/wp\/v2\/types\/post"}],"author":[{"embeddable":true,"href":"https:\/\/dailynewshungary.com\/de\/wp-json\/wp\/v2\/users\/33"}],"replies":[{"embeddable":true,"href":"https:\/\/dailynewshungary.com\/de\/wp-json\/wp\/v2\/comments?post=786899"}],"version-history":[{"count":0,"href":"https:\/\/dailynewshungary.com\/de\/wp-json\/wp\/v2\/posts\/786899\/revisions"}],"wp:featuredmedia":[{"embeddable":true,"href":"https:\/\/dailynewshungary.com\/de\/wp-json\/wp\/v2\/media\/786900"}],"wp:attachment":[{"href":"https:\/\/dailynewshungary.com\/de\/wp-json\/wp\/v2\/media?parent=786899"}],"wp:term":[{"taxonomy":"category","embeddable":true,"href":"https:\/\/dailynewshungary.com\/de\/wp-json\/wp\/v2\/categories?post=786899"},{"taxonomy":"post_tag","embeddable":true,"href":"https:\/\/dailynewshungary.com\/de\/wp-json\/wp\/v2\/tags?post=786899"}],"curies":[{"name":"wp","href":"https:\/\/api.w.org\/{rel}","templated":true}]}}