{"id":786903,"date":"2026-04-28T06:04:00","date_gmt":"2026-04-28T04:04:00","guid":{"rendered":"https:\/\/dailynewshungary.com\/de\/theiss-partei-will-innerhalb-von-100-tagen-reformen-im-gesundheitswesen-einleiten-aber-die-herausforderungen-gehen-uber-das-kurzfristige-hinaus\/"},"modified":"2026-04-28T08:20:19","modified_gmt":"2026-04-28T06:20:19","slug":"theiss-partei-will-innerhalb-von-100-tagen-reformen-im-gesundheitswesen-einleiten-aber-die-herausforderungen-gehen-uber-das-kurzfristige-hinaus","status":"publish","type":"post","link":"https:\/\/dailynewshungary.com\/de\/theiss-partei-will-innerhalb-von-100-tagen-reformen-im-gesundheitswesen-einleiten-aber-die-herausforderungen-gehen-uber-das-kurzfristige-hinaus\/","title":{"rendered":"Tisza-Partei will innerhalb von 100 Tagen Reformen im Gesundheitswesen einleiten \u2013 aber die Herausforderungen gehen \u00fcber das Kurzfristige hinaus"},"content":{"rendered":"\n<p><strong>Die Tisza-Partei sagt, dass sie innerhalb ihrer ersten 100 Tage systemische Ver\u00e4nderungen im Gesundheitswesen einleiten w\u00fcrde, aber Berufsverb\u00e4nde warnen, dass die schwerwiegendsten Probleme nicht kurzfristig gel\u00f6st werden k\u00f6nnen.<\/strong><\/p>\n\n\n\n<p>Laut <a href=\"https:\/\/nepszava.hu\/3319333_egestzsegugy-tisza-part-atalakitas-szaz-nap\" target=\"_blank\" rel=\"noopener\">N\u00e9pszava<\/a> wurden in den letzten Monaten bereits detaillierte Gesetzesvorschl\u00e4ge und Ma\u00dfnahmenpakete von Expertengruppen erarbeitet, so dass schon bald konkrete Schritte unternommen werden k\u00f6nnten.<\/p>\n\n\n\n<p>Zu den kurzfristigen Pl\u00e4nen geh\u00f6ren die Einrichtung eines unabh\u00e4ngigen Gesundheitsministeriums, die Einf\u00fchrung eines datengesteuerten Managements und die Schaffung von mehr Transparenz bei den Patientenpfaden. Ziel ist es, ein System zu schaffen, in dem die Leistung der Einrichtungen klar messbar ist und die Patienten nachvollziehen k\u00f6nnen, wann und wo sie versorgt werden.<\/p>\n\n\n\n<p>Die Qualit\u00e4tskontrolle w\u00fcrde durch eine unabh\u00e4ngige Beh\u00f6rde nach dem Vorbild der britischen Care Quality Commission gest\u00e4rkt, die Inspektionen vor Ort durchf\u00fchrt und Bewertungen ver\u00f6ffentlicht, aus denen hervorgeht, wo die Versorgung den Standards entspricht und wo es noch schwerwiegende Defizite gibt.<\/p>\n\n\n\n<p>Die ungarische \u00c4rztekammer <a href=\"https:\/\/www.facebook.com\/photo\/?fbid=1261637722804018&amp;set=a.423776963256769\" target=\"_blank\" rel=\"noopener\">argumentiert<\/a> jedoch, dass Strukturreformen allein nicht ausreichen werden.<\/p>\n\n\n\n<blockquote class=\"wp-block-quote is-layout-flow wp-block-quote-is-layout-flow\">\n<p>&#8220;Ein echter Systemwandel im Gesundheitswesen kann nicht auf organisatorische Ver\u00e4nderungen oder finanzielle Reformen reduziert werden. Es ist notwendig, die berufliche Autonomie wiederherzustellen, die ethischen Standards zu st\u00e4rken und ein Umfeld zu schaffen, in dem Kritik zum Dialog und nicht zur Vergeltung f\u00fchrt [&#8230;] und in dem das Interesse des Patienten Vorrang vor allen anderen \u00dcberlegungen hat.&#8221;<\/p>\n<\/blockquote>\n\n\n\n<p>Nach Ansicht der Kammer haben sich in den vergangenen Jahren nicht nur die strukturellen Probleme vertieft, sondern auch die beruflichen und ethischen Grundlagen ernsthaft besch\u00e4digt. <\/p>\n\n\n\n<p>Politische Loyalit\u00e4t habe in vielen F\u00e4llen Vorrang vor beruflichen Erw\u00e4gungen, was das Vertrauen in das System untergrabe und die Verletzlichkeit der Besch\u00e4ftigten im Gesundheitswesen erh\u00f6he. Daher betonen sie, dass die Reform \u00fcber strukturelle Ver\u00e4nderungen hinausgehen und die Wiederherstellung der Rechenschaftspflicht und der beruflichen Unabh\u00e4ngigkeit beinhalten muss.<\/p>\n\n\n\n<h2 class=\"wp-block-heading\">Reformen sind ohne Personal bedeutungslos<\/h2>\n\n\n\n<p>Eine weitere gro\u00dfe Herausforderung ist der Mangel an medizinischem Personal &#8211; ein Punkt, in dem sich die Berufsverb\u00e4nde weitgehend einig sind. Die Magyar Eg\u00e9szs\u00e9g\u00fcgyi Szakdolgoz\u00f3i Kamara sch\u00e4tzt, dass Zehntausende von Fachkr\u00e4ften im Gesundheitswesen fehlen, w\u00e4hrend das vorhandene Personal \u00fcberlastet ist und schnell altert.<\/p>\n\n\n\n<p>Wie N\u00e9pszava berichtet, warnen Branchenvertreter immer wieder vor dem wachsenden Druck innerhalb des Sektors. Adrianna So\u00f3s, Leiterin der unabh\u00e4ngigen Gewerkschaft des Gesundheitswesens, sagte, eines der dr\u00e4ngendsten Probleme sei die \u00dcberlastung in Verbindung mit der niedrigen Bezahlung. <\/p>\n\n\n\n<blockquote class=\"wp-block-quote is-layout-flow wp-block-quote-is-layout-flow\">\n<p>Ihrer Ansicht nach wird ein sinnvoller Wandel nicht durch einmalige Gehaltserh\u00f6hungen herbeigef\u00fchrt, sondern durch einen vorhersehbaren Karriereweg, der es f\u00fcr die Mitarbeiter lohnenswert macht, langfristig in diesem Beruf zu bleiben.<\/p>\n<\/blockquote>\n\n\n\n<p>Zolt\u00e1n Balogh, Pr\u00e4sident der Ungarischen Kammer f\u00fcr Angeh\u00f6rige der Gesundheitsberufe, teilt diese Ansicht und argumentiert, dass der Sektor nicht einfach &#8220;geflickt&#8221; werden kann, sondern auf neuen Grundlagen aufgebaut werden muss.<\/p>\n\n\n\n<p>Er wies zuvor darauf hin, dass das Durchschnittsalter der Besch\u00e4ftigten im Gesundheitswesen bereits \u00fcber 47 Jahre liegt und mehr als 20.000 Mitarbeiter \u00fcber 50 Jahre alt sind. Gleichzeitig fehlen in der Erwachsenenpflege derzeit rund 14.000 Krankenschwestern und -pfleger, eine L\u00fccke, die sich in den kommenden Jahren wahrscheinlich noch vergr\u00f6\u00dfern wird.<\/p>\n\n\n\n<p>Nach Angaben der Kammer w\u00e4ren mindestens 40.000 zus\u00e4tzliche Fachkr\u00e4fte im Gesundheitswesen erforderlich, um einen sicheren Betrieb des Systems zu gew\u00e4hrleisten.<\/p>\n\n\n\n<p>Die Besorgnis \u00fcber die Zust\u00e4nde in den Krankenh\u00e4usern verdeutlicht die Belastung des Systems zus\u00e4tzlich. Fr\u00fchere Berichte haben gezeigt, dass \u00dcberbelegung und Personalmangel dazu f\u00fchren k\u00f6nnen, dass Patienten auf den Fluren behandelt werden oder lange auf eine Behandlung warten m\u00fcssen.<\/p>\n\n\n\n<h2 class=\"wp-block-heading\">Langfristige Pl\u00e4ne f\u00fcr die Gesundheitsreform<\/h2>\n\n\n\n<p>Abgesehen von den Ma\u00dfnahmen, die schnell eingef\u00fchrt werden k\u00f6nnten, liegt das eigentliche Gewicht des <a href=\"https:\/\/magyartisza.hu\/hirek\/ujsag\/eg%C3%A9szs%C3%A9ges-magyarorsz%C3%A1g-m%C5%B1k%C3%B6d%C5%91-ell%C3%A1t%C3%B3rendszer-val%C3%B3di-megel%C5%91z%C3%A9s-kisz%C3%A1m%C3%ADthat%C3%B3-hozz%C3%A1f%C3%A9r%C3%A9s\" target=\"_blank\" rel=\"noopener\">Programms<\/a> der Tisza-Partei in den l\u00e4ngerfristigen Zielen, die erhebliche Mittel und Zeit erfordern w\u00fcrden:<\/p>\n\n\n\n<ul class=\"wp-block-list\">\n<li>Bis <strong>2027<\/strong> sollen die Wartelisten f\u00fcr station\u00e4re Behandlungen auf maximal sechs Monate und f\u00fcr ambulante Leistungen auf zwei Monate reduziert werden.<\/li>\n\n\n\n<li>Bis <strong>2030<\/strong> w\u00fcrden die Gesundheitsausgaben 7 % des BIP erreichen, mit mindestens 500 Milliarden Forint zus\u00e4tzlicher Mittel pro Jahr<\/li>\n\n\n\n<li>Bis <strong>2035<\/strong> w\u00fcrde die Lebenserwartung auf 80 Jahre steigen, unterst\u00fctzt durch eine st\u00e4rkere Pr\u00e4vention und Initiativen f\u00fcr einen ges\u00fcnderen Lebensstil<\/li>\n\n\n\n<li>Die Notfallversorgung wird verbessert, so dass Krankenwagen <strong>landesweit<\/strong> innerhalb von <strong>15 Minuten<\/strong> eintreffen, und die Fahrzeugflotte wird erneuert.<\/li>\n<\/ul>\n\n\n\n<p>Zu den Reformen geh\u00f6rt auch die Umstrukturierung des Krankenhauswesens. Der Plan sieht vor, gut ausgestattete regionale Zentren zu entwickeln und gleichzeitig kleinere Krankenh\u00e4user zu erhalten und zu st\u00e4rken. Komplexere Eingriffe sollen in diesen Zentren konzentriert werden, w\u00e4hrend die Routineversorgung weiterhin vor Ort verf\u00fcgbar sein soll.<\/p>\n\n\n\n<p>Diese Vorschl\u00e4ge deuten auf ein moderneres und besser finanziertes Gesundheitssystem hin. Die Berufsverb\u00e4nde betonen jedoch, dass die zentrale Frage unver\u00e4ndert bleibt: ob es genug Personal geben wird, um es zu betreiben &#8211; und ob \u00fcber die Strukturreformen hinaus die berufliche Autonomie und das Vertrauen innerhalb des Systems wiederhergestellt werden k\u00f6nnen.<\/p>\n\n\n\n<p>Auch der breitere wirtschaftliche Kontext kann diese Pl\u00e4ne beeinflussen. Wie wir bereits berichtet haben, hat die scheidende Orb\u00e1n-Regierung wichtige Preisobergrenzen auf unbestimmte Zeit verl\u00e4ngert und der n\u00e4chsten Regierung <strong><a href=\"https:\/\/dailynewshungary.com\/orban-govt-price-caps-incoming-tisza-govt\/\">wichtige Entscheidungen \u00fcberlassen<\/a><\/strong>.<\/p>\n\n\n\n<p>Titelfoto: <a href=\"https:\/\/depositphotos.com\/photos\/doctors.html?qview=405711742\" target=\"_blank\" rel=\"noopener\">depositphotos.com<\/a><\/p>\n","protected":false},"excerpt":{"rendered":"<p>Die Tisza-Partei sagt, dass sie innerhalb ihrer ersten 100 Tage systemische Ver\u00e4nderungen im Gesundheitswesen einleiten w\u00fcrde, aber Berufsverb\u00e4nde warnen, dass die schwerwiegendsten Probleme nicht kurzfristig gel\u00f6st werden k\u00f6nnen. Laut N\u00e9pszava wurden in den letzten Monaten bereits detaillierte Gesetzesvorschl\u00e4ge und Ma\u00dfnahmenpakete von Expertengruppen erarbeitet, so dass schon bald konkrete Schritte unternommen werden k\u00f6nnten. Zu den kurzfristigen [&hellip;]<\/p>\n","protected":false},"author":91,"featured_media":786904,"comment_status":"open","ping_status":"open","sticky":false,"template":"","format":"standard","meta":{"_acf_changed":false,"_display_image":"yes","footnotes":""},"categories":[4405],"tags":[4273,4585,4677,1109,1076],"class_list":["post-786903","post","type-post","status-publish","format-standard","has-post-thumbnail","hentry","category-gesundheit","tag-ce","tag-kategorie-leben-in-ungarn","tag-theiss-partei","tag-ungarisches-gesundheitssystem","tag-ungarn"],"blocksy_meta":[],"acf":[],"author_username":"api","telegram_post":"","public_post_metadata":{"breaking_news":"yes","important":"no","csempe":"yes","center_tile":"no","disable_thumbnail":"no","target_lang":"","_featured_image_style":"default","telegram_post":"","_xlat_group_id":"5d63d1f0-e95d-4658-8aed-e378451247bd"},"public_rank_math_data":{"title":"%title% %sep% %sitename%","description":"","focus_keyword":"gesundheitswesen","canonical_url":"","robots":"","primary_category":"4405","breadcrumb_title":"","facebook_title":"","facebook_description":"","facebook_image":"","facebook_image_id":"","twitter_title":"","twitter_description":"","twitter_image":"","twitter_image_id":"","twitter_card_type":"","twitter_use_facebook":"","advanced_robots":"","pillar_content":"","seo_score":"73","contentai_score":"","rich_snippet":""},"_links":{"self":[{"href":"https:\/\/dailynewshungary.com\/de\/wp-json\/wp\/v2\/posts\/786903","targetHints":{"allow":["GET"]}}],"collection":[{"href":"https:\/\/dailynewshungary.com\/de\/wp-json\/wp\/v2\/posts"}],"about":[{"href":"https:\/\/dailynewshungary.com\/de\/wp-json\/wp\/v2\/types\/post"}],"author":[{"embeddable":true,"href":"https:\/\/dailynewshungary.com\/de\/wp-json\/wp\/v2\/users\/91"}],"replies":[{"embeddable":true,"href":"https:\/\/dailynewshungary.com\/de\/wp-json\/wp\/v2\/comments?post=786903"}],"version-history":[{"count":1,"href":"https:\/\/dailynewshungary.com\/de\/wp-json\/wp\/v2\/posts\/786903\/revisions"}],"predecessor-version":[{"id":786907,"href":"https:\/\/dailynewshungary.com\/de\/wp-json\/wp\/v2\/posts\/786903\/revisions\/786907"}],"wp:featuredmedia":[{"embeddable":true,"href":"https:\/\/dailynewshungary.com\/de\/wp-json\/wp\/v2\/media\/786904"}],"wp:attachment":[{"href":"https:\/\/dailynewshungary.com\/de\/wp-json\/wp\/v2\/media?parent=786903"}],"wp:term":[{"taxonomy":"category","embeddable":true,"href":"https:\/\/dailynewshungary.com\/de\/wp-json\/wp\/v2\/categories?post=786903"},{"taxonomy":"post_tag","embeddable":true,"href":"https:\/\/dailynewshungary.com\/de\/wp-json\/wp\/v2\/tags?post=786903"}],"curies":[{"name":"wp","href":"https:\/\/api.w.org\/{rel}","templated":true}]}}