{"id":786952,"date":"2026-04-28T08:14:20","date_gmt":"2026-04-28T06:14:20","guid":{"rendered":"https:\/\/dailynewshungary.com\/de\/ehemaliger-fm-szijjarto-soll-stellvertretender-sprecher-des-neuen-ungarischen-parlaments-werden-peter-magyar-reagierte-harsch\/"},"modified":"2026-04-28T11:57:02","modified_gmt":"2026-04-28T09:57:02","slug":"ehemaliger-fm-szijjarto-soll-stellvertretender-sprecher-des-neuen-ungarischen-parlaments-werden-peter-magyar-reagierte-harsch","status":"publish","type":"post","link":"https:\/\/dailynewshungary.com\/de\/ehemaliger-fm-szijjarto-soll-stellvertretender-sprecher-des-neuen-ungarischen-parlaments-werden-peter-magyar-reagierte-harsch\/","title":{"rendered":"Ehemaliger FM Szijj\u00e1rt\u00f3 soll stellvertretender Sprecher des neuen ungarischen Parlaments werden? P\u00e9ter Magyar reagierte harsch"},"content":{"rendered":"\n<p><strong>Die Tisza-Partei wird nicht f\u00fcr P\u00e9ter Szijj\u00e1rt\u00f3, der &#8220;die ungarischen Interessen verraten hat&#8221;, als stellvertretenden Parlamentspr\u00e4sidenten stimmen, erkl\u00e4rte der designierte Premierminister P\u00e9ter Magyar am Dienstagmorgen auf seiner Facebook-Seite.<\/strong><\/p>\n\n\n\n<p>Der neue Premierminister f\u00fcgte hinzu, dass man darauf warte, dass die Fidesz einen neuen Kandidaten vorschlage.<\/p>\n\n\n\n<pre class=\"wp-block-verse has-text-align-center has-juicy-peach-gradient-background has-background\"><strong><span style=\"text-decoration: underline;\">Falls Sie es verpasst haben:<br><\/span><\/strong><br> <strong>Szijj\u00e1rt\u00f3-Lavrov durchgesickertes Telefonat:<\/strong><strong> <a href=\"https:\/\/dailynewshungary.com\/de\/durchgesickertes-telefonat-szijjarto-lavrov-eu-und-nato-staats-und-regierungschefs-schockiert-uber-respektvollen-ton-bizarre-beziehung\/\/\">EU- und NATO-F\u00fchrer schockiert \u00fcber respektvollen Umgangston und \"bizarre\" Beziehung<\/a><br><\/strong><br> <strong>Hat Minister Szijj\u00e1rt\u00f3 Lawrow w\u00e4hrend der EU-Gespr\u00e4che informiert und angeboten, Dokumente weiterzuleiten? <a href=\"https:\/\/dailynewshungary.com\/de\/hat-minister-szijjarto-lawrow-wahrend-der-eu-gesprache-informiert-und-angeboten-dokumente-weiterzuleiten-durchgesickerte-aufnahmen-hier\/\/\">Durchgesickerte Aufnahmen hier!<\/a><\/strong><\/pre>\n\n\n\n<h2 class=\"wp-block-heading\">Der Rat der Heiligen Krone weigert sich, die Verlegung der Krone zu einer parlamentarischen Zeremonie zu genehmigen<\/h2>\n\n\n\n<p>Das ungarische Gremium f\u00fcr die Heilige Krone hat einen Vorschlag abgelehnt, die Heilige Krone f\u00fcr die offizielle Vereidigung der Abgeordneten von ihrem derzeitigen Platz im Parlament in den Plenarsaal zu verlegen, <a href=\"https:\/\/mti.hu\/en\/articles\/2026\/04\/28\/holy-crown-board-refuses-approve-moving-crown-parliamentary-ceremony\" target=\"_blank\" rel=\"noopener\">teilte der S\u00e1ndor-Palast am sp\u00e4ten Montag mit<\/a>.<\/p>\n\n\n\n<p>Das Gremium hatte dar\u00fcber zu entscheiden, ob es einem Vorschlag zustimmt, der w\u00e4hrend der politischen Konsultationen zur Vorbereitung der Er\u00f6ffnungssitzung des Parlaments gemacht wurde, die Heilige Krone am Tag der Er\u00f6ffnungssitzung 2026 vor\u00fcbergehend im Plenarsaal des Parlaments zu platzieren und zu bewachen.<\/p>\n\n\n\n<figure class=\"wp-block-image aligncenter size-full\"><img decoding=\"async\" src=\"https:\/\/dailynewshungary.b-cdn.net\/wp-content\/uploads\/2026\/04\/Peter-Magyar-Holy-Crown.webp\" alt=\"P\u00e9ter Magyar Holy Crown\" class=\"wp-image-695115\"\/><figcaption class=\"wp-element-caption\">Der kommende Premierminister P\u00e9ter Magyar. Foto: <a href=\"https:\/\/www.facebook.com\/photo.php?fbid=27116063828001375&amp;set=pb.100000733720126.-2207520000&amp;type=3\" target=\"_blank\" rel=\"noopener\">Facebook\/P\u00e9ter Magyar<\/a><\/figcaption><\/figure>\n\n\n\n<p>Pr\u00e4sident Tamas Sulyok, als Vorsitzender des Gremiums der Heiligen Krone, stellte den Vorschlag mit seiner Unterst\u00fctzung vor. Das Gremium diskutierte die Angelegenheit, aber die notwendige Mehrheit f\u00fcr eine inhaltliche Entscheidung wurde nicht erreicht, so dass keine Resolution verabschiedet wurde.<\/p>\n\n\n\n<p>Dies schlie\u00dft nicht aus, dass die Vereidigung vor dem Parlament bei Bedarf immer noch in Anwesenheit der Heiligen Krone an ihrem urspr\u00fcnglichen Standort in der Kuppelhalle des Parlaments in w\u00fcrdiger Weise und in \u00dcbereinstimmung mit den einschl\u00e4gigen gesetzlichen Bestimmungen und historischen Traditionen stattfinden k\u00f6nnte, wurde Pr\u00e4sident Sulyok in der Erkl\u00e4rung zitiert.<\/p>\n\n\n\n<figure class=\"wp-block-image aligncenter size-full\"><img decoding=\"async\" src=\"https:\/\/dailynewshungary.b-cdn.net\/wp-content\/uploads\/2026\/04\/PeterMagyarTamasSulyok.webp\" alt=\"P\u00e9ter Magyar elected prime minister Tam\u00e1s Sulyok president Hungary hungarian government\" class=\"wp-image-694744\"\/><figcaption class=\"wp-element-caption\">P\u00e9ter Magyar und Pr\u00e4sident Tam\u00e1s Sulyok. Foto: <a href=\"https:\/\/www.facebook.com\/photo.php?fbid=27089156674025424&amp;set=pb.100000733720126.-2207520000&amp;type=3\" target=\"_blank\" rel=\"noopener\">P\u00e9ter Magyar\/Facebook<\/a><\/figcaption><\/figure>\n\n\n\n<p>Der Rat der Heiligen Krone besteht aus dem Pr\u00e4sidenten der Republik, dem Premierminister, dem Parlamentspr\u00e4sidenten, dem Pr\u00e4sidenten des Verfassungsgerichts, dem Pr\u00e4sidenten der Kurie, dem Obersten Gerichtshof Ungarns, dem Pr\u00e4sidenten der Ungarischen Akademie der Wissenschaften und dem Pr\u00e4sidenten der Ungarischen Akademie der K\u00fcnste.<\/p>\n\n\n\n<p>Gekennzeichnetes Bild: <a href=\"https:\/\/www.facebook.com\/photo\/?fbid=704590184467611&amp;set=a.413640473562585\" target=\"_blank\" rel=\"noopener\">Facebook\/Szijj\u00e1rt\u00f3 P\u00e9ter<\/a><\/p>\n","protected":false},"excerpt":{"rendered":"<p>Die Tisza-Partei wird nicht f\u00fcr P\u00e9ter Szijj\u00e1rt\u00f3, der &#8220;die ungarischen Interessen verraten hat&#8221;, als stellvertretenden Parlamentspr\u00e4sidenten stimmen, erkl\u00e4rte der designierte Premierminister P\u00e9ter Magyar am Dienstagmorgen auf seiner Facebook-Seite. Der neue Premierminister f\u00fcgte hinzu, dass man darauf warte, dass die Fidesz einen neuen Kandidaten vorschlage. Falls Sie es verpasst haben: Szijj\u00e1rt\u00f3-Lavrov durchgesickertes Telefonat: EU- und NATO-F\u00fchrer [&hellip;]<\/p>\n","protected":false},"author":33,"featured_media":786953,"comment_status":"open","ping_status":"open","sticky":false,"template":"","format":"standard","meta":{"_acf_changed":false,"_display_image":"yes","footnotes":""},"categories":[4396],"tags":[4372,4273,4175,1066,4686],"class_list":["post-786952","post","type-post","status-publish","format-standard","has-post-thumbnail","hentry","category-ungarisch","tag-category-politics","tag-ce","tag-hungarian-parliament-2","tag-hungary","tag-magyar-government"],"blocksy_meta":[],"acf":[],"author_username":"ugyelet","telegram_post":"","public_post_metadata":{"breaking_news":"yes","important":"no","csempe":"no","center_tile":"no","disable_thumbnail":"no","target_lang":"","_featured_image_style":"hidden","telegram_post":"","_xlat_group_id":"40901407-3b24-490e-985b-95a5f75096b2"},"public_rank_math_data":{"title":"P\u00e9ter Szijj\u00e1rt\u00f3 wird stellvertretender Parlamentspr\u00e4sident?","description":"Der Name des ehemaligen Premierministers Szijj\u00e1rt\u00f3 wurde als neuer stellvertretender Parlamentspr\u00e4sident ins Gespr\u00e4ch gebracht - P\u00e9ter Magyar reagierte heftig.","focus_keyword":"Szijj\u00e1rt\u00f3","canonical_url":"","robots":"","primary_category":"4396","breadcrumb_title":"","facebook_title":"","facebook_description":"","facebook_image":"","facebook_image_id":"","twitter_title":"","twitter_description":"","twitter_image":"","twitter_image_id":"","twitter_card_type":"","twitter_use_facebook":"","advanced_robots":"","pillar_content":"","seo_score":"72","contentai_score":"","rich_snippet":""},"_links":{"self":[{"href":"https:\/\/dailynewshungary.com\/de\/wp-json\/wp\/v2\/posts\/786952","targetHints":{"allow":["GET"]}}],"collection":[{"href":"https:\/\/dailynewshungary.com\/de\/wp-json\/wp\/v2\/posts"}],"about":[{"href":"https:\/\/dailynewshungary.com\/de\/wp-json\/wp\/v2\/types\/post"}],"author":[{"embeddable":true,"href":"https:\/\/dailynewshungary.com\/de\/wp-json\/wp\/v2\/users\/33"}],"replies":[{"embeddable":true,"href":"https:\/\/dailynewshungary.com\/de\/wp-json\/wp\/v2\/comments?post=786952"}],"version-history":[{"count":1,"href":"https:\/\/dailynewshungary.com\/de\/wp-json\/wp\/v2\/posts\/786952\/revisions"}],"predecessor-version":[{"id":786957,"href":"https:\/\/dailynewshungary.com\/de\/wp-json\/wp\/v2\/posts\/786952\/revisions\/786957"}],"wp:featuredmedia":[{"embeddable":true,"href":"https:\/\/dailynewshungary.com\/de\/wp-json\/wp\/v2\/media\/786953"}],"wp:attachment":[{"href":"https:\/\/dailynewshungary.com\/de\/wp-json\/wp\/v2\/media?parent=786952"}],"wp:term":[{"taxonomy":"category","embeddable":true,"href":"https:\/\/dailynewshungary.com\/de\/wp-json\/wp\/v2\/categories?post=786952"},{"taxonomy":"post_tag","embeddable":true,"href":"https:\/\/dailynewshungary.com\/de\/wp-json\/wp\/v2\/tags?post=786952"}],"curies":[{"name":"wp","href":"https:\/\/api.w.org\/{rel}","templated":true}]}}