{"id":786976,"date":"2026-04-28T11:26:18","date_gmt":"2026-04-28T09:26:18","guid":{"rendered":"https:\/\/dailynewshungary.com\/de\/breaking-peter-magyar-ernennt-weitere-minister\/"},"modified":"2026-04-28T13:37:12","modified_gmt":"2026-04-28T11:37:12","slug":"breaking-peter-magyar-ernennt-weitere-minister","status":"publish","type":"post","link":"https:\/\/dailynewshungary.com\/de\/breaking-peter-magyar-ernennt-weitere-minister\/","title":{"rendered":"Eilmeldung: P\u00e9ter Magyar ernennt weitere Minister"},"content":{"rendered":"\n<p><strong>P\u00e9ter Magyar, Vorsitzender der Tisza-Partei, hat Zolt\u00e1n Tarr, den stellvertretenden Vorsitzenden der Partei und Leiter ihrer Delegation im Europ\u00e4ischen Parlament, zum Leiter des Ministeriums f\u00fcr soziale Beziehungen und Kultur ernannt. Zolt\u00e1n Tan\u00e1cs, der die Ausarbeitung des Parteiprogramms &#8220;Operatives und humanes Ungarn&#8221; geleitet hat, wird das Ministerium f\u00fcr Wissenschaft und Technologie \u00fcbernehmen.<\/strong><\/p>\n\n\n\n<h2 class=\"wp-block-heading\">P\u00e9ter Magyar k\u00fcndigt neue Minister an<\/h2>\n\n\n\n<p><a href=\"https:\/\/www.facebook.com\/peter.magyar.102\/posts\/pfbid0WecgqMLt4RqwK1cTwQr9K7RaU7PmnQaghs3c6VKhXRL5HeJr74MnAGBTVxr5Jswdl\" target=\"_blank\" rel=\"noopener\">In einem Facebook-Post am Dienstag<\/a> gab der Vorsitzende der Tisza-Partei die beiden Ministerposten bekannt und teilte mit, dass Kriszta B\u00f3dis als Regierungskommissarin f\u00fcr die Ausarbeitung der nationalen sozialpolitischen Strategie sowie f\u00fcr die horizontale Koordinierung von Bildung, sozialen Diensten und Gesundheitswesen zust\u00e4ndig sein wird.<\/p>\n\n\n\n<p>Laut Magyar wird Tarr als Minister die &#8220;Befreiung von politischem Einfluss&#8221; und die Entwicklung von Theater, Tanz und Musik sowie des ungarischen Kinos beaufsichtigen. Der soziale, kulturelle und wirtschaftliche Aufschwung des Landes ist ohne die Freiheit des Denkens und der Kunst nicht denkbar, <a href=\"https:\/\/mti.hu\/hirek\/2026\/04\/28\/tarr-zoltant-es-tanacs-zoltant-miniszternek-kerte-fel-magyar-peter\" target=\"_blank\" rel=\"noopener\">erkl\u00e4rte Magyar<\/a>.<\/p>\n\n\n\n<p>Er f\u00fcgte hinzu, dass Tarr auch den in den letzten zehn Jahren &#8220;absichtlich vernachl\u00e4ssigten und abgebauten&#8221; Schutz des Kulturerbes in Angriff nehmen wird, w\u00e4hrend er den Zustand der \u00f6ffentlichen Sammlungen und der Kreativindustrie in Zusammenarbeit mit den in diesem Bereich t\u00e4tigen Personen kl\u00e4ren wird. Das Ministerium f\u00fcr soziale Beziehungen und Kultur wird sich in Zukunft um die Beziehungen zu den Organisationen der Zivilgesellschaft, den Kirchen und Konfessionen sowie zu den Ungarn jenseits der Grenzen und in der Diaspora k\u00fcmmern, so Magyar. <\/p>\n\n\n\n<p>Magyar k\u00fcndigte an, dass Tan\u00e1cs als Minister daf\u00fcr sorgen wird, dass Ungarn eine moderne, digitale, innovative und erfolgreiche Nation wird, die in der Lage ist, langfristig und strategisch zu denken und wissenschaftlich fundierte, zukunftssichere L\u00f6sungen f\u00fcr Herausforderungen anzubieten.<\/p>\n\n\n\n<p>Zu Tan\u00e1cs&#8217; Aufgaben wird es auch geh\u00f6ren, daf\u00fcr zu sorgen, dass jeder B\u00fcrger und jedes Unternehmen Zugang zu modernen, bequemen, mobilfreundlichen und sicheren digitalen Diensten hat, so dass die Datenbest\u00e4nde des Staates einen Mehrwert schaffen und die Verwaltungsprozesse einfach sind, schrieb der Vorsitzende der Tisza-Partei.<\/p>\n\n\n\n<p>Er merkte an, dass das Ministerium f\u00fcr Wissenschaft und Technologie die Wissenschaftspolitik, die Forschung und Entwicklung sowie die Innovation weiter regulieren und lenken und gleichzeitig ein lebendiges, erfolgreiches Startup-\u00d6kosystem aufbauen wird, um ein wichtiger Motor f\u00fcr die wissensbasierte Wirtschaft Ungarns zu werden.<\/p>\n\n\n\n<h2 class=\"wp-block-heading\">Der Regierungsbeauftragte k\u00fcndigte au\u00dferdem an<\/h2>\n\n\n\n<p>Kriszta B\u00f3dis &#8211; eine Psychologin, Autorin, Dokumentarfilmerin, Expertin f\u00fcr Sozialpolitik, Universit\u00e4tsdozentin und Sozialberaterin &#8211; wird als Regierungsbeauftragte die sozialpolitische Strategie und die Koordinierung der entsprechenden Sektoren \u00fcberwachen, sagte Magyar.<\/p>\n\n\n\n<p>Er hob hervor, dass Frau B\u00f3dis seit mehr als 30 Jahren &#8220;vor Ort&#8221; arbeitet, wo sie das Van Helyed-System aufgebaut hat. Dieses verbindet verschiedene Bereiche der Sozialpolitik, um jedem Kind und jeder Familie unabh\u00e4ngig von den sozialen Umst\u00e4nden den gleichen Zugang zu hochwertiger Bildung und grundlegenden Dienstleistungen zu garantieren.<\/p>\n\n\n\n<figure class=\"wp-block-image aligncenter size-full\"><img decoding=\"async\" src=\"https:\/\/dailynewshungary.b-cdn.net\/wp-content\/uploads\/2026\/04\/Peter-Magyar-and-his-new-ministers-e1777375516890.webp\" alt=\"P\u00e9ter Magyar and his new ministers\" class=\"wp-image-695568\"\/><figcaption class=\"wp-element-caption\">Zolt\u00e1n Tarr (l), Krisztina B\u00f3dis (c), P\u00e9ter Magyar (c), und Zolt\u00e1n Tan\u00e1cs (r). Foto: <a href=\"https:\/\/www.facebook.com\/peter.magyar.102\/posts\/pfbid0WecgqMLt4RqwK1cTwQr9K7RaU7PmnQaghs3c6VKhXRL5HeJr74MnAGBTVxr5Jswdl\" target=\"_blank\" rel=\"noopener\">Facebook\/P\u00e9ter Magyar<\/a><\/figcaption><\/figure>\n\n\n\n<pre class=\"wp-block-verse has-text-align-center has-juicy-peach-gradient-background has-background\"><strong><span style=\"text-decoration: underline;\">Falls Sie es verpasst haben:<br><\/span><\/strong><br><strong><a href=\"https:\/\/dailynewshungary.com\/de\/orban-verlasst-das-parlament-hochrangige-personlichkeiten-treten-zuruck-offizielle-fidesz-fraktion-angekundigt\/\">Orb\u00e1n verl\u00e4sst das Parlament, hochrangige Pers\u00f6nlichkeiten treten zur\u00fcck, offizielle Fidesz-Fraktion angek\u00fcndigt<br><\/a><\/strong><br><strong> Haus der Schwester des ehemaligen Au\u00dfenministers <a href=\"https:\/\/dailynewshungary.com\/de\/haus-der-schwester-des-ehemaligen-ausenministers-szijjarto-fur-nur-12-millionen-euro-zu-verkaufen\/\">Szijj\u00e1rt\u00f3 f\u00fcr nur 1,2 Millionen Euro zu verkaufen<\/a><\/strong><\/pre>\n","protected":false},"excerpt":{"rendered":"<p>P\u00e9ter Magyar, Vorsitzender der Tisza-Partei, hat Zolt\u00e1n Tarr, den stellvertretenden Vorsitzenden der Partei und Leiter ihrer Delegation im Europ\u00e4ischen Parlament, zum Leiter des Ministeriums f\u00fcr soziale Beziehungen und Kultur ernannt. Zolt\u00e1n Tan\u00e1cs, der die Ausarbeitung des Parteiprogramms &#8220;Operatives und humanes Ungarn&#8221; geleitet hat, wird das Ministerium f\u00fcr Wissenschaft und Technologie \u00fcbernehmen. P\u00e9ter Magyar k\u00fcndigt neue [&hellip;]<\/p>\n","protected":false},"author":33,"featured_media":786977,"comment_status":"open","ping_status":"open","sticky":false,"template":"","format":"standard","meta":{"_acf_changed":false,"_display_image":"yes","footnotes":""},"categories":[4396],"tags":[4273,2026,4685,1076],"class_list":["post-786976","post","type-post","status-publish","format-standard","has-post-thumbnail","hentry","category-ungarisch","tag-ce","tag-kategorie-politik","tag-magyar-regierung-2","tag-ungarn"],"blocksy_meta":[],"acf":[],"author_username":"ugyelet","telegram_post":"","public_post_metadata":{"breaking_news":"yes","important":"no","csempe":"yes","center_tile":"no","disable_thumbnail":"no","target_lang":"","_featured_image_style":"hidden","telegram_post":"","_xlat_group_id":"a97cd442-39b4-4791-9abb-74508a5b3b4d"},"public_rank_math_data":{"title":"%title% %sep% %sitename%","description":"P\u00e9ter Magyar hat die Leiter des Ministeriums f\u00fcr soziale Beziehungen und Kultur sowie des Ministeriums f\u00fcr Wissenschaft und Technologie ernannt.","focus_keyword":"P\u00e9ter Magyar","canonical_url":"","robots":"","primary_category":"4396","breadcrumb_title":"","facebook_title":"","facebook_description":"","facebook_image":"","facebook_image_id":"","twitter_title":"","twitter_description":"","twitter_image":"","twitter_image_id":"","twitter_card_type":"","twitter_use_facebook":"","advanced_robots":"","pillar_content":"","seo_score":"72","contentai_score":"","rich_snippet":""},"_links":{"self":[{"href":"https:\/\/dailynewshungary.com\/de\/wp-json\/wp\/v2\/posts\/786976","targetHints":{"allow":["GET"]}}],"collection":[{"href":"https:\/\/dailynewshungary.com\/de\/wp-json\/wp\/v2\/posts"}],"about":[{"href":"https:\/\/dailynewshungary.com\/de\/wp-json\/wp\/v2\/types\/post"}],"author":[{"embeddable":true,"href":"https:\/\/dailynewshungary.com\/de\/wp-json\/wp\/v2\/users\/33"}],"replies":[{"embeddable":true,"href":"https:\/\/dailynewshungary.com\/de\/wp-json\/wp\/v2\/comments?post=786976"}],"version-history":[{"count":2,"href":"https:\/\/dailynewshungary.com\/de\/wp-json\/wp\/v2\/posts\/786976\/revisions"}],"predecessor-version":[{"id":786980,"href":"https:\/\/dailynewshungary.com\/de\/wp-json\/wp\/v2\/posts\/786976\/revisions\/786980"}],"wp:featuredmedia":[{"embeddable":true,"href":"https:\/\/dailynewshungary.com\/de\/wp-json\/wp\/v2\/media\/786977"}],"wp:attachment":[{"href":"https:\/\/dailynewshungary.com\/de\/wp-json\/wp\/v2\/media?parent=786976"}],"wp:term":[{"taxonomy":"category","embeddable":true,"href":"https:\/\/dailynewshungary.com\/de\/wp-json\/wp\/v2\/categories?post=786976"},{"taxonomy":"post_tag","embeddable":true,"href":"https:\/\/dailynewshungary.com\/de\/wp-json\/wp\/v2\/tags?post=786976"}],"curies":[{"name":"wp","href":"https:\/\/api.w.org\/{rel}","templated":true}]}}