{"id":786983,"date":"2026-04-28T13:24:00","date_gmt":"2026-04-28T11:24:00","guid":{"rendered":"https:\/\/dailynewshungary.com\/de\/was-wird-aus-ungarns-extrem-unpopularen-batterieanlagen-das-thema-konnte-auch-fur-die-theis-ein-heises-eisen-werden\/"},"modified":"2026-04-28T15:50:59","modified_gmt":"2026-04-28T13:50:59","slug":"was-wird-aus-ungarns-extrem-unpopularen-batterieanlagen-das-thema-konnte-auch-fur-die-theis-ein-heises-eisen-werden","status":"publish","type":"post","link":"https:\/\/dailynewshungary.com\/de\/was-wird-aus-ungarns-extrem-unpopularen-batterieanlagen-das-thema-konnte-auch-fur-die-theis-ein-heises-eisen-werden\/","title":{"rendered":"Was wird aus Ungarns extrem unpopul\u00e4ren Batterieanlagen? Das Thema k\u00f6nnte auch f\u00fcr die Tisza ein hei\u00dfes Eisen werden"},"content":{"rendered":"<p><strong>Lokale Konflikte, die sich aus dem &#8220;verst\u00e4rkten Gef\u00fchl der Verwundbarkeit und dem Widerstand der Einwohner gegen die Batterieindustrie&#8221; ergeben, k\u00f6nnten dazu beigetragen haben, dass die Unterst\u00fctzung der \u00d6ffentlichkeit f\u00fcr die scheidende Regierungspartei Fidesz schwindet, so das Institut Republikon in einer aktuellen Analyse, die am Dienstag ver\u00f6ffentlicht wurde.<\/strong><\/p>\n\n\n\n<h2 class=\"wp-block-heading\">Wenn es eine Batteriefabrik gibt, bekommt die Fidesz weniger<\/h2>\n\n\n\n<p>Vor den Parlamentswahlen am 12. April f\u00fchrte Republikon eine Umfrage in 20 St\u00e4dten mit Batteriewerken durch und stellte fest, dass <em>&#8220;einer der bedeutendsten Momente des Wahlkampfes die Ver\u00f6ffentlichung eines offiziellen Berichts Anfang 2026 war, der das Samsung-Werk in Gott&#8221;<\/em>, n\u00f6rdlich von Budapest, <em> betraf<\/em>. Darin wurde behauptet, dass das Werk krebserregende und fetotoxische Stoffe in Mengen emittiert hatte, die den zul\u00e4ssigen Grenzwert um das Hundertfache \u00fcberschritten.<\/p>\n\n\n\n<p>Der <a href=\"https:\/\/mti.hu\/en\/articles\/2026\/04\/28\/republikon-local-conflicts-over-battery-plants-contributed-loss-support\" target=\"_blank\" rel=\"noopener\">Analyse<\/a> zufolge ist die Unterst\u00fctzung f\u00fcr den Fidesz in allen untersuchten Ortschaften zwischen 2022 und 2026 zur\u00fcckgegangen, in drei Vierteln der F\u00e4lle lag der R\u00fcckgang unter dem nationalen Durchschnitt. Der R\u00fcckgang war in kleinen Siedlungen wie \u00c1cs, Als\u00f3zsolca oder S\u00f3sk\u00fat gr\u00f6\u00dfer, wo der Popularit\u00e4tsverlust der Fidesz 4-5 Prozentpunkte unter dem nationalen Durchschnitt lag, so der Bericht.<\/p>\n\n\n\n<figure class=\"wp-block-image aligncenter size-full\"><img decoding=\"async\" src=\"https:\/\/dailynewshungary.b-cdn.net\/wp-content\/uploads\/2026\/04\/Battery-plant.webp\" alt=\"Battery plant demonstration\" class=\"wp-image-695562\"\/><figcaption class=\"wp-element-caption\">Die Unterschriftensammelaktion der LMP gegen den Bau von Batteriewerken in Ungarn im Jahr 2023. Foto: Facebook\/LMP &#8211; Magyarorsz\u00e1g Z\u00f6ld P\u00e1rtja<\/figcaption><\/figure>\n\n<p>Republikon wies jedoch darauf hin, dass die Regierungspartei in den untersuchten Orten urspr\u00fcnglich eine geringere Unterst\u00fctzung hatte, und sagte, dass <em>&#8220;nicht eindeutig festgestellt werden kann, dass der lokale Fall im Zusammenhang mit dem Bau von Batteriewerken allein zu einer Verschiebung in einem Ausma\u00df gef\u00fchrt hat, das die allgemeinen Unterst\u00fctzungstrends wesentlich au\u00dfer Kraft gesetzt h\u00e4tte.&#8221;<\/em><\/p>\n\n\n\n<p><strong>Falls Sie es verpasst haben:<\/strong><\/p>\n\n\n\n<pre class=\"wp-block-verse has-text-align-center has-juicy-peach-gradient-background has-background\"><strong>Ersch\u00fctternde neue Umfrage: <a href=\"https:\/\/dailynewshungary.com\/de\/atemberaubende-neue-umfrage-wird-orbans-fidesz-vor-unseren-augen-zu-einer-kleinen-partei\/\">Wird Orb\u00e1ns Fidesz schnell zu einer Minderheitenpartei?<\/a><\/strong><\/pre>","protected":false},"excerpt":{"rendered":"<p>Lokale Konflikte, die sich aus dem &#8220;verst\u00e4rkten Gef\u00fchl der Verwundbarkeit und dem Widerstand der Einwohner gegen die Batterieindustrie&#8221; ergeben, k\u00f6nnten dazu beigetragen haben, dass die Unterst\u00fctzung der \u00d6ffentlichkeit f\u00fcr die scheidende Regierungspartei Fidesz schwindet, so das Institut Republikon in einer aktuellen Analyse, die am Dienstag ver\u00f6ffentlicht wurde. Wenn es eine Batteriefabrik gibt, bekommt die Fidesz [&hellip;]<\/p>\n","protected":false},"author":33,"featured_media":786984,"comment_status":"open","ping_status":"open","sticky":false,"template":"","format":"standard","meta":{"_acf_changed":false,"_display_image":"yes","footnotes":""},"categories":[4396],"tags":[4273,2026,1139,1076,1128],"class_list":["post-786983","post","type-post","status-publish","format-standard","has-post-thumbnail","hentry","category-ungarisch","tag-ce","tag-kategorie-politik","tag-umfrage","tag-ungarn","tag-viktor-orban"],"blocksy_meta":[],"acf":[],"author_username":"ugyelet","telegram_post":"","public_post_metadata":{"breaking_news":"yes","important":"no","csempe":"no","center_tile":"no","disable_thumbnail":"no","target_lang":"","_featured_image_style":"hidden","telegram_post":"","_xlat_group_id":"a75fe426-ea34-42d5-be37-a1c899c62ee5"},"public_rank_math_data":{"title":"Kontroversen um die Batterieanlage spielten eine Rolle bei Orb\u00e1ns Niederlage","description":"Der Widerstand der Anwohner gegen die Batterieindustrie k\u00f6nnte dazu beigetragen haben, dass die \u00f6ffentliche Unterst\u00fctzung f\u00fcr Orb\u00e1n schwindet.","focus_keyword":"Batterieanlage","canonical_url":"","robots":"","primary_category":"4396","breadcrumb_title":"","facebook_title":"","facebook_description":"","facebook_image":"","facebook_image_id":"","twitter_title":"","twitter_description":"","twitter_image":"","twitter_image_id":"","twitter_card_type":"","twitter_use_facebook":"","advanced_robots":"","pillar_content":"","seo_score":"58","contentai_score":"","rich_snippet":""},"_links":{"self":[{"href":"https:\/\/dailynewshungary.com\/de\/wp-json\/wp\/v2\/posts\/786983","targetHints":{"allow":["GET"]}}],"collection":[{"href":"https:\/\/dailynewshungary.com\/de\/wp-json\/wp\/v2\/posts"}],"about":[{"href":"https:\/\/dailynewshungary.com\/de\/wp-json\/wp\/v2\/types\/post"}],"author":[{"embeddable":true,"href":"https:\/\/dailynewshungary.com\/de\/wp-json\/wp\/v2\/users\/33"}],"replies":[{"embeddable":true,"href":"https:\/\/dailynewshungary.com\/de\/wp-json\/wp\/v2\/comments?post=786983"}],"version-history":[{"count":1,"href":"https:\/\/dailynewshungary.com\/de\/wp-json\/wp\/v2\/posts\/786983\/revisions"}],"predecessor-version":[{"id":786986,"href":"https:\/\/dailynewshungary.com\/de\/wp-json\/wp\/v2\/posts\/786983\/revisions\/786986"}],"wp:featuredmedia":[{"embeddable":true,"href":"https:\/\/dailynewshungary.com\/de\/wp-json\/wp\/v2\/media\/786984"}],"wp:attachment":[{"href":"https:\/\/dailynewshungary.com\/de\/wp-json\/wp\/v2\/media?parent=786983"}],"wp:term":[{"taxonomy":"category","embeddable":true,"href":"https:\/\/dailynewshungary.com\/de\/wp-json\/wp\/v2\/categories?post=786983"},{"taxonomy":"post_tag","embeddable":true,"href":"https:\/\/dailynewshungary.com\/de\/wp-json\/wp\/v2\/tags?post=786983"}],"curies":[{"name":"wp","href":"https:\/\/api.w.org\/{rel}","templated":true}]}}