{"id":786987,"date":"2026-04-28T14:34:00","date_gmt":"2026-04-28T12:34:00","guid":{"rendered":"https:\/\/dailynewshungary.com\/de\/der-scheidende-premierminister-orban-sagt-dass-die-liebe-im-mittelpunkt-des-wahlkampfes-stand-und-gibt-seinen-rucktritt-vom-parteivorsitz-ab\/"},"modified":"2026-04-28T14:34:00","modified_gmt":"2026-04-28T12:34:00","slug":"der-scheidende-premierminister-orban-sagt-dass-die-liebe-im-mittelpunkt-des-wahlkampfes-stand-und-gibt-seinen-rucktritt-vom-parteivorsitz-ab","status":"publish","type":"post","link":"https:\/\/dailynewshungary.com\/de\/der-scheidende-premierminister-orban-sagt-dass-die-liebe-im-mittelpunkt-des-wahlkampfes-stand-und-gibt-seinen-rucktritt-vom-parteivorsitz-ab\/","title":{"rendered":"Der scheidende Premierminister Orb\u00e1n sagt, dass die Liebe im Mittelpunkt des Wahlkampfes stand, und gibt seinen R\u00fccktritt vom Parteivorsitz ab"},"content":{"rendered":"<p><strong>Der nationale Vorstand der scheidenden Regierungspartei Fidesz hat f\u00fcr den 13. Juni einen Kongress zur Wahl der Parteifunktion\u00e4re einberufen, sagte der Fidesz-Abgeordnete Tam\u00e1s Deutsch nach einer Vorstandssitzung am Dienstag vor Journalisten. Vor der Sitzung beantwortete Orb\u00e1n mehrere Fragen der Presse. Er sagte, der Schwerpunkt der Kampagne sei die Liebe gewesen.<\/strong><\/p>\n\n\n\n<p>Laut <a href=\"https:\/\/www.portfolio.hu\/gazdasag\/20260428\/orban-viktor-a-fidesz-kampanya-a-szeretet-volt-833354\" target=\"_blank\" rel=\"noopener\">Portf\u00f3li\u00f3<\/a> sagte der scheidende Ministerpr\u00e4sident, dass das heutige Treffen eine tiefgreifende Analyse beinhalten werde. Er f\u00fcgte hinzu, dass er im Mai entscheiden werde, was genau er beruflich machen werde. Er bezeichnete den Fidesz als die einheitlichste Gemeinschaft im Lande. Er war der Meinung, dass die Theiss eine hasserf\u00fcllte Kampagne gestartet hatte, w\u00e4hrend ihre Kampagne auf Liebe basierte. Er erw\u00e4hnte nicht die kriegstreiberische Plakatkampagne, die von einer regierungsnahen Nichtregierungsorganisation gestartet wurde, oder die ber\u00fcchtigten AI-Videos, die sie verbreiteten und in denen gezeigt wurde, wie ungarische M\u00e4nner in den Krieg in der Ukraine gezogen und dort get\u00f6tet wurden. Sie k\u00f6nnen sich eines dieser Videos ansehen, das auf der offiziellen Facebook-Seite der Budapester Fidesz ver\u00f6ffentlicht wurde: <\/p>\n\n\n\n<iframe loading=\"lazy\" src=\"https:\/\/www.facebook.com\/plugins\/video.php?height=476&#038;href=https%3A%2F%2Fwww.facebook.com%2Freel%2F927361983568748%2F&#038;show_text=false&#038;width=267&#038;t=0\" width=\"267\" height=\"476\" style=\"border:none;overflow:hidden\" scrolling=\"no\" frameborder=\"0\" allowfullscreen=\"true\" allow=\"autoplay; clipboard-write; encrypted-media; picture-in-picture; web-share\" allowFullScreen=\"true\"><\/iframe>\n\n\n\n<p>Orb\u00e1n sagte, P\u00e9ter Szijj\u00e1rt\u00f3 sei der erfolgreichste ungarische Au\u00dfenminister gewesen und \u00e4u\u00dferte seine Besorgnis \u00fcber die Entscheidung von Thei\u00df, ihn nicht als stellvertretenden Parlamentspr\u00e4sidenten zu akzeptieren.<\/p>\n\n\n\n<p>Der ehemalige Ministerpr\u00e4sident reichte seinen R\u00fccktritt beim Nationalrat ein, doch dieser weigerte sich, ihn anzunehmen. Daher bleibt Orb\u00e1n mindestens bis zum 13. Juni Chef der scheidenden Regierungspartei Fidesz.<\/p>\n\n\n\n<figure class=\"wp-block-image aligncenter size-full\"><img decoding=\"async\" src=\"https:\/\/dailynewshungary.b-cdn.net\/wp-content\/uploads\/2026\/04\/PM-Orban.webp\" alt=\"PM Viktor Orb\u00e1n\" class=\"wp-image-695573\"\/><figcaption class=\"wp-element-caption\">Wird Orb\u00e1n diesen Sommer ganz aus der Politik ausscheiden? Foto: <a href=\"https:\/\/www.facebook.com\/orbanviktor\/posts\/pfbid03WF5kvixXC8XaYrTMHypE7ACNhWNWXmL5MdCJ75eq6Y3EgphqCLdUhnS1hi457JFl\" target=\"_blank\" rel=\"noopener\">Facebook\/Orb\u00e1n Viktor<\/a><\/figcaption><\/figure>\n\n<p>Sowohl Fidesz-Chef Viktor Orb\u00e1n als auch der Vorstandsvorsitzende L\u00e1szl\u00f3 K\u00f6v\u00e9r lehnten es ab, nach dem Treffen Fragen zu beantworten.<\/p>\n\n\n\n<p>Der Fidesz wird mit 44 Abgeordneten im neuen Parlament vertreten sein, w\u00e4hrend die KDNP (Christlich-Demokratische Volkspartei) 8 Abgeordnete stellen wird. Die Thei\u00df-Partei wird 141 Abgeordnete haben, w\u00e4hrend die rechte Mi Haz\u00e1nk (Unsere Heimatbewegung) 6 Abgeordnete stellen wird.<\/p>\n\n\n\n<p><strong>Falls Sie es verpasst haben:<\/strong><\/p>\n\n\n\n<pre class=\"wp-block-verse has-text-align-center has-juicy-peach-gradient-background has-background\"><strong><span style=\"text-decoration: underline;\">Falls Sie es verpasst haben:<br><\/span><\/strong><br> P\u00e9ter<\/pre><pre class=\"wp-block-verse has-text-align-center has-juicy-peach-gradient-background has-background\"><a href=\"https:\/\/dailynewshungary.com\/de\/breaking-peter-magyar-ernennt-weitere-minister\/\"><strong>Magyar k\u00fcndigt zus\u00e4tzliche Minister an<\/strong><\/a><br><br><strong><a href=\"https:\/\/dailynewshungary.com\/de\/orban-verlasst-das-parlament-hochrangige-personlichkeiten-treten-zuruck-offizielle-fidesz-fraktion-angekundigt\/\/\">Orb\u00e1n verl\u00e4sst das Parlament, hochrangige Pers\u00f6nlichkeiten treten zur\u00fcck, offizielle Fidesz-Fraktion angek\u00fcndigt<\/a><\/strong><\/pre>","protected":false},"excerpt":{"rendered":"<p>Der nationale Vorstand der scheidenden Regierungspartei Fidesz hat f\u00fcr den 13. Juni einen Kongress zur Wahl der Parteifunktion\u00e4re einberufen, sagte der Fidesz-Abgeordnete Tam\u00e1s Deutsch nach einer Vorstandssitzung am Dienstag vor Journalisten. Vor der Sitzung beantwortete Orb\u00e1n mehrere Fragen der Presse. Er sagte, der Schwerpunkt der Kampagne sei die Liebe gewesen. Laut Portf\u00f3li\u00f3 sagte der scheidende [&hellip;]<\/p>\n","protected":false},"author":18,"featured_media":786988,"comment_status":"open","ping_status":"open","sticky":false,"template":"","format":"standard","meta":{"_acf_changed":false,"_display_image":"yes","footnotes":""},"categories":[4446],"tags":[4372,1066,1178,1609,1128],"class_list":["post-786987","post","type-post","status-publish","format-standard","has-post-thumbnail","hentry","category-hungarian","tag-category-politics","tag-hungary","tag-inpr","tag-media","tag-viktor-orban"],"blocksy_meta":[],"acf":[],"author_username":"johnwoods","telegram_post":"","public_post_metadata":{"breaking_news":"yes","important":"no","csempe":"yes","center_tile":"no","disable_thumbnail":"no","target_lang":"","_featured_image_style":"hidden","telegram_post":"","_xlat_group_id":"d5ce6a33-07d6-43c6-8f26-b0ac3da7b2cb"},"public_rank_math_data":{"title":"PM Orb\u00e1n sagt, dass die Liebe im Mittelpunkt ihrer Kampagne stand","description":"Orb\u00e1n hat heute seinen R\u00fccktritt beim nationalen Vorstand der scheidenden Regierungspartei Fidesz eingereicht und Fragen der Presse beantwortet.","focus_keyword":"Orb\u00e1n","canonical_url":"","robots":"","primary_category":"4446","breadcrumb_title":"","facebook_title":"","facebook_description":"","facebook_image":"","facebook_image_id":"","twitter_title":"","twitter_description":"","twitter_image":"","twitter_image_id":"","twitter_card_type":"","twitter_use_facebook":"","advanced_robots":"","pillar_content":"","seo_score":"79","contentai_score":"","rich_snippet":""},"_links":{"self":[{"href":"https:\/\/dailynewshungary.com\/de\/wp-json\/wp\/v2\/posts\/786987","targetHints":{"allow":["GET"]}}],"collection":[{"href":"https:\/\/dailynewshungary.com\/de\/wp-json\/wp\/v2\/posts"}],"about":[{"href":"https:\/\/dailynewshungary.com\/de\/wp-json\/wp\/v2\/types\/post"}],"author":[{"embeddable":true,"href":"https:\/\/dailynewshungary.com\/de\/wp-json\/wp\/v2\/users\/18"}],"replies":[{"embeddable":true,"href":"https:\/\/dailynewshungary.com\/de\/wp-json\/wp\/v2\/comments?post=786987"}],"version-history":[{"count":0,"href":"https:\/\/dailynewshungary.com\/de\/wp-json\/wp\/v2\/posts\/786987\/revisions"}],"wp:featuredmedia":[{"embeddable":true,"href":"https:\/\/dailynewshungary.com\/de\/wp-json\/wp\/v2\/media\/786988"}],"wp:attachment":[{"href":"https:\/\/dailynewshungary.com\/de\/wp-json\/wp\/v2\/media?parent=786987"}],"wp:term":[{"taxonomy":"category","embeddable":true,"href":"https:\/\/dailynewshungary.com\/de\/wp-json\/wp\/v2\/categories?post=786987"},{"taxonomy":"post_tag","embeddable":true,"href":"https:\/\/dailynewshungary.com\/de\/wp-json\/wp\/v2\/tags?post=786987"}],"curies":[{"name":"wp","href":"https:\/\/api.w.org\/{rel}","templated":true}]}}