{"id":787008,"date":"2026-04-28T19:34:00","date_gmt":"2026-04-28T17:34:00","guid":{"rendered":"https:\/\/dailynewshungary.com\/de\/pm-peter-magyar-und-der-ukrainische-prasident-zelensky-treffen-sich-moglicherweise-bald-in-transkarpatien\/"},"modified":"2026-04-28T19:34:00","modified_gmt":"2026-04-28T17:34:00","slug":"pm-peter-magyar-und-der-ukrainische-prasident-zelensky-treffen-sich-moglicherweise-bald-in-transkarpatien","status":"publish","type":"post","link":"https:\/\/dailynewshungary.com\/de\/pm-peter-magyar-und-der-ukrainische-prasident-zelensky-treffen-sich-moglicherweise-bald-in-transkarpatien\/","title":{"rendered":"PM P\u00e9ter Magyar und der ukrainische Pr\u00e4sident Zelensky treffen sich m\u00f6glicherweise bald in Transkarpatien"},"content":{"rendered":"<p><strong>Der gew\u00e4hlte Ministerpr\u00e4sident P\u00e9ter Magyar, Vorsitzender der Thei\u00df-Partei, sagte am Dienstag, er habe ein Treffen mit dem ukrainischen Pr\u00e4sidenten Wolodymyr Zelenski initiiert.<\/strong><\/p>\n\n\n\n<h2 class=\"wp-block-heading\">Die Ungarn in den Unterkarpaten k\u00f6nnen ihre Rechte in den Bereichen Kultur, Sprache, Verwaltung und Hochschulbildung wiedererlangen<\/h2>\n\n\n\n<p>Nach einem Treffen mit Zolt\u00e1n Babj\u00e1k, dem B\u00fcrgermeister von Berehove (Beregsz\u00e1sz) in der Westukraine, erkl\u00e4rte Magyar auf Facebook <em>: &#8220;Ziel des Treffens, das Anfang Juni in Beregsz\u00e1sz, einer Stadt mit einer symbolischen ungarischen Mehrheit, stattfinden soll, ist es, die Situation der Ungarn in den Unterkarpaten zu verbessern und ihnen den Verbleib in ihrer Heimat zu erm\u00f6glichen&#8221;.<\/em><\/p>\n\n\n\n<figure class=\"wp-block-image aligncenter size-full\"><img decoding=\"async\" src=\"https:\/\/dailynewshungary.b-cdn.net\/wp-content\/uploads\/2026\/04\/Peter-Magyar-and-Zoltan-Babjak.webp\" alt=\"P\u00e9ter Magyar and Zolt\u00e1n Babj\u00e1k\" class=\"wp-image-695591\"\/><figcaption class=\"wp-element-caption\">Der k\u00fcnftige Ministerpr\u00e4sident P\u00e9ter Magyar und der B\u00fcrgermeister von Beregsz\u00e1sz, Zolt\u00e1n Babj\u00e1k. Foto: <a href=\"https:\/\/www.facebook.com\/peter.magyar.102\/posts\/pfbid0oyttz9KRYFxVRmh94Z23VYMD1ojVLLf9VMsGSermp2CyTAUPy8TM4iMbpihuwYNMl\" target=\"_blank\" rel=\"noopener\">Facebook\/P\u00e9ter Magyar<\/a><\/figcaption><\/figure>\n\n<p>Es ist an der Zeit, dass die Ukraine die seit mehr als einem Jahrzehnt bestehenden rechtlichen Beschr\u00e4nkungen aufhebt und die Ungarn in den Unterkarpaten alle ihre kulturellen, sprachlichen, administrativen und Hochschulrechte zur\u00fcckerhalten, damit sie wieder gleichberechtigte und respektierte B\u00fcrger der Ukraine werden k\u00f6nnen, <a href=\"https:\/\/mti.hu\/en\/articles\/2026\/04\/28\/magyar-initiates-meeting-ukrainian-president-zelensky\" target=\"_blank\" rel=\"noopener\">f\u00fcgte<\/a> er <a href=\"https:\/\/mti.hu\/en\/articles\/2026\/04\/28\/magyar-initiates-meeting-ukrainian-president-zelensky\" target=\"_blank\" rel=\"noopener\">hinzu<\/a>.<\/p>\n\n\n\n<p>Magyar sagte, dies w\u00fcrde auch dazu beitragen, dass nach Beendigung des Krieges m\u00f6glichst viele Ungarn in den Unterkarpaten in ihre Heimat zur\u00fcckkehren k\u00f6nnen. &#8221; <em>Wenn wir diese Fragen l\u00f6sen k\u00f6nnen, k\u00f6nnen wir sicherlich ein neues Kapitel in den ukrainisch-ungarischen bilateralen Beziehungen aufschlagen&#8221;, <\/em>sagte er.<\/p>\n\n\n\n<figure class=\"wp-block-image aligncenter size-full\"><img decoding=\"async\" src=\"https:\/\/dailynewshungary.b-cdn.net\/wp-content\/uploads\/2026\/04\/Magyar-Peter-4.webp\" alt=\"P\u00e9ter Magyar\" class=\"wp-image-695587\"\/><figcaption class=\"wp-element-caption\">P\u00e9ter Magyar hat die Interessen Ungarns gegen\u00fcber der Slowakei, Serbien und der Ukraine offen zum Ausdruck gebracht. Foto: <a href=\"https:\/\/www.facebook.com\/peter.magyar.102\/posts\/pfbid02yMykecWTFFJU5titpPm4gnZVciyZ8DTcpVqQ2tYYu9okhSKu4F6VSFreTYwLTQDzl\" target=\"_blank\" rel=\"noopener\">Facebook\/P\u00e9ter Magyar<\/a><\/figcaption><\/figure>\n\n<h2 class=\"wp-block-heading\">Einheimische Ungarn m\u00fcssen viele Einschr\u00e4nkungen hinnehmen<\/h2>\n\n\n\n<p>Die von der ukrainischen Regierung f\u00fcr 2025 angek\u00fcndigten Zugest\u00e4ndnisse im Bildungsbereich seien zwar zukunftsweisend, aber nicht ausreichend. Magyar sagte, dass die Hochschulbildung in der Ukraine nach wie vor einsprachig ist, dass die Abschlusspr\u00fcfungen der Sekundarstufe auf Ukrainisch stattfinden und dass es in anderen offiziellen Bereichen des Sprachgebrauchs keine wesentlichen \u00c4nderungen gegeben hat. Er sagte auch, dass der offizielle Sprachgebrauch weiterhin strikt auf einer einzigen Sprache basiert; in der \u00f6ffentlichen Verwaltung, bei Gerichten und in offiziellen Verfahren darf nur die ukrainische Sprache verwendet werden.<\/p>\n\n\n\n<pre class=\"wp-block-verse has-text-align-center has-juicy-peach-gradient-background has-background\"><strong><span style=\"text-decoration: underline;\">Falls Sie es verpasst haben:<br><\/span><\/strong><br><strong>Einheimische <a href=\"https:\/\/dailynewshungary.com\/de\/ungarische-schuler-durfen-in-der-ukraine-auserhalb-der-schule-kein-ungarisch-sprechen-sagt-das-kabinett-orban\/\">ungarische Sch\u00fcler d\u00fcrfen in der Ukraine au\u00dferhalb der Schule kein Ungarisch sprechen<\/a>, sagt das Kabinett Orb\u00e1n<\/strong><\/pre>\n\n<p>Die ungarische Minderheit k\u00f6nne keine offiziellen Dienstleistungen in ihrer Muttersprache in Anspruch nehmen, auch nicht in Siedlungen mit einer ethnischen ungarischen Mehrheit. Im \u00f6ffentlichen Leben und in der Kultur gibt es weiterhin Einschr\u00e4nkungen, denn ungarischsprachige Veranstaltungen k\u00f6nnen zwar abgehalten werden und ungarische Medien k\u00f6nnen t\u00e4tig sein, aber sie tun dies &#8220;unter den Zw\u00e4ngen von Quoten, Registrierung und formalen Anforderungen&#8221;, f\u00fcgte er hinzu.<\/p>\n\n\n\n<figure class=\"wp-block-image aligncenter size-full\"><img decoding=\"async\" src=\"https:\/\/dailynewshungary.b-cdn.net\/wp-content\/uploads\/2025\/08\/Russian-attack-Transcarpathia-refugee-wave-missile-drone-strike.jpg\" alt=\"Russian attack Transcarpathia refugee wave missile drone strike\" class=\"wp-image-668548\"\/><figcaption class=\"wp-element-caption\">Russischer Raketenangriff in Transkarpatien. Quelle: X\/Andrii Sybiha<\/figcaption><\/figure>\n\n<h2 class=\"wp-block-heading\">Europ\u00e4ische Werte, Freiheit, Gleichheit<\/h2>\n\n\n\n<p>Er sagte, dass Beamte wie Schuldirektoren oder B\u00fcrgermeister bei \u00f6ffentlichen Reden immer noch nicht frei ihre Muttersprache verwenden k\u00f6nnen. Magyar ermutigte die ukrainische F\u00fchrung,<em>&#8220;mutige Schritte in Richtung europ\u00e4ischer Werte und wahrer Freiheit und Gleichheit&#8221; <\/em>auch in diesen Bereichen<em>zu wagen <\/em>.<\/p>\n\n\n\n<p>Er f\u00fcgte hinzu, dass er Babj\u00e1k versichert habe, dass<em>&#8220;unsere Landsleute in den Unterkarpaten in jeder Hinsicht auf die Unterst\u00fctzung des Mutterlandes und der Regierung der Thei\u00df z\u00e4hlen k\u00f6nnen&#8221;.<\/em><\/p>\n\n\n\n<pre class=\"wp-block-verse has-text-align-center has-juicy-peach-gradient-background has-background\"><strong><span style=\"text-decoration: underline;\">Falls Sie es verpasst haben:<br><\/span><\/strong><br><strong><a href=\"https:\/\/dailynewshungary.com\/de\/russian-drones-hit-hungarian-populated-ukrainian-region-transcarpathia-at-least-one-injured\/\/\">Russische Drohnen schlugen in der von Ungarn bewohnten ukrainischen Region<\/a> Transkarpatien ein; mindestens ein Verletzter<\/strong><\/pre>","protected":false},"excerpt":{"rendered":"<p>Der gew\u00e4hlte Ministerpr\u00e4sident P\u00e9ter Magyar, Vorsitzender der Thei\u00df-Partei, sagte am Dienstag, er habe ein Treffen mit dem ukrainischen Pr\u00e4sidenten Wolodymyr Zelenski initiiert. Die Ungarn in den Unterkarpaten k\u00f6nnen ihre Rechte in den Bereichen Kultur, Sprache, Verwaltung und Hochschulbildung wiedererlangen Nach einem Treffen mit Zolt\u00e1n Babj\u00e1k, dem B\u00fcrgermeister von Berehove (Beregsz\u00e1sz) in der Westukraine, erkl\u00e4rte Magyar [&hellip;]<\/p>\n","protected":false},"author":33,"featured_media":787009,"comment_status":"open","ping_status":"open","sticky":false,"template":"","format":"standard","meta":{"_acf_changed":false,"_display_image":"yes","footnotes":""},"categories":[4446],"tags":[4327,4372,1066,4686,4673,4367,1092],"class_list":["post-787008","post","type-post","status-publish","format-standard","has-post-thumbnail","hentry","category-hungarian","tag-category-foreign-affairs","tag-category-politics","tag-hungary","tag-magyar-government","tag-peter-magyar","tag-transcarpathia","tag-ukraine"],"blocksy_meta":[],"acf":[],"author_username":"ugyelet","telegram_post":"","public_post_metadata":{"breaking_news":"yes","important":"no","csempe":"yes","center_tile":"no","disable_thumbnail":"no","target_lang":"","_featured_image_style":"hidden","telegram_post":"","_xlat_group_id":"00765cb4-6d22-4fda-a03f-046113c0de2c"},"public_rank_math_data":{"title":"Premierminister P\u00e9ter Magyar und Pr\u00e4sident Zelensky treffen sich m\u00f6glicherweise bald","description":"Der gew\u00e4hlte Premierminister P\u00e9ter Magyar sagte am Dienstag, er habe ein Treffen mit dem ukrainischen Pr\u00e4sidenten Zelensky initiiert.","focus_keyword":"Zelensky","canonical_url":"","robots":"","primary_category":"4446","breadcrumb_title":"","facebook_title":"","facebook_description":"","facebook_image":"","facebook_image_id":"","twitter_title":"","twitter_description":"","twitter_image":"","twitter_image_id":"","twitter_card_type":"","twitter_use_facebook":"","advanced_robots":"","pillar_content":"","seo_score":"74","contentai_score":"","rich_snippet":""},"_links":{"self":[{"href":"https:\/\/dailynewshungary.com\/de\/wp-json\/wp\/v2\/posts\/787008","targetHints":{"allow":["GET"]}}],"collection":[{"href":"https:\/\/dailynewshungary.com\/de\/wp-json\/wp\/v2\/posts"}],"about":[{"href":"https:\/\/dailynewshungary.com\/de\/wp-json\/wp\/v2\/types\/post"}],"author":[{"embeddable":true,"href":"https:\/\/dailynewshungary.com\/de\/wp-json\/wp\/v2\/users\/33"}],"replies":[{"embeddable":true,"href":"https:\/\/dailynewshungary.com\/de\/wp-json\/wp\/v2\/comments?post=787008"}],"version-history":[{"count":0,"href":"https:\/\/dailynewshungary.com\/de\/wp-json\/wp\/v2\/posts\/787008\/revisions"}],"wp:featuredmedia":[{"embeddable":true,"href":"https:\/\/dailynewshungary.com\/de\/wp-json\/wp\/v2\/media\/787009"}],"wp:attachment":[{"href":"https:\/\/dailynewshungary.com\/de\/wp-json\/wp\/v2\/media?parent=787008"}],"wp:term":[{"taxonomy":"category","embeddable":true,"href":"https:\/\/dailynewshungary.com\/de\/wp-json\/wp\/v2\/categories?post=787008"},{"taxonomy":"post_tag","embeddable":true,"href":"https:\/\/dailynewshungary.com\/de\/wp-json\/wp\/v2\/tags?post=787008"}],"curies":[{"name":"wp","href":"https:\/\/api.w.org\/{rel}","templated":true}]}}