{"id":787017,"date":"2026-04-29T06:04:00","date_gmt":"2026-04-29T04:04:00","guid":{"rendered":"https:\/\/dailynewshungary.com\/de\/brussel-das-rechtsextreme-anti-eu-narrativ-konnte-in-ungarn-zusammenbrechen\/"},"modified":"2026-04-29T08:18:02","modified_gmt":"2026-04-29T06:18:02","slug":"brussel-das-rechtsextreme-anti-eu-narrativ-konnte-in-ungarn-zusammenbrechen","status":"publish","type":"post","link":"https:\/\/dailynewshungary.com\/de\/brussel-das-rechtsextreme-anti-eu-narrativ-konnte-in-ungarn-zusammenbrechen\/","title":{"rendered":"Br\u00fcssel: Das rechtsextreme Anti-EU-Narrativ k\u00f6nnte in Ungarn zusammenbrechen"},"content":{"rendered":"<p><strong>Nach der Wahl in Ungarn haben mehrere europ\u00e4ische L\u00e4nder unerwartet scharfe Einsch\u00e4tzungen abgegeben, wonach das von der extremen Rechten \u00fcber viele Jahre aufgebaute Anti-EU-Narrativ am Ende ist.<\/strong><\/p>\n\n\n\n<h2 class=\"wp-block-heading\">Ribera: Die Ungarn haben eine klare Botschaft gesendet<\/h2>\n\n\n\n<p>In einem <a href=\"https:\/\/www.euronews.com\/my-europe\/2026\/04\/17\/hungary-shows-limits-of-anti-eu-narrative-pushed-by-far-right-ribera-tells-euronews\" target=\"_blank\" rel=\"noopener\">Interview<\/a> mit Euronews bezeichnete Ribera das Wahlergebnis als eine &#8220;sehr klare&#8221; Forderung nach einem Wandel. Er argumentierte, dass die Entscheidung des ungarischen Volkes \u00fcber einen einfachen Regierungswechsel hinausgehe und auch das Anti-EU-Narrativ in Ungarn beeinflussen k\u00f6nnte.<\/p>\n\n\n\n<blockquote class=\"wp-block-quote is-layout-flow wp-block-quote-is-layout-flow\">\n<p>Laut Ribera &#8220;haben die ungarischen W\u00e4hler die Botschaft gesendet, dass sie eine europ\u00e4ischere Zukunft wollen und bereit sind, f\u00fcr ihre Rechte einzutreten&#8221;.<\/p>\n<\/blockquote>\n\n\n\n<h2 class=\"wp-block-heading\">Die Br\u00fcssel-bashing Politik ist gegen eine Wand gefahren<\/h2>\n\n\n\n<p>Ribera meinte, die wichtigste Lehre aus der Wahl sei, dass eine unerbittliche antieurop\u00e4ische Kampagne nicht unbegrenzt funktionieren kann. Das hat der Vizepr\u00e4sident klar und deutlich gesagt:<\/p>\n\n\n\n<blockquote class=\"wp-block-quote is-layout-flow wp-block-quote-is-layout-flow\">\n<p>&#8220;Dieses Narrativ gegen Europa, gegen die Zusammenarbeit, kann mittelfristig nicht gewinnen.&#8221;<\/p>\n<\/blockquote>\n\n\n\n<p>Das bedeutet, dass die Anti-EU-Darstellung zwar kurzfristig W\u00e4hler mobilisieren kann, aber l\u00e4ngerfristig keine dauerhafte politische Mehrheit sichert. Viele sehen daher in dem ungarischen Ergebnis eine Demonstration der Grenzen des Anti-EU-Narrativs.<\/p>\n\n\n\n<h2 class=\"wp-block-heading\">Auch amerikanische Unterst\u00fctzung brachte keinen Durchbruch<\/h2>\n\n\n\n<p>W\u00e4hrend des Wahlkampfes erhielt Orb\u00e1n offene Unterst\u00fctzung von der amerikanischen Rechten. US-Vizepr\u00e4sident JD Vance warb f\u00fcr ihn und lobte seine Rolle in der internationalen konservativen Bewegung. Laut Ribera hat dies jedoch keinen Einfluss auf das Ergebnis gehabt.<\/p>\n\n\n\n<p>Die Vizepr\u00e4sidentin meinte, die Wahl zeige die &#8220;Grenzen und den Schaden&#8221; eines amerikanischen Hardliner-Politikansatzes. Sie argumentierte, dass der Einfluss von au\u00dfen die Entscheidung der ungarischen W\u00e4hler nicht au\u00dfer Kraft setzen k\u00f6nne &#8211; was eine weitere Niederlage f\u00fcr das Anti-EU-Narrativ darstelle.<\/p>\n\n\n\n<h2 class=\"wp-block-heading\">Die europ\u00e4ische Botschaft von Orb\u00e1ns Sturz<\/h2>\n\n\n\n<p>Aufgrund von Riberas \u00c4u\u00dferungen betrachtet Br\u00fcssel Ungarn nun als einen Wendepunkt in seinem langj\u00e4hrigen Anti-EU-Narrativ. Die Frage ist nicht mehr, ob das alte Spielbuch noch funktioniert, sondern was als n\u00e4chstes kommen k\u00f6nnte.<\/p>\n\n\n\n<p>Die von The Guardian <a href=\"https:\/\/www.theguardian.com\/world\/2026\/apr\/15\/hungary-election-voters-orban-europe-far-right-peter-magyar?\" target=\"_blank\" rel=\"noopener\">befragten<\/a> Analysten sind sich auch einig, dass die symbolische Bedeutung von Orb\u00e1ns Niederlage unbestreitbar ist &#8211; er war Europas dienst\u00e4ltester rechtsextremer F\u00fchrer und so etwas wie ein Kompass f\u00fcr die populistischen Bewegungen des Kontinents.<\/p>\n\n\n\n<p>Dennoch warnen die Forscher davor, von einem automatischen Dominoeffekt auszugehen.<\/p>\n\n\n\n<p>Sarah de Lange, Expertin an der Universit\u00e4t Leiden, betont, dass nicht das illiberale ideologische Modell gescheitert ist, sondern eine bestimmte Regierung, die durch Korruption und wirtschaftliches Versagen belastet war. <\/p>\n\n\n\n<p>Mit anderen Worten: Wenn die Rechtsextremen immer noch einen akzeptablen Lebensstandard und eine einigerma\u00dfen saubere Regierung versprechen &#8211; oder zumindest den Anschein erwecken &#8211; k\u00f6nnen, stellt dieses Ergebnis allein noch keine Bedrohung f\u00fcr sie dar.<\/p>\n\n\n\n<h2 class=\"wp-block-heading\">Polen antwortet<\/h2>\n\n\n\n<p>Donald Tusk geh\u00f6rt bereits zu den enthusiastischsten Interpreten des Sturzes von Orb\u00e1n. Er hat das ungarische Ergebnis so gestaltet, dass es in seine eigene politische Erz\u00e4hlung passt. Doch wie eine fr\u00fchere Analyse des ECFR warnte, zeigt der polnische Fall selbst, dass eine &#8220;demokratische Wende&#8221; allein keine Garantie ist: Die \u00fcbereilte Freigabe von EU-Mitteln in Warschau hat den Handlungsspielraum der neuen Regierung eher eingeengt als gest\u00e4rkt.<\/p>\n\n\n\n<p>Wenn Br\u00fcssel die Lehren aus den ungarischen Erfahrungen zieht, wird es dieses Mal vorsichtiger vorgehen &#8211; und das k\u00f6nnte sich auch in Polen bemerkbar machen, wo die Erf\u00fcllung der rechtsstaatlichen Bedingungen ein fortlaufender Prozess ist.<\/p>\n\n\n\n<p><strong>Falls Sie es verpasst haben:<\/strong><\/p>\n\n\n\n<ul class=\"wp-block-list\">\n<li><a href=\"https:\/\/dailynewshungary.com\/hungary-former-economy-minister-withdraws\/\">Ungarns ehemaliger Wirtschaftsminister zieht sich vollst\u00e4ndig aus dem \u00f6ffentlichen Leben zur\u00fcck<\/a><\/li>\n<\/ul>\n","protected":false},"excerpt":{"rendered":"<p>Nach der Wahl in Ungarn haben mehrere europ\u00e4ische L\u00e4nder unerwartet scharfe Einsch\u00e4tzungen abgegeben, wonach das von der extremen Rechten \u00fcber viele Jahre aufgebaute Anti-EU-Narrativ am Ende ist. Ribera: Die Ungarn haben eine klare Botschaft gesendet In einem Interview mit Euronews bezeichnete Ribera das Wahlergebnis als eine &#8220;sehr klare&#8221; Forderung nach einem Wandel. Er argumentierte, dass [&hellip;]<\/p>\n","protected":false},"author":91,"featured_media":787018,"comment_status":"open","ping_status":"open","sticky":false,"template":"","format":"standard","meta":{"_acf_changed":false,"_display_image":"yes","footnotes":""},"categories":[1081],"tags":[4273,1082,4563,4482,1076],"class_list":["post-787017","post","type-post","status-publish","format-standard","has-post-thumbnail","hentry","category-politik","tag-ce","tag-europaische-union","tag-kategorie-eu-beziehungen","tag-kategorie-ungarische-politik","tag-ungarn"],"blocksy_meta":[],"acf":[],"author_username":"api","telegram_post":"","public_post_metadata":{"breaking_news":"yes","important":"no","csempe":"yes","center_tile":"no","disable_thumbnail":"no","target_lang":"","_featured_image_style":"default","telegram_post":"","_xlat_group_id":"f780d547-a682-4773-bc46-47faa756bff8"},"public_rank_math_data":{"title":"Br\u00fcssel: Rechtsextremes Anti-EU-Narrativ bricht in Ungarn zusammen","description":"Die Wahlen in Ungarn haben dem jahrelangen rechtsextremen Anti-EU-Narrativ einen Schlag versetzt, sagen f\u00fchrende europ\u00e4ische Politiker.","focus_keyword":"Anti-EU-Narrativ","canonical_url":"","robots":"","primary_category":"1081","breadcrumb_title":"","facebook_title":"","facebook_description":"","facebook_image":"","facebook_image_id":"","twitter_title":"","twitter_description":"","twitter_image":"","twitter_image_id":"","twitter_card_type":"","twitter_use_facebook":"","advanced_robots":"","pillar_content":"","seo_score":"70","contentai_score":"","rich_snippet":""},"_links":{"self":[{"href":"https:\/\/dailynewshungary.com\/de\/wp-json\/wp\/v2\/posts\/787017","targetHints":{"allow":["GET"]}}],"collection":[{"href":"https:\/\/dailynewshungary.com\/de\/wp-json\/wp\/v2\/posts"}],"about":[{"href":"https:\/\/dailynewshungary.com\/de\/wp-json\/wp\/v2\/types\/post"}],"author":[{"embeddable":true,"href":"https:\/\/dailynewshungary.com\/de\/wp-json\/wp\/v2\/users\/91"}],"replies":[{"embeddable":true,"href":"https:\/\/dailynewshungary.com\/de\/wp-json\/wp\/v2\/comments?post=787017"}],"version-history":[{"count":1,"href":"https:\/\/dailynewshungary.com\/de\/wp-json\/wp\/v2\/posts\/787017\/revisions"}],"predecessor-version":[{"id":787020,"href":"https:\/\/dailynewshungary.com\/de\/wp-json\/wp\/v2\/posts\/787017\/revisions\/787020"}],"wp:featuredmedia":[{"embeddable":true,"href":"https:\/\/dailynewshungary.com\/de\/wp-json\/wp\/v2\/media\/787018"}],"wp:attachment":[{"href":"https:\/\/dailynewshungary.com\/de\/wp-json\/wp\/v2\/media?parent=787017"}],"wp:term":[{"taxonomy":"category","embeddable":true,"href":"https:\/\/dailynewshungary.com\/de\/wp-json\/wp\/v2\/categories?post=787017"},{"taxonomy":"post_tag","embeddable":true,"href":"https:\/\/dailynewshungary.com\/de\/wp-json\/wp\/v2\/tags?post=787017"}],"curies":[{"name":"wp","href":"https:\/\/api.w.org\/{rel}","templated":true}]}}