{"id":787043,"date":"2026-04-29T10:15:35","date_gmt":"2026-04-29T08:15:35","guid":{"rendered":"https:\/\/dailynewshungary.com\/de\/schockierend-mann-schoss-durch-das-fenster-eines-kindergartens-in-der-nahe-von-budapest\/"},"modified":"2026-04-29T12:18:35","modified_gmt":"2026-04-29T10:18:35","slug":"schockierend-mann-schoss-durch-das-fenster-eines-kindergartens-in-der-nahe-von-budapest","status":"publish","type":"post","link":"https:\/\/dailynewshungary.com\/de\/schockierend-mann-schoss-durch-das-fenster-eines-kindergartens-in-der-nahe-von-budapest\/","title":{"rendered":"Schockierend: Mann schoss durch das Fenster eines Kindergartens in der N\u00e4he von Budapest"},"content":{"rendered":"<p><strong>Mit einer unbekannten Waffe wurde am fr\u00fchen Dienstagnachmittag auf das Geb\u00e4ude des Blauen Kindergartens in Solym\u00e1r geschossen; der mutma\u00dfliche T\u00e4ter wurde verhaftet, best\u00e4tigt die Polizei<\/strong>.<\/p>\n\n\n\n<p>Die Stadtverwaltung von Solym\u00e1r teilte am Mittwoch \u00fcber <a href=\"https:\/\/www.facebook.com\/SolymariPolgarmesteriHivatal\/posts\/pfbid0bEypN8RQ2sEhv1R6EvoFaF8ijiyURStsiCCgv1UyHUuvcacZDetkmNDshGGmQ4eRl\" target=\"_blank\" rel=\"noopener\">ihre Facebook-Seite<\/a> mit, dass am fr\u00fchen Dienstagnachmittag mit einer unbekannten Waffe auf das Geb\u00e4ude des Blauen Kindergartens in Solym\u00e1r geschossen wurde und der mutma\u00dfliche T\u00e4ter nun in Gewahrsam ist, wie die <a href=\"https:\/\/mti.hu\/hirek\/2026\/04\/29\/elfogtak-egy-embert-aki-belott-solymari-kek-ovoda-epuletebe\" target=\"_blank\" rel=\"noopener\">Ungarische Nachrichtenagentur schrieb<\/a>.<\/p>\n\n\n\n<p>Wie sie berichteten, durchschlug ein Projektil die zugezogene, geschlossene Jalousie durch ein offenes Fenster eines der Gruppenr\u00e4ume; das Geschoss fiel von der Wand des Raumes auf den Boden, wobei keine Verletzungen gemeldet wurden.<\/p>\n\n\n\n<p>Beamte der Polizeistation von Pilisv\u00f6r\u00f6sv\u00e1r sowie die Stadtwache von Solym\u00e1r trafen Minuten sp\u00e4ter am Tatort ein und nahmen den Verd\u00e4chtigen fest.<\/p>\n\n\n\n<p>Aufgrund der laufenden polizeilichen Ermittlungen liegen der Stadtverwaltung derzeit keine weiteren Einzelheiten vor, aber sie wird Sie unverz\u00fcglich \u00fcber alle Neuigkeiten informieren.<\/p>\n\n\n\n<p><strong>Klicken Sie f\u00fcr weitere Artikel <a href=\"https:\/\/dailynewshungary.com\/category\/life\/crime\/\">\u00fcber Kriminalit\u00e4t<\/a> von uns:<\/strong><\/p>\n\n\n\n<pre class=\"wp-block-verse has-text-align-center has-juicy-peach-gradient-background has-background\"><strong><a href=\"https:\/\/dailynewshungary.com\/de\/ehemaliger-leiter-der-fidesz-organisation-am-budapester-flughafen-festgenommen\/\">Ehemaliger F\u00fchrer der Fidesz-Organisation am Budapester Flughafen festgenommen<br><\/a><\/strong><br> <strong>18+: <a href=\"https:\/\/dailynewshungary.com\/de\/18-ehemaliger-ungarischer-insasse-erzahlt-von-jahrelangem-sexuellen-missbrauch-in-staatlicher-justizvollzugsanstalt-und-verweist-auf-machtigen-politiker\/\/\">Ehemaliger ungarischer Jugendlicher erz\u00e4hlt von jahrelangem sexuellen Missbrauch in staatlicher Justizvollzugsanstalt<\/a> und zeigt auf m\u00e4chtigen Politiker<\/strong><\/pre>\n\n<p>Titelbild: <a href=\"https:\/\/depositphotos.com\/photo\/assassin-shooting-from-a-moving-car-aggressive-driver-31058301.html\" target=\"_blank\" rel=\"noopener\">Illustration<\/a><\/p>\n","protected":false},"excerpt":{"rendered":"<p>Mit einer unbekannten Waffe wurde am fr\u00fchen Dienstagnachmittag auf das Geb\u00e4ude des Blauen Kindergartens in Solym\u00e1r geschossen; der mutma\u00dfliche T\u00e4ter wurde verhaftet, best\u00e4tigt die Polizei. Die Stadtverwaltung von Solym\u00e1r teilte am Mittwoch \u00fcber ihre Facebook-Seite mit, dass am fr\u00fchen Dienstagnachmittag mit einer unbekannten Waffe auf das Geb\u00e4ude des Blauen Kindergartens in Solym\u00e1r geschossen wurde und [&hellip;]<\/p>\n","protected":false},"author":33,"featured_media":787044,"comment_status":"open","ping_status":"open","sticky":false,"template":"","format":"standard","meta":{"_acf_changed":false,"_display_image":"yes","footnotes":""},"categories":[4400],"tags":[4273,1178,4585,1163,1076],"class_list":["post-787043","post","type-post","status-publish","format-standard","has-post-thumbnail","hentry","category-kriminalitat","tag-ce","tag-inpr","tag-kategorie-leben-in-ungarn","tag-ungarische-polizei","tag-ungarn"],"blocksy_meta":[],"acf":[],"author_username":"ugyelet","telegram_post":"","public_post_metadata":{"breaking_news":"yes","important":"no","csempe":"yes","center_tile":"no","disable_thumbnail":"no","target_lang":"","_featured_image_style":"hidden","telegram_post":"","_xlat_group_id":"d51b2e0b-a19b-4ef4-811f-9ab86ff882c3"},"public_rank_math_data":{"title":"%title% %sep% %sitename%","description":"Unbekannte schossen am fr\u00fchen Dienstagnachmittag mit einer Waffe auf das Geb\u00e4ude des Blauen Kindergartens in Solym\u00e1r, wie die lokale Regierung mitteilte.","focus_keyword":"nursery","canonical_url":"","robots":"","primary_category":"4400","breadcrumb_title":"","facebook_title":"","facebook_description":"","facebook_image":"","facebook_image_id":"","twitter_title":"","twitter_description":"","twitter_image":"","twitter_image_id":"","twitter_card_type":"","twitter_use_facebook":"","advanced_robots":"","pillar_content":"","seo_score":"14","contentai_score":"","rich_snippet":""},"_links":{"self":[{"href":"https:\/\/dailynewshungary.com\/de\/wp-json\/wp\/v2\/posts\/787043","targetHints":{"allow":["GET"]}}],"collection":[{"href":"https:\/\/dailynewshungary.com\/de\/wp-json\/wp\/v2\/posts"}],"about":[{"href":"https:\/\/dailynewshungary.com\/de\/wp-json\/wp\/v2\/types\/post"}],"author":[{"embeddable":true,"href":"https:\/\/dailynewshungary.com\/de\/wp-json\/wp\/v2\/users\/33"}],"replies":[{"embeddable":true,"href":"https:\/\/dailynewshungary.com\/de\/wp-json\/wp\/v2\/comments?post=787043"}],"version-history":[{"count":1,"href":"https:\/\/dailynewshungary.com\/de\/wp-json\/wp\/v2\/posts\/787043\/revisions"}],"predecessor-version":[{"id":787045,"href":"https:\/\/dailynewshungary.com\/de\/wp-json\/wp\/v2\/posts\/787043\/revisions\/787045"}],"wp:featuredmedia":[{"embeddable":true,"href":"https:\/\/dailynewshungary.com\/de\/wp-json\/wp\/v2\/media\/787044"}],"wp:attachment":[{"href":"https:\/\/dailynewshungary.com\/de\/wp-json\/wp\/v2\/media?parent=787043"}],"wp:term":[{"taxonomy":"category","embeddable":true,"href":"https:\/\/dailynewshungary.com\/de\/wp-json\/wp\/v2\/categories?post=787043"},{"taxonomy":"post_tag","embeddable":true,"href":"https:\/\/dailynewshungary.com\/de\/wp-json\/wp\/v2\/tags?post=787043"}],"curies":[{"name":"wp","href":"https:\/\/api.w.org\/{rel}","templated":true}]}}