{"id":787054,"date":"2026-04-29T16:34:00","date_gmt":"2026-04-29T14:34:00","guid":{"rendered":"https:\/\/dailynewshungary.com\/de\/neue-gripen-kampfjets-kommen-zur-ungarischen-luftwaffe-video-fotos\/"},"modified":"2026-04-29T16:34:00","modified_gmt":"2026-04-29T14:34:00","slug":"neue-gripen-kampfjets-kommen-zur-ungarischen-luftwaffe-video-fotos","status":"publish","type":"post","link":"https:\/\/dailynewshungary.com\/de\/neue-gripen-kampfjets-kommen-zur-ungarischen-luftwaffe-video-fotos\/","title":{"rendered":"Neue Gripen-Kampfjets kommen zur ungarischen Luftwaffe \u2013 Video, Fotos"},"content":{"rendered":"<p><strong>Zwei neue JAS-39 C Gripen-Kampfjets sind am Mittwoch auf dem St\u00fctzpunkt der 101. Luftwaffenbrigade Vit\u00e9z Dezs\u0151 Szentgy\u00f6rgyi in Kecskem\u00e9t eingetroffen, womit die Flotte nun 16 Kampfflugzeuge umfasst.<\/strong><\/p>\n\n\n\n<figure class=\"wp-block-image aligncenter size-full\"><img decoding=\"async\" src=\"https:\/\/dailynewshungary.b-cdn.net\/wp-content\/uploads\/2026\/04\/New-Gripen-fighters-1.webp\" alt=\"New Gripen fighters\" class=\"wp-image-695666\"\/><figcaption class=\"wp-element-caption\">Foto: <a href=\"https:\/\/www.facebook.com\/HonvedelmiMiniszterium\/posts\/pfbid02M4WzzccX3kqLwTHCc6RBUnbtdy5hzob3UZd7qPi3sAjuyKLQDuZWTBHZXBZL9g9Nl\" target=\"_blank\" rel=\"noopener\">Facebook\/Honv\u00e9delmi Miniszt\u00e9rium<\/a><\/figcaption><\/figure>\n\n<p>Bei einer Zeremonie anl\u00e4sslich der Auslieferung und des 20-j\u00e4hrigen Dienstjubil\u00e4ums des Gripen in Ungarn bezeichnete Generaloberst G\u00e1bor B\u00f6r\u00f6ndi, Kommandeur der ungarischen Streitkr\u00e4fte, die Jets als <em>&#8220;mehr als nur Flugzeuge oder milit\u00e4rische Hardware&#8221;<\/em>.<\/p>\n\n\n\n<figure class=\"wp-block-image aligncenter size-full\"><img decoding=\"async\" src=\"https:\/\/dailynewshungary.b-cdn.net\/wp-content\/uploads\/2026\/04\/New-Gripen-fighters-2.webp\" alt=\"New Gripen fighters\" class=\"wp-image-695665\"\/><figcaption class=\"wp-element-caption\">Foto: <a href=\"https:\/\/www.facebook.com\/HonvedelmiMiniszterium\/posts\/pfbid02M4WzzccX3kqLwTHCc6RBUnbtdy5hzob3UZd7qPi3sAjuyKLQDuZWTBHZXBZL9g9Nl\" target=\"_blank\" rel=\"noopener\">Facebook\/Honv\u00e9delmi Miniszt\u00e9rium<\/a><\/figcaption><\/figure>\n\n<p><em>&#8220;F\u00fcr die ungarischen Truppen sind sie eine Garantie f\u00fcr die Souver\u00e4nit\u00e4t, ein Beweis f\u00fcr das Engagement als NATO-Verb\u00fcndeter und die Verk\u00f6rperung ungarischer milit\u00e4rischer Exzellenz&#8221;,<\/em> sagte er. Er sagte, der Tag sei nicht nur die Ankunft von zwei neuen Jets, sondern auch ein Meilenstein in einem langj\u00e4hrigen Prozess.<\/p>\n\n\n\n<figure class=\"wp-block-image aligncenter size-full\"><img decoding=\"async\" src=\"https:\/\/dailynewshungary.b-cdn.net\/wp-content\/uploads\/2026\/04\/New-Gripen-fighters-3.webp\" alt=\"New Gripen fighters\" class=\"wp-image-695664\"\/><figcaption class=\"wp-element-caption\">Foto: <a href=\"https:\/\/www.facebook.com\/HonvedelmiMiniszterium\/posts\/pfbid02M4WzzccX3kqLwTHCc6RBUnbtdy5hzob3UZd7qPi3sAjuyKLQDuZWTBHZXBZL9g9Nl\" target=\"_blank\" rel=\"noopener\">Facebook\/Honv\u00e9delmi Miniszt\u00e9rium<\/a><\/figcaption><\/figure>\n\n<p>Er erinnerte daran, dass die ersten Gripens im M\u00e4rz 2006 in Kecskem\u00e9t landeten, zwei Jahre sp\u00e4ter in Dienst gestellt wurden und seit 2010 die bewaffnete Verteidigung des ungarischen und des NATO-Luftraums sicherstellen.<\/p>\n\n\n\n<iframe loading=\"lazy\" src=\"https:\/\/www.facebook.com\/plugins\/video.php?height=314&#038;href=https%3A%2F%2Fwww.facebook.com%2Freel%2F1970723333831243%2F&#038;show_text=false&#038;width=560&#038;t=0\" width=\"560\" height=\"314\" style=\"border:none;overflow:hidden\" scrolling=\"no\" frameborder=\"0\" allowfullscreen=\"true\" allow=\"autoplay; clipboard-write; encrypted-media; picture-in-picture; web-share\" allowFullScreen=\"true\"><\/iframe>\n\n\n\n<p><strong>Falls Sie es verpasst haben:<\/strong><\/p>\n\n\n\n<pre class=\"wp-block-verse has-text-align-center has-juicy-peach-gradient-background has-background\"><strong><a href=\"https:\/\/dailynewshungary.com\/de\/ungarische-gripens-fingen-erneut-russische-militarflugzeuge-ab\/\">Ungarische Gripen<\/a> haben erneut<a href=\"https:\/\/dailynewshungary.com\/de\/ungarische-gripens-fingen-erneut-russische-militarflugzeuge-ab\/\">russische Milit\u00e4rflugzeuge abgefangen<\/a><br><\/strong><br><strong><a href=\"https:\/\/dailynewshungary.com\/de\/ungarischer-gripen-jets-groste-luftwaffenubung-der-nato-in-danemark\/\/\">Ungarische Gripen-Kampfjets Gr\u00f6\u00dfte Luftwaffen\u00fcbung der NATO in D\u00e4nemark<\/a><\/strong><\/pre>","protected":false},"excerpt":{"rendered":"<p>Zwei neue JAS-39 C Gripen-Kampfjets sind am Mittwoch auf dem St\u00fctzpunkt der 101. Luftwaffenbrigade Vit\u00e9z Dezs\u0151 Szentgy\u00f6rgyi in Kecskem\u00e9t eingetroffen, womit die Flotte nun 16 Kampfflugzeuge umfasst. Bei einer Zeremonie anl\u00e4sslich der Auslieferung und des 20-j\u00e4hrigen Dienstjubil\u00e4ums des Gripen in Ungarn bezeichnete Generaloberst G\u00e1bor B\u00f6r\u00f6ndi, Kommandeur der ungarischen Streitkr\u00e4fte, die Jets als &#8220;mehr als nur [&hellip;]<\/p>\n","protected":false},"author":33,"featured_media":787055,"comment_status":"open","ping_status":"open","sticky":false,"template":"","format":"standard","meta":{"_acf_changed":false,"_display_image":"yes","footnotes":""},"categories":[4390],"tags":[1203,4577,1196,1076,1192],"class_list":["post-787054","post","type-post","status-publish","format-standard","has-post-thumbnail","hentry","category-quick","tag-armee","tag-category-flash-news","tag-fotogalerie","tag-ungarn","tag-video"],"blocksy_meta":[],"acf":[],"author_username":"ugyelet","telegram_post":"","public_post_metadata":{"breaking_news":"yes","important":"no","csempe":"no","center_tile":"no","disable_thumbnail":"no","target_lang":"","_featured_image_style":"hidden","telegram_post":"","_xlat_group_id":"11b29d4b-15b2-4f59-85d5-fb143e5ad916"},"public_rank_math_data":{"title":"Neue Gripen-Kampfjets sto\u00dfen zur ungarischen Luftwaffe","description":"Zwei neue JAS-39 C Gripen-Kampfjets sind auf dem St\u00fctzpunkt Vit\u00e9z Dezs\u0151 Szentgy\u00f6rgyi 101st Air Brigade der ungarischen Luftwaffe angekommen.","focus_keyword":"Gripen","canonical_url":"","robots":"","primary_category":"4390","breadcrumb_title":"","facebook_title":"","facebook_description":"","facebook_image":"","facebook_image_id":"","twitter_title":"","twitter_description":"","twitter_image":"","twitter_image_id":"","twitter_card_type":"","twitter_use_facebook":"","advanced_robots":"","pillar_content":"","seo_score":"76","contentai_score":"","rich_snippet":""},"_links":{"self":[{"href":"https:\/\/dailynewshungary.com\/de\/wp-json\/wp\/v2\/posts\/787054","targetHints":{"allow":["GET"]}}],"collection":[{"href":"https:\/\/dailynewshungary.com\/de\/wp-json\/wp\/v2\/posts"}],"about":[{"href":"https:\/\/dailynewshungary.com\/de\/wp-json\/wp\/v2\/types\/post"}],"author":[{"embeddable":true,"href":"https:\/\/dailynewshungary.com\/de\/wp-json\/wp\/v2\/users\/33"}],"replies":[{"embeddable":true,"href":"https:\/\/dailynewshungary.com\/de\/wp-json\/wp\/v2\/comments?post=787054"}],"version-history":[{"count":0,"href":"https:\/\/dailynewshungary.com\/de\/wp-json\/wp\/v2\/posts\/787054\/revisions"}],"wp:featuredmedia":[{"embeddable":true,"href":"https:\/\/dailynewshungary.com\/de\/wp-json\/wp\/v2\/media\/787055"}],"wp:attachment":[{"href":"https:\/\/dailynewshungary.com\/de\/wp-json\/wp\/v2\/media?parent=787054"}],"wp:term":[{"taxonomy":"category","embeddable":true,"href":"https:\/\/dailynewshungary.com\/de\/wp-json\/wp\/v2\/categories?post=787054"},{"taxonomy":"post_tag","embeddable":true,"href":"https:\/\/dailynewshungary.com\/de\/wp-json\/wp\/v2\/tags?post=787054"}],"curies":[{"name":"wp","href":"https:\/\/api.w.org\/{rel}","templated":true}]}}