{"id":787056,"date":"2026-04-29T16:52:44","date_gmt":"2026-04-29T14:52:44","guid":{"rendered":"https:\/\/dailynewshungary.com\/de\/peter-magyar-der-scheidende-premierminister-orban-stellt-sich-in-seiner-jungsten-kabinettsentscheidung-auf-die-seite-der-geldwaschenden-oligarchen\/"},"modified":"2026-04-29T16:52:44","modified_gmt":"2026-04-29T14:52:44","slug":"peter-magyar-der-scheidende-premierminister-orban-stellt-sich-in-seiner-jungsten-kabinettsentscheidung-auf-die-seite-der-geldwaschenden-oligarchen","status":"publish","type":"post","link":"https:\/\/dailynewshungary.com\/de\/peter-magyar-der-scheidende-premierminister-orban-stellt-sich-in-seiner-jungsten-kabinettsentscheidung-auf-die-seite-der-geldwaschenden-oligarchen\/","title":{"rendered":"P\u00e9ter Magyar: Der scheidende Premierminister Orb\u00e1n stellt sich in seiner j\u00fcngsten Kabinettsentscheidung auf die Seite der geldwaschenden Oligarchen"},"content":{"rendered":"<p><strong>Der designierte Ministerpr\u00e4sident Peter Magyar sagte am Mittwoch, dass die scheidende Regierung von Viktor Orb\u00e1n seine Forderung nach einem Dekret zur Verl\u00e4ngerung der Aussetzungsfrist f\u00fcr \u00dcberweisungen, die der Geldw\u00e4sche verd\u00e4chtigt werden, von einigen Tagen auf bis zu 90 Tage abgelehnt habe. Damit habe die nationale Steuerbeh\u00f6rde (NAV) keine Befugnis, solche Transaktionen l\u00e4nger zu blockieren.<\/strong><\/p>\n\n\n\n<h2 class=\"wp-block-heading\">Mit Orb\u00e1ns Hilfe k\u00f6nnen Milliarden aus Ungarn abgesch\u00f6pft werden<\/h2>\n\n\n\n<p>In einem Facebook-Post aus Br\u00fcssel <a href=\"https:\/\/mti.hu\/en\/articles\/2026\/04\/29\/magyar-outgoing-government-rejects-90-day-freeze-suspicious-transfers\" target=\"_blank\" rel=\"noopener\">berichtete<\/a> der Vorsitzende der Theiss-Partei <a href=\"https:\/\/mti.hu\/en\/articles\/2026\/04\/29\/magyar-outgoing-government-rejects-90-day-freeze-suspicious-transfers\" target=\"_blank\" rel=\"noopener\">,<\/a> er habe mehrere Warnungen erhalten, dass <em>&#8220;Oligarchen und Politiker&#8221;<\/em>, die der derzeitigen Orb\u00e1n-Regierung nahestehen, versuchen, Milliarden von Forint nach S\u00fcdamerika und Asien abzusch\u00f6pfen.<\/p>\n\n\n\n<p>Magyar befindet sich in Br\u00fcssel zu Gespr\u00e4chen mit der Pr\u00e4sidentin der Europ\u00e4ischen Kommission Ursula von der Leyen und dem Pr\u00e4sidenten des Europ\u00e4ischen Rates Antonio Costa. Magyar teilte auch mit, dass die Regierung auf Gehei\u00df von Orb\u00e1n eine Vorschrift abgeschafft hat, die die Zustimmung des Finanzministers f\u00fcr Ausgaben und Verpflichtungen des Ministeriums vorschreibt.<\/p>\n\n\n\n<figure class=\"wp-block-image aligncenter size-full\"><img decoding=\"async\" src=\"https:\/\/dailynewshungary.b-cdn.net\/wp-content\/uploads\/2026\/04\/Peter-Magyar-and-Ursula-von-der-Leyen-in-Brussels.webp\" alt=\"P\u00e9ter Magyar and Ursula von der Leyen\" class=\"wp-image-695669\"\/><figcaption class=\"wp-element-caption\">Foto: <a href=\"https:\/\/www.facebook.com\/peter.magyar.102\/posts\/pfbid02EQu1kEHQp8GWo3ynLe7aEX9FGm4d3oaTb5cVYs6X9vWFGuiEJ5Mz2ZL1Vg3ix3Yhl\" target=\"_blank\" rel=\"noopener\">Facebook\/P\u00e9ter Magyar<\/a><\/figcaption><\/figure>\n\n<h2 class=\"wp-block-heading\">P\u00e9ter Magyar: <em>&#8220;Wir wissen, was Sie tun<\/em>&#8220;<\/h2>\n\n\n\n<p><em>&#8220;Das bedeutet, dass die Ministerien jetzt vor dem Regierungswechsel Milliarden an ihre Kumpane ausgeben k\u00f6nnen&#8221;,<\/em> sagte er. &#8221; <em>Wir reden hier von Dutzenden von Milliarden &#8211; m\u00f6glicherweise Hunderten von Milliarden Forint &#8211; w\u00e4hrend eine gesch\u00e4ftsf\u00fchrende Regierung keine solche Macht haben sollte&#8221;,<\/em> f\u00fcgte er hinzu.<\/p>\n\n\n\n<p>Direkt an Orb\u00e1n gewandt, warnte Magyar: <em>&#8220;Wir wissen, was Sie vorhaben. Jeder, der in diese Gesch\u00e4fte verwickelt ist &#8211; diejenigen, die die Entscheidungen getroffen haben, oder diejenigen, die es vers\u00e4umt haben, sie zu stoppen &#8211; wird zur Rechenschaft gezogen werden.&#8221;<\/em><\/p>\n\n\n\n<p><strong>P\u00e9ter Magyar sprach in einem Auto-Interview \u00fcber die angeblichen Machenschaften des scheidenden Orb\u00e1n-Kabinetts:<\/strong><\/p>\n\n\n\n<iframe loading=\"lazy\" src=\"https:\/\/www.facebook.com\/plugins\/video.php?height=476&#038;href=https%3A%2F%2Fwww.facebook.com%2Freel%2F1530389745473837%2F&#038;show_text=false&#038;width=267&#038;t=0\" width=\"267\" height=\"476\" style=\"border:none;overflow:hidden\" scrolling=\"no\" frameborder=\"0\" allowfullscreen=\"true\" allow=\"autoplay; clipboard-write; encrypted-media; picture-in-picture; web-share\" allowFullScreen=\"true\"><\/iframe>\n\n\n\n<p>Unterdessen bezeichnete Magyar die Sicherung von EU-Milliarden f\u00fcr die Ungarn, die Unternehmen und das Land als oberste Priorit\u00e4t f\u00fcr seine Partei und Ungarn. Am dringendsten ist die Fazilit\u00e4t f\u00fcr Konjunkturbelebung und Widerstandsf\u00e4higkeit im Wert von 10,4 Milliarden Euro &#8211; 6,5 Milliarden in Form von nicht r\u00fcckzahlbaren Zusch\u00fcssen und 3,9 Milliarden in Form von zinsg\u00fcnstigen Darlehen.<\/p>\n\n\n\n<pre class=\"wp-block-verse has-text-align-center has-juicy-peach-gradient-background has-background\"><strong><span style=\"text-decoration: underline;\">Falls Sie es verpasst haben:<br><\/span><\/strong><br><strong><a href=\"https:\/\/dailynewshungary.com\/de\/incoming-pm-magyar-to-head-to-brussels-for-urgent-eu-funds-talks-with-ursula-von-der-leyen\/\/\">Der neue Premierminister Magyar reist zu dringenden Gespr\u00e4chen \u00fcber EU-Fonds<\/a> mit Ursula von der Leyen<a href=\"https:\/\/dailynewshungary.com\/de\/incoming-pm-magyar-to-head-to-brussels-for-urgent-eu-funds-talks-with-ursula-von-der-leyen\/\/\">nach Br\u00fcssel<\/a><\/strong><\/pre>\n\n\n<ul class=\"wp-block-list\"><\/ul>\n\n\n<p>&#8220;<em>Jedes EU-Land hat diese Gelder erhalten, au\u00dfer Ungarn, wegen Orb\u00e1ns Korruption im gro\u00dfen Stil&#8221;,<\/em> sagte er. Die Frist f\u00fcr den Zugang zu den Geldern ist der 31. August.<\/p>\n\n\n\n<h2 class=\"wp-block-heading\">Konstruktive Gespr\u00e4che, um eingefrorene EU-Gelder zu erhalten<\/h2>\n\n\n\n<p>Experten arbeiten seit Wochen daran, die Gelder freizugeben, aber jetzt seien politische Entscheidungen n\u00f6tig. <em>&#8220;Die Verhandlungen kommen gut voran, mit konstruktivem Engagement der EU-Institutionen und der Mitgliedsstaaten. Jeder versteht, wie wichtig dies f\u00fcr Ungarn ist&#8221;,<\/em> so Magyar.<\/p>\n\n\n\n<iframe loading=\"lazy\" src=\"https:\/\/www.facebook.com\/plugins\/post.php?href=https%3A%2F%2Fwww.facebook.com%2Fpeter.magyar.102%2Fposts%2Fpfbid02raAj8GDMDxsizggFGpWpuCDCwEqjEdCoUXXMk8es2Mbzrpc6RbZU19WC7GTdLCrBl&#038;show_text=false&#038;width=500\" width=\"500\" height=\"497\" style=\"border:none;overflow:hidden\" scrolling=\"no\" frameborder=\"0\" allowfullscreen=\"true\" allow=\"autoplay; clipboard-write; encrypted-media; picture-in-picture; web-share\"><\/iframe>\n\n\n\n<p>Um Zugang zu den Mitteln zu erhalten, muss Ungarn strenge Bedingungen erf\u00fcllen, von denen einige bereits erf\u00fcllt sind. Allerdings sind neue Gesetze und eine koordinierte Projektarbeit erforderlich, um die bestehenden Projekte umzustrukturieren, zu pr\u00fcfen und Transparenz zu gew\u00e4hrleisten, f\u00fcgte der neue Premierminister hinzu.<\/p>\n\n\n\n<p><strong>Falls Sie es verpasst haben:<\/strong><\/p>\n\n\n\n<pre class=\"wp-block-verse has-text-align-center has-juicy-peach-gradient-background has-background\"><strong><span style=\"text-decoration: underline;\">Wenn Sie verpasst haben:<br><\/span><\/strong><br> <strong>Bericht: <a href=\"https:\/\/dailynewshungary.com\/de\/vermogen-der-ungarischen-elite-unter-orban-wird-nach-der-wahlniederlage-aus-wien-ausgeflogen-bericht\/\/\">Reichtum der ungarischen Elite unter Orb\u00e1n wird nach Wahlniederlage aus Wien ausgeflogen<\/a> - mit Reaktion der Steuerbeh\u00f6rde<\/strong><\/pre>","protected":false},"excerpt":{"rendered":"<p>Der designierte Ministerpr\u00e4sident Peter Magyar sagte am Mittwoch, dass die scheidende Regierung von Viktor Orb\u00e1n seine Forderung nach einem Dekret zur Verl\u00e4ngerung der Aussetzungsfrist f\u00fcr \u00dcberweisungen, die der Geldw\u00e4sche verd\u00e4chtigt werden, von einigen Tagen auf bis zu 90 Tage abgelehnt habe. Damit habe die nationale Steuerbeh\u00f6rde (NAV) keine Befugnis, solche Transaktionen l\u00e4nger zu blockieren. Mit [&hellip;]<\/p>\n","protected":false},"author":33,"featured_media":787057,"comment_status":"open","ping_status":"open","sticky":false,"template":"","format":"standard","meta":{"_acf_changed":false,"_display_image":"yes","footnotes":""},"categories":[4396],"tags":[4372,1066,4686,4687,4673,1128],"class_list":["post-787056","post","type-post","status-publish","format-standard","has-post-thumbnail","hentry","category-ungarisch","tag-category-politics","tag-hungary","tag-magyar-government","tag-orban-government","tag-peter-magyar","tag-viktor-orban"],"blocksy_meta":[],"acf":[],"author_username":"ugyelet","telegram_post":"","public_post_metadata":{"breaking_news":"yes","important":"no","csempe":"yes","center_tile":"no","disable_thumbnail":"no","target_lang":"","_featured_image_style":"hidden","telegram_post":"","_xlat_group_id":"f6ce46a8-9828-455d-87f4-2a12bc9e8b13"},"public_rank_math_data":{"title":"Der scheidende Premierminister Orb\u00e1n stellt sich auf die Seite der geldwaschenden Oligarchen","description":"Der scheidende Premierminister Orb\u00e1n stellt sich in seiner j\u00fcngsten Kabinettsentscheidung auf die Seite der geldwaschenden Oligarchen, behauptete P\u00e9ter Magyar in einer Botschaft.","focus_keyword":"Orb\u00e1n","canonical_url":"","robots":"","primary_category":"4396","breadcrumb_title":"","facebook_title":"","facebook_description":"","facebook_image":"","facebook_image_id":"","twitter_title":"","twitter_description":"","twitter_image":"","twitter_image_id":"","twitter_card_type":"","twitter_use_facebook":"","advanced_robots":"","pillar_content":"","seo_score":"81","contentai_score":"","rich_snippet":""},"_links":{"self":[{"href":"https:\/\/dailynewshungary.com\/de\/wp-json\/wp\/v2\/posts\/787056","targetHints":{"allow":["GET"]}}],"collection":[{"href":"https:\/\/dailynewshungary.com\/de\/wp-json\/wp\/v2\/posts"}],"about":[{"href":"https:\/\/dailynewshungary.com\/de\/wp-json\/wp\/v2\/types\/post"}],"author":[{"embeddable":true,"href":"https:\/\/dailynewshungary.com\/de\/wp-json\/wp\/v2\/users\/33"}],"replies":[{"embeddable":true,"href":"https:\/\/dailynewshungary.com\/de\/wp-json\/wp\/v2\/comments?post=787056"}],"version-history":[{"count":0,"href":"https:\/\/dailynewshungary.com\/de\/wp-json\/wp\/v2\/posts\/787056\/revisions"}],"wp:featuredmedia":[{"embeddable":true,"href":"https:\/\/dailynewshungary.com\/de\/wp-json\/wp\/v2\/media\/787057"}],"wp:attachment":[{"href":"https:\/\/dailynewshungary.com\/de\/wp-json\/wp\/v2\/media?parent=787056"}],"wp:term":[{"taxonomy":"category","embeddable":true,"href":"https:\/\/dailynewshungary.com\/de\/wp-json\/wp\/v2\/categories?post=787056"},{"taxonomy":"post_tag","embeddable":true,"href":"https:\/\/dailynewshungary.com\/de\/wp-json\/wp\/v2\/tags?post=787056"}],"curies":[{"name":"wp","href":"https:\/\/api.w.org\/{rel}","templated":true}]}}