{"id":787058,"date":"2026-04-29T17:25:00","date_gmt":"2026-04-29T15:25:00","guid":{"rendered":"https:\/\/dailynewshungary.com\/de\/breaking-belebte-budapester-u-bahn-station-wegen-rauch-geschlossen\/"},"modified":"2026-04-29T17:25:00","modified_gmt":"2026-04-29T15:25:00","slug":"breaking-belebte-budapester-u-bahn-station-wegen-rauch-geschlossen","status":"publish","type":"post","link":"https:\/\/dailynewshungary.com\/de\/breaking-belebte-budapester-u-bahn-station-wegen-rauch-geschlossen\/","title":{"rendered":"Breaking \u2013 Belebte Budapester U-Bahn-Station wegen Rauch geschlossen"},"content":{"rendered":"<p><strong>Rauch zwingt zur Schlie\u00dfung der Metrostation M2 in Keleti am Mittwoch. Der Betrieb wird vor\u00fcbergehend eingestellt, teilt die Katastrophenschutzbeh\u00f6rde MTI mit.<\/strong><\/p>\n\n\n\n<p>Der Erkl\u00e4rung zufolge wurde Rauch aus einem Zug auf dem Bahnsteig gemeldet, was die Schlie\u00dfung des Zuges und der Station zur Folge hatte. Beamte <a href=\"https:\/\/mti.hu\/hirek\/2026\/04\/29\/fust-miatt-lezartak-2-es-metro-keleti-palyaudvari-allomasat\" target=\"_blank\" rel=\"noopener\">f\u00fcgten hinzu <\/a>, dass die Berufsfeuerwehr der Hauptstadt nach der Quelle des Rauchs sucht und den Tunnel, den Zug und seine Umgebung untersucht.<\/p>\n\n\n\n<p><strong>Falls Sie es verpasst haben:<\/strong><\/p>\n\n\n\n<pre class=\"wp-block-verse has-text-align-center has-juicy-peach-gradient-background has-background\"><strong><span style=\"text-decoration: underline;\">Wenn Sie verpasst haben:<br><\/span><\/strong><br><strong><a href=\"https:\/\/dailynewshungary.com\/de\/serbians-outraged-by-hungary-over-belgrade-budapest-high-speed-railway\/\/\">Serben emp\u00f6ren sich \u00fcber Ungarn wegen der Hochgeschwindigkeitsstrecke Belgrad-Budapest<\/a><\/strong><\/pre>\n\n\n<p><\/p>\n","protected":false},"excerpt":{"rendered":"<p>Rauch zwingt zur Schlie\u00dfung der Metrostation M2 in Keleti am Mittwoch. Der Betrieb wird vor\u00fcbergehend eingestellt, teilt die Katastrophenschutzbeh\u00f6rde MTI mit. Der Erkl\u00e4rung zufolge wurde Rauch aus einem Zug auf dem Bahnsteig gemeldet, was die Schlie\u00dfung des Zuges und der Station zur Folge hatte. Beamte f\u00fcgten hinzu , dass die Berufsfeuerwehr der Hauptstadt nach der [&hellip;]<\/p>\n","protected":false},"author":33,"featured_media":787059,"comment_status":"open","ping_status":"open","sticky":false,"template":"","format":"standard","meta":{"_acf_changed":false,"_display_image":"yes","footnotes":""},"categories":[4571],"tags":[1111,4539,1178,1202,1076],"class_list":["post-787058","post","type-post","status-publish","format-standard","has-post-thumbnail","hentry","category-flash","tag-budapest","tag-category-quick-news","tag-inpr","tag-unfall","tag-ungarn"],"blocksy_meta":[],"acf":[],"author_username":"ugyelet","telegram_post":"","public_post_metadata":{"breaking_news":"yes","important":"no","csempe":"no","center_tile":"no","disable_thumbnail":"no","target_lang":"","_featured_image_style":"hidden","telegram_post":"","_xlat_group_id":"9d84cb23-d31a-4ca9-a02e-ee52d2318380"},"public_rank_math_data":{"title":"%title% %sep% %sitename%","description":"Rauch zwingt zur Schlie\u00dfung der Metrostation M2 in Keleti am Mittwoch. Der Betrieb wird vor\u00fcbergehend eingestellt.","focus_keyword":"metro station","canonical_url":"","robots":"","primary_category":"4571","breadcrumb_title":"","facebook_title":"","facebook_description":"","facebook_image":"","facebook_image_id":"","twitter_title":"","twitter_description":"","twitter_image":"","twitter_image_id":"","twitter_card_type":"","twitter_use_facebook":"","advanced_robots":"","pillar_content":"","seo_score":"71","contentai_score":"","rich_snippet":""},"_links":{"self":[{"href":"https:\/\/dailynewshungary.com\/de\/wp-json\/wp\/v2\/posts\/787058","targetHints":{"allow":["GET"]}}],"collection":[{"href":"https:\/\/dailynewshungary.com\/de\/wp-json\/wp\/v2\/posts"}],"about":[{"href":"https:\/\/dailynewshungary.com\/de\/wp-json\/wp\/v2\/types\/post"}],"author":[{"embeddable":true,"href":"https:\/\/dailynewshungary.com\/de\/wp-json\/wp\/v2\/users\/33"}],"replies":[{"embeddable":true,"href":"https:\/\/dailynewshungary.com\/de\/wp-json\/wp\/v2\/comments?post=787058"}],"version-history":[{"count":0,"href":"https:\/\/dailynewshungary.com\/de\/wp-json\/wp\/v2\/posts\/787058\/revisions"}],"wp:featuredmedia":[{"embeddable":true,"href":"https:\/\/dailynewshungary.com\/de\/wp-json\/wp\/v2\/media\/787059"}],"wp:attachment":[{"href":"https:\/\/dailynewshungary.com\/de\/wp-json\/wp\/v2\/media?parent=787058"}],"wp:term":[{"taxonomy":"category","embeddable":true,"href":"https:\/\/dailynewshungary.com\/de\/wp-json\/wp\/v2\/categories?post=787058"},{"taxonomy":"post_tag","embeddable":true,"href":"https:\/\/dailynewshungary.com\/de\/wp-json\/wp\/v2\/tags?post=787058"}],"curies":[{"name":"wp","href":"https:\/\/api.w.org\/{rel}","templated":true}]}}