{"id":787060,"date":"2026-04-29T18:12:35","date_gmt":"2026-04-29T16:12:35","guid":{"rendered":"https:\/\/dailynewshungary.com\/de\/breaking-from-brussels-peter-magyar-kundigt-politische-einigung-mit-ursula-von-der-leyen-uber-eingefrorene-eu-gelder-an\/"},"modified":"2026-04-29T18:12:35","modified_gmt":"2026-04-29T16:12:35","slug":"breaking-from-brussels-peter-magyar-kundigt-politische-einigung-mit-ursula-von-der-leyen-uber-eingefrorene-eu-gelder-an","status":"publish","type":"post","link":"https:\/\/dailynewshungary.com\/de\/breaking-from-brussels-peter-magyar-kundigt-politische-einigung-mit-ursula-von-der-leyen-uber-eingefrorene-eu-gelder-an\/","title":{"rendered":"Breaking from Brussels: P\u00e9ter Magyar k\u00fcndigt politische Einigung mit Ursula von der Leyen \u00fcber eingefrorene EU-Gelder an"},"content":{"rendered":"\n<p><strong>EU-Gelder werden bald nach Ungarn flie\u00dfen, sagte P\u00e9ter Magyar nach einem Gespr\u00e4ch mit Ursula von der Leyen. In ihrer Botschaft beschrieb von der Leyen einen &#8220;sehr guten&#8221; Meinungsaustausch mit dem neuen Ministerpr\u00e4sidenten Magyar.<\/strong><\/p>\n\n\n\n<h2 class=\"wp-block-heading\">P\u00e9ter Magyar: konstruktives und erfolgreiches Treffen<\/h2>\n\n\n\n<p>P\u00e9ter Magyar, der neue ungarische Ministerpr\u00e4sident, hat nach seinen Gespr\u00e4chen mit Ursula von der Leyen, der Pr\u00e4sidentin der Europ\u00e4ischen Kommission, am Mittwoch in Br\u00fcssel <a href=\"https:\/\/mti.hu\/hirek\/2026\/04\/29\/magyar-peter-hamarosan-erkeznek-az-unios-forrasok\" target=\"_blank\" rel=\"noopener\">angek\u00fcndigt<\/a>, dass die Mittel der Europ\u00e4ischen Union bald im Land ankommen werden.<\/p>\n\n\n\n<p>In einem <a href=\"https:\/\/www.facebook.com\/peter.magyar.102\/posts\/pfbid02EQu1kEHQp8GWo3ynLe7aEX9FGm4d3oaTb5cVYs6X9vWFGuiEJ5Mz2ZL1Vg3ix3Yhl\" target=\"_blank\" rel=\"noopener\">Facebook-Post<\/a> bezeichnete Magyar das Treffen als &#8220;sehr konstruktiv und erfolgreich&#8221;. Er erkl\u00e4rte, die Gelder w\u00fcrden es erm\u00f6glichen, die ungarische Wirtschaft anzukurbeln und die f\u00fcr ein &#8220;funktionierendes und menschliches Land&#8221; notwendigen Entwicklungen zu verwirklichen.<\/p>\n\n\n\n<figure class=\"wp-block-image aligncenter size-full\"><img decoding=\"async\" src=\"https:\/\/dailynewshungary.b-cdn.net\/wp-content\/uploads\/2026\/04\/Peter-Magyar-and-Ursula-von-der-Leyen-in-Brussels.webp\" alt=\"P\u00e9ter Magyar and Ursula von der Leyen\" class=\"wp-image-695669\"\/><figcaption class=\"wp-element-caption\">Foto: <a href=\"https:\/\/www.facebook.com\/peter.magyar.102\/posts\/pfbid02EQu1kEHQp8GWo3ynLe7aEX9FGm4d3oaTb5cVYs6X9vWFGuiEJ5Mz2ZL1Vg3ix3Yhl\" target=\"_blank\" rel=\"noopener\">Facebook\/P\u00e9ter Magyar<\/a><\/figcaption><\/figure>\n\n<p>Er f\u00fcgte hinzu, dass man sich darauf geeinigt habe, in der Woche des 25. Mai nach Br\u00fcssel zur\u00fcckzukehren, um die politische Einigung zu besiegeln, die Ungarn und seine Bev\u00f6lkerung ben\u00f6tigen, um schnell Zugang zu den Billionen Forint an EU-Geldern zu erhalten, auf die sie Anspruch haben.<\/p>\n\n\n\n<p>Der Politiker versuchte, allen zu versichern, dass die Europ\u00e4ische Union keine Bedingungen stellt, die den Interessen Ungarns zuwiderlaufen. Magyar hatte zuvor auf Facebook aus Br\u00fcssel gepostet, dass er im Laufe des Tages auch Ant\u00f3nio Costa, den Pr\u00e4sidenten des Europ\u00e4ischen Rates, treffen w\u00fcrde.<\/p>\n\n\n\n<h2 class=\"wp-block-heading\">Von der Leyen: Schritte zur Freigabe von EU-Euro-Milliarden diskutiert<\/h2>\n\n\n\n<p>Ursula von der Leyen, Pr\u00e4sidentin der Europ\u00e4ischen Kommission, teilte in einem Posting auf X mit, dass sie sich am Mittwoch in Br\u00fcssel mit P\u00e9ter Magyar, dem ungarischen Premierministerkandidaten, \u00fcber die notwendigen Schritte zur Freigabe von EU-Mitteln beraten hat, die f\u00fcr Ungarn vorgesehen waren, aber wegen Bedenken hinsichtlich Korruption und Rechtsstaatlichkeit eingefroren wurden.<\/p>\n\n\n\n<figure class=\"wp-block-image aligncenter size-full\"><img decoding=\"async\" src=\"https:\/\/dailynewshungary.b-cdn.net\/wp-content\/uploads\/2026\/04\/Ursula-von-der-Leyen-European-Commission.webp\" alt=\"Ursula von der Leyen European Commission\" class=\"wp-image-695672\"\/><figcaption class=\"wp-element-caption\">Ursula von der Leyen. Foto: Dursun Aydemir\/Anadolu<\/figcaption><\/figure>\n\n<p>In ihrer Botschaft beschrieb von der Leyen einen &#8220;sehr guten&#8221; Meinungsaustausch mit dem neuen Ministerpr\u00e4sidenten Magyar. &#8220;Wir haben \u00fcber die Schritte gesprochen, die notwendig sind, um die EU-Mittel f\u00fcr Ungarn freizugeben, die aufgrund von Korruptions- und Rechtsstaatlichkeitsproblemen eingefroren wurden&#8221;, erkl\u00e4rte sie und betonte: Die Europ\u00e4ische Kommission wird die Regierung Magyar bei der L\u00f6sung dieser Probleme unterst\u00fctzen und sich an unseren gemeinsamen europ\u00e4ischen Werten orientieren.<\/p>\n\n\n\n<p>&#8220;Unsere Teams werden weiterhin eng zusammenarbeiten, um ein bl\u00fchendes Ungarn im Herzen unseres gemeinsamen europ\u00e4ischen Hauses zu schaffen&#8221;, f\u00fcgte die Kommissionspr\u00e4sidentin in ihrem Beitrag hinzu.<\/p>\n\n\n\n<p><strong>Falls Sie es verpasst haben:<\/strong><\/p>\n\n\n\n<pre class=\"wp-block-verse has-text-align-center has-juicy-peach-gradient-background has-background\"><strong><span style=\"text-decoration: underline;\">Wenn Sie verpasst haben:<br><\/span><\/strong><br> P\u00e9ter<strong>Magyar: Der <a href=\"https:\/\/dailynewshungary.com\/de\/peter-magyar-der-scheidende-premierminister-orban-stellt-sich-in-seiner-jungsten-kabinettsentscheidung-auf-die-seite-der-geldwaschenden-oligarchen\/\">scheidende Premierminister Orb\u00e1n stellt sich<\/a> in seiner j\u00fcngsten Kabinettsentscheidung <a href=\"https:\/\/dailynewshungary.com\/de\/peter-magyar-der-scheidende-premierminister-orban-stellt-sich-in-seiner-jungsten-kabinettsentscheidung-auf-die-seite-der-geldwaschenden-oligarchen\/\">auf die Seite der geldwaschenden Oligarchen<\/a><br><\/strong><br><strong><a href=\"https:\/\/dailynewshungary.com\/de\/der-scheidende-premierminister-orban-sagt-dass-die-liebe-im-mittelpunkt-des-wahlkampfes-stand-und-gibt-seinen-rucktritt-vom-parteivorsitz-ab\/\">Der scheidende Premierminister Orb\u00e1n sagt, dass die Liebe im Mittelpunkt seines Wahlkampfes stand<\/a>, und legt den Parteivorsitz nieder<\/strong><\/pre>","protected":false},"excerpt":{"rendered":"<p>EU-Gelder werden bald nach Ungarn flie\u00dfen, sagte P\u00e9ter Magyar nach einem Gespr\u00e4ch mit Ursula von der Leyen. In ihrer Botschaft beschrieb von der Leyen einen &#8220;sehr guten&#8221; Meinungsaustausch mit dem neuen Ministerpr\u00e4sidenten Magyar. P\u00e9ter Magyar: konstruktives und erfolgreiches Treffen P\u00e9ter Magyar, der neue ungarische Ministerpr\u00e4sident, hat nach seinen Gespr\u00e4chen mit Ursula von der Leyen, der [&hellip;]<\/p>\n","protected":false},"author":33,"featured_media":787061,"comment_status":"open","ping_status":"open","sticky":false,"template":"","format":"standard","meta":{"_acf_changed":false,"_display_image":"yes","footnotes":""},"categories":[4396],"tags":[4151,1426,1178,2026,4685,1076],"class_list":["post-787060","post","type-post","status-publish","format-standard","has-post-thumbnail","hentry","category-ungarisch","tag-eu-mittel","tag-europaische-kommission","tag-inpr","tag-kategorie-politik","tag-magyar-regierung-2","tag-ungarn"],"blocksy_meta":[],"acf":[],"author_username":"ugyelet","telegram_post":"","public_post_metadata":{"breaking_news":"yes","important":"no","csempe":"no","center_tile":"no","disable_thumbnail":"no","target_lang":"","_featured_image_style":"hidden","telegram_post":"","_xlat_group_id":"43c75b96-6b25-4bc9-91e8-0bd291574eb0"},"public_rank_math_data":{"title":"P\u00e9ter Magyar k\u00fcndigt eine politische Einigung \u00fcber EU-Gelder an","description":"EU-Gelder werden bald nach Ungarn flie\u00dfen, sagt P\u00e9ter Magyar nach Gespr\u00e4chen mit Ursula von der Leyen.","focus_keyword":"P\u00e9ter Magyar","canonical_url":"","robots":"","primary_category":"4396","breadcrumb_title":"","facebook_title":"","facebook_description":"","facebook_image":"","facebook_image_id":"","twitter_title":"","twitter_description":"","twitter_image":"","twitter_image_id":"","twitter_card_type":"","twitter_use_facebook":"","advanced_robots":"","pillar_content":"","seo_score":"83","contentai_score":"","rich_snippet":""},"_links":{"self":[{"href":"https:\/\/dailynewshungary.com\/de\/wp-json\/wp\/v2\/posts\/787060","targetHints":{"allow":["GET"]}}],"collection":[{"href":"https:\/\/dailynewshungary.com\/de\/wp-json\/wp\/v2\/posts"}],"about":[{"href":"https:\/\/dailynewshungary.com\/de\/wp-json\/wp\/v2\/types\/post"}],"author":[{"embeddable":true,"href":"https:\/\/dailynewshungary.com\/de\/wp-json\/wp\/v2\/users\/33"}],"replies":[{"embeddable":true,"href":"https:\/\/dailynewshungary.com\/de\/wp-json\/wp\/v2\/comments?post=787060"}],"version-history":[{"count":0,"href":"https:\/\/dailynewshungary.com\/de\/wp-json\/wp\/v2\/posts\/787060\/revisions"}],"wp:featuredmedia":[{"embeddable":true,"href":"https:\/\/dailynewshungary.com\/de\/wp-json\/wp\/v2\/media\/787061"}],"wp:attachment":[{"href":"https:\/\/dailynewshungary.com\/de\/wp-json\/wp\/v2\/media?parent=787060"}],"wp:term":[{"taxonomy":"category","embeddable":true,"href":"https:\/\/dailynewshungary.com\/de\/wp-json\/wp\/v2\/categories?post=787060"},{"taxonomy":"post_tag","embeddable":true,"href":"https:\/\/dailynewshungary.com\/de\/wp-json\/wp\/v2\/tags?post=787060"}],"curies":[{"name":"wp","href":"https:\/\/api.w.org\/{rel}","templated":true}]}}