{"id":787062,"date":"2026-04-29T18:44:00","date_gmt":"2026-04-29T16:44:00","guid":{"rendered":"https:\/\/dailynewshungary.com\/de\/neues-vertragsverletzungsverfahren-gegen-ungarn\/"},"modified":"2026-04-29T18:44:00","modified_gmt":"2026-04-29T16:44:00","slug":"neues-vertragsverletzungsverfahren-gegen-ungarn","status":"publish","type":"post","link":"https:\/\/dailynewshungary.com\/de\/neues-vertragsverletzungsverfahren-gegen-ungarn\/","title":{"rendered":"Neues Vertragsverletzungsverfahren gegen Ungarn"},"content":{"rendered":"<p><strong>Die Europ\u00e4ische Kommission hat am Mittwoch ein Vertragsverletzungsverfahren gegen Ungarn wegen diskriminierender Kraftstoffpreise f\u00fcr im Ausland zugelassene Autos eingeleitet. Gleichzeitig forderte die EK Ungarn auf, seine nationalen Gesetze an die EU-Vorschriften zur Bek\u00e4mpfung der Schleuserkriminalit\u00e4t anzugleichen. Schlie\u00dflich verklagte die Europ\u00e4ische Kommission Ungarn, weil es sein System der Einzelhandelsbesteuerung nicht mit den Vorschriften der Europ\u00e4ischen Union in Einklang gebracht hat.<\/strong><\/p>\n\n\n\n<h2 class=\"wp-block-heading\">Neues Vertragsverletzungsverfahren gegen Ungarn eingeleitet<\/h2>\n\n\n\n<p>Anfang M\u00e4rz f\u00fchrte die ungarische Regierung Obergrenzen f\u00fcr die Kraftstoffpreise f\u00fcr in Ungarn zugelassene Fahrzeuge ein, um die Auswirkungen des Konflikts im Nahen Osten und der Abschaltung der Druschba-Pipeline, \u00fcber die Ungarn sein russisches Roh\u00f6l bezieht, auf die M\u00e4rkte abzumildern.<\/p>\n\n\n\n<p>In der <a href=\"https:\/\/mti.hu\/en\/articles\/2026\/04\/29\/infringement-procedure-launched-against-hungary-over-fuel-price-caps\" target=\"_blank\" rel=\"noopener\">Ank\u00fcndigung<\/a> ihrer Entscheidung, Ungarn ein Aufforderungsschreiben zu \u00fcbermitteln und damit ein Vertragsverletzungsverfahren einzuleiten, erkl\u00e4rte die Europ\u00e4ische Kommission, die Ma\u00dfnahme versto\u00dfe gegen die Vorschriften der Europ\u00e4ischen Union \u00fcber den freien Waren- und Dienstleistungsverkehr und den Stra\u00dfenverkehr sowie \u00fcber die Niederlassungsfreiheit und die Freiz\u00fcgigkeit der Arbeitnehmer und deren Gleichbehandlung.<\/p>\n\n\n\n<figure class=\"wp-block-image aligncenter size-full\"><img decoding=\"async\" src=\"https:\/\/dailynewshungary.b-cdn.net\/wp-content\/uploads\/2026\/04\/Ursula-von-der-Leyen-European-Commission.webp\" alt=\"Ursula von der Leyen European Commission\" class=\"wp-image-695672\"\/><figcaption class=\"wp-element-caption\">Ursula von der Leyen. Foto: Dursun Aydemir\/Anadolu<\/figcaption><\/figure>\n\n<p>Die Preisobergrenzen in Ungarn sind auf 595 HUF\/Liter f\u00fcr Benzin und 615 HUF\/Liter f\u00fcr Diesel festgelegt. Fahrzeuge mit ausl\u00e4ndischen Nummernschildern zahlen jetzt markt\u00fcbliche Preise von rund 667 HUF\/Liter f\u00fcr Benzin und 697 HUF\/Liter f\u00fcr Diesel.<\/p>\n\n\n\n<h2 class=\"wp-block-heading\">EU trifft Entscheidungen in Vertragsverletzungsverfahren gegen Ungarn<\/h2>\n\n\n\n<p>Die Europ\u00e4ische Kommission hat am Mittwoch <a href=\"https:\/\/mti.hu\/en\/articles\/2026\/04\/29\/ec-takes-decisions-infringement-procedure-cases-against-hungary\" target=\"_blank\" rel=\"noopener\">Entscheidungen in mehreren Vertragsverletzungsverfahren gegen Ungarn getroffen<\/a>. In ihrem April-Paket forderte die EK Ungarn auf, seine nationalen Gesetze an die EU-Vorschriften zur Bek\u00e4mpfung der Schleuserkriminalit\u00e4t anzupassen.<\/p>\n\n\n\n<p>Das Verfahren wurde eingeleitet, weil Ungarn es angeblich vers\u00e4umt hatte, wirksame, verh\u00e4ltnism\u00e4\u00dfige und abschreckende Sanktionen f\u00fcr Straftaten im Zusammenhang mit der Schleusung von Migranten zu verh\u00e4ngen. Die Europ\u00e4ische Kommission warnte, dass das Fehlen einer wirksamen Strafverfolgung mutma\u00dflicher Schleuser nicht nur das hohe Sicherheitsniveau der EU untergr\u00e4bt, sondern auch die Einwanderungs- und Grenzkontrollpolitik schw\u00e4cht.<\/p>\n\n\n\n<figure class=\"wp-block-image aligncenter size-full\"><img decoding=\"async\" src=\"https:\/\/dailynewshungary.b-cdn.net\/wp-content\/uploads\/2026\/04\/Peter-Magyar-and-Ursula-von-der-Leyen-in-Brussels.webp\" alt=\"P\u00e9ter Magyar and Ursula von der Leyen\" class=\"wp-image-695669\"\/><figcaption class=\"wp-element-caption\">Der neue Premierminister P\u00e9ter Magyar im Gespr\u00e4ch mit von der Leyen. Foto: <a href=\"https:\/\/www.facebook.com\/peter.magyar.102\/posts\/pfbid02EQu1kEHQp8GWo3ynLe7aEX9FGm4d3oaTb5cVYs6X9vWFGuiEJ5Mz2ZL1Vg3ix3Yhl\" target=\"_blank\" rel=\"noopener\">Facebook\/P\u00e9ter Magyar<\/a><\/figcaption><\/figure>\n\n<p>Ungarn wurde zusammen mit Tschechien vor dem Gerichtshof der Europ\u00e4ischen Union verklagt, weil es die EU-Vorschriften \u00fcber den Europ\u00e4ischen Haftbefehl nicht korrekt umgesetzt hat. Die EU-Kommission erkl\u00e4rte, das ungarische Recht verlange von den Justizbeh\u00f6rden f\u00e4lschlicherweise die Ablehnung von Ersuchen im Zusammenhang mit bestimmten Straftaten, die nach ungarischem Recht nicht strafbar sind.<\/p>\n\n\n\n<p>Das Exekutivorgan forderte Ungarn au\u00dferdem auf, die EU-Vorschriften zur ausgewogenen Vertretung von Frauen und M\u00e4nnern in F\u00fchrungspositionen in Unternehmen umzusetzen. Die Richtlinie sieht vor, dass mindestens 40 Prozent der nicht gesch\u00e4ftsf\u00fchrenden Direktorenposten oder 33 Prozent aller Direktorenposten in b\u00f6rsennotierten EU-Unternehmen von Frauen besetzt werden.<\/p>\n\n\n\n<pre class=\"wp-block-verse has-text-align-center has-juicy-peach-gradient-background has-background\"><strong><span style=\"text-decoration: underline;\">Falls Sie es verpasst haben:<br><\/span><\/strong><br> <strong><a href=\"https:\/\/dailynewshungary.com\/de\/wird-die-neue-magyarische-regierung-die-gastarbeiter-nach-hause-schicken-das-konnen-sie-erwarten\/\/\">Wird die neue magyarische Regierung die Gastarbeiter nach Hause schicken?<\/a> Das k\u00f6nnen sie erwarten<\/strong><\/pre>:\n\n<h2 class=\"wp-block-heading\">EU-Kommission verklagt Ungarn wegen Einzelhandelssteuerregelung<\/h2>\n\n\n\n<p>Die Europ\u00e4ische Kommission teilte am Mittwoch mit, dass sie beschlossen hat, Ungarn vor dem Gerichtshof der Europ\u00e4ischen Union (EuGH) zu verklagen, weil das Land es vers\u00e4umt hat, sein Einzelhandelssteuersystem mit den EU-Vorschriften in Einklang zu bringen.<\/p>\n\n\n\n<p>Die EU-Kommission erkl\u00e4rte, das System unterwerfe Einzelh\u00e4ndler in ausl\u00e4ndischem Besitz <em>&#8220;hohen und steil progressiven&#8221;<\/em> Steuers\u00e4tzen auf den Umsatz und beg\u00fcnstige gleichzeitig einheimische Ketten, die als Franchiseunternehmen t\u00e4tig sind, was gegen die EU-Vorschriften zur Niederlassungsfreiheit versto\u00dfe.<\/p>\n\n\n\n<p>Die Europ\u00e4ische Kommission hat im Oktober 2024 ein Vertragsverletzungsverfahren gegen Ungarn wegen der Einzelhandelssteuerregelung eingeleitet. Im Juni 2025 hat sie das Verfahren auf die vorletzte Stufe gebracht und den Beh\u00f6rden eine <em>&#8220;mit Gr\u00fcnden versehene Stellungnahme&#8221;<\/em> \u00fcbermittelt.<\/p>\n\n\n\n<p><strong>Falls Sie es verpasst haben:<\/strong><\/p>\n\n\n\n<pre class=\"wp-block-verse has-text-align-center has-juicy-peach-gradient-background has-background\"><strong>P\u00e9ter Magyar: Der <a href=\"https:\/\/dailynewshungary.com\/de\/peter-magyar-der-scheidende-premierminister-orban-stellt-sich-in-seiner-jungsten-kabinettsentscheidung-auf-die-seite-der-geldwaschenden-oligarchen\/\/\">scheidende Premierminister Orb\u00e1n stellt sich<\/a> in seiner j\u00fcngsten Kabinettsentscheidung <a href=\"https:\/\/dailynewshungary.com\/de\/peter-magyar-der-scheidende-premierminister-orban-stellt-sich-in-seiner-jungsten-kabinettsentscheidung-auf-die-seite-der-geldwaschenden-oligarchen\/\/\">auf die Seite der geldwaschenden Oligarchen<\/a><\/strong><\/pre>","protected":false},"excerpt":{"rendered":"<p>Die Europ\u00e4ische Kommission hat am Mittwoch ein Vertragsverletzungsverfahren gegen Ungarn wegen diskriminierender Kraftstoffpreise f\u00fcr im Ausland zugelassene Autos eingeleitet. Gleichzeitig forderte die EK Ungarn auf, seine nationalen Gesetze an die EU-Vorschriften zur Bek\u00e4mpfung der Schleuserkriminalit\u00e4t anzugleichen. Schlie\u00dflich verklagte die Europ\u00e4ische Kommission Ungarn, weil es sein System der Einzelhandelsbesteuerung nicht mit den Vorschriften der Europ\u00e4ischen Union [&hellip;]<\/p>\n","protected":false},"author":33,"featured_media":787063,"comment_status":"open","ping_status":"open","sticky":false,"template":"","format":"standard","meta":{"_acf_changed":false,"_display_image":"yes","footnotes":""},"categories":[4401],"tags":[1066],"class_list":["post-787062","post","type-post","status-publish","format-standard","has-post-thumbnail","hentry","category-business","tag-hungary"],"blocksy_meta":[],"acf":[],"author_username":"ugyelet","telegram_post":"","public_post_metadata":{"breaking_news":"yes","important":"no","csempe":"yes","center_tile":"no","disable_thumbnail":"no","target_lang":"","_featured_image_style":"default","telegram_post":"","_xlat_group_id":"e4119a27-ddd9-46c7-99f5-bd0fec12935c"},"public_rank_math_data":{"title":"Neues Vertragsverletzungsverfahren gegen Ungarn eingeleitet","description":"Die Europ\u00e4ische Kommission hat am Mittwoch ein Vertragsverletzungsverfahren gegen Ungarn wegen diskriminierender Kraftstoffpreise eingeleitet.","focus_keyword":"Vertragsverletzung","canonical_url":"","robots":"","primary_category":"4401","breadcrumb_title":"","facebook_title":"","facebook_description":"","facebook_image":"","facebook_image_id":"","twitter_title":"","twitter_description":"","twitter_image":"","twitter_image_id":"","twitter_card_type":"","twitter_use_facebook":"","advanced_robots":"","pillar_content":"","seo_score":"80","contentai_score":"","rich_snippet":""},"_links":{"self":[{"href":"https:\/\/dailynewshungary.com\/de\/wp-json\/wp\/v2\/posts\/787062","targetHints":{"allow":["GET"]}}],"collection":[{"href":"https:\/\/dailynewshungary.com\/de\/wp-json\/wp\/v2\/posts"}],"about":[{"href":"https:\/\/dailynewshungary.com\/de\/wp-json\/wp\/v2\/types\/post"}],"author":[{"embeddable":true,"href":"https:\/\/dailynewshungary.com\/de\/wp-json\/wp\/v2\/users\/33"}],"replies":[{"embeddable":true,"href":"https:\/\/dailynewshungary.com\/de\/wp-json\/wp\/v2\/comments?post=787062"}],"version-history":[{"count":0,"href":"https:\/\/dailynewshungary.com\/de\/wp-json\/wp\/v2\/posts\/787062\/revisions"}],"wp:featuredmedia":[{"embeddable":true,"href":"https:\/\/dailynewshungary.com\/de\/wp-json\/wp\/v2\/media\/787063"}],"wp:attachment":[{"href":"https:\/\/dailynewshungary.com\/de\/wp-json\/wp\/v2\/media?parent=787062"}],"wp:term":[{"taxonomy":"category","embeddable":true,"href":"https:\/\/dailynewshungary.com\/de\/wp-json\/wp\/v2\/categories?post=787062"},{"taxonomy":"post_tag","embeddable":true,"href":"https:\/\/dailynewshungary.com\/de\/wp-json\/wp\/v2\/tags?post=787062"}],"curies":[{"name":"wp","href":"https:\/\/api.w.org\/{rel}","templated":true}]}}