{"id":787088,"date":"2026-04-30T08:34:00","date_gmt":"2026-04-30T06:34:00","guid":{"rendered":"https:\/\/dailynewshungary.com\/de\/nur-noch-sechs-wochen-kerosin-fur-europa-auswirkungen-auf-ungarn\/"},"modified":"2026-04-30T11:44:35","modified_gmt":"2026-04-30T09:44:35","slug":"nur-noch-sechs-wochen-kerosin-fur-europa-auswirkungen-auf-ungarn","status":"publish","type":"post","link":"https:\/\/dailynewshungary.com\/de\/nur-noch-sechs-wochen-kerosin-fur-europa-auswirkungen-auf-ungarn\/","title":{"rendered":"Nur noch sechs Wochen Kerosin f\u00fcr Europa: Auswirkungen auf Ungarn"},"content":{"rendered":"\n<p><strong>Der europ\u00e4ische Luftfahrtsektor ger\u00e4t zunehmend unter Druck. Die Fluggesellschaften haben bereits Fl\u00fcge gestrichen, da die Kerosinpreise in die H\u00f6he schie\u00dfen und sich die Sorgen um die Versorgung versch\u00e4rfen.<\/strong><\/p>\n\n\n\n<p>Laut Fatih Birol, dem Leiter der Internationalen Energieagentur, k\u00f6nnte es bereits zu Beginn des Sommers zu Unterbrechungen kommen, wenn die Lieferungen aus dem Nahen Osten nicht wiederhergestellt werden.<\/p>\n\n\n\n<blockquote class=\"wp-block-quote is-layout-flow wp-block-quote-is-layout-flow\">\n<p>&#8220;Wir haben in Europa vielleicht noch Kerosin f\u00fcr sechs Wochen oder so. Wenn wir die Stra\u00dfe von Hormus nicht wieder \u00f6ffnen k\u00f6nnen, werden wir bald h\u00f6ren, dass Fl\u00fcge von Stadt A nach Stadt B aufgrund von Kerosinmangel gestrichen werden&#8221;, sagte er.<\/p>\n<\/blockquote>\n\n\n\n<p>Die Krise ist vor allem auf die Unterbrechung der Transporte durch die Stra\u00dfe von Hormus zur\u00fcckzuf\u00fchren, eine Schl\u00fcsselroute f\u00fcr die weltweite Versorgung mit \u00d6l und Treibstoff. Infolgedessen sind die Preise in die H\u00f6he geschnellt, und auch das Risiko physischer Engp\u00e4sse nimmt zu.<\/p>\n\n\n\n<p>Die Marktdaten unterstreichen das Ausma\u00df des Preisschocks. Nach einer Analyse von <a href=\"https:\/\/www.argusmedia.com\/en\/news-and-insights\/latest-market-news\/2809607-european-jet-diesel-prices-hit-new-all-time-highs\" target=\"_blank\" rel=\"noopener\">Argus Media<\/a> haben die Kerosinpreise in Europa Rekordh\u00f6hen erreicht und sich seit Beginn des Konflikts mehr als verdoppelt.<\/p>\n\n\n\n<h2 class=\"wp-block-heading\">Flugausf\u00e4lle und gegroundete Flugzeuge<\/h2>\n\n\n\n<p>Die Fluggesellschaften bereiten sich bereits auf m\u00f6gliche St\u00f6rungen w\u00e4hrend der Sommersaison vor. Als Reaktion auf die Krise <a href=\"https:\/\/newsroom.lufthansagroup.com\/en\/lufthansa-group-accelerates-strategy-implementation\/\" target=\"_blank\" rel=\"noopener\">k\u00fcndigte<\/a> die Lufthansa <a href=\"https:\/\/newsroom.lufthansagroup.com\/en\/lufthansa-group-accelerates-strategy-implementation\/\" target=\"_blank\" rel=\"noopener\">an<\/a>, ihre Regionalflotte mit 27 Flugzeugen sofort stillzulegen und in den kommenden Monaten weitere Kapazit\u00e4tsreduzierungen zu planen. Die Ma\u00dfnahme war urspr\u00fcnglich f\u00fcr einen sp\u00e4teren Zeitpunkt geplant, wurde aber nun aufgrund der aktuellen Lage vorgezogen.<\/p>\n\n\n\n<p>Kurz darauf hat die niederl\u00e4ndische Fluggesellschaft KLM best\u00e4tigt, dass sie im Mai 80 Hin- und R\u00fcckfl\u00fcge vom Flughafen Amsterdam Schiphol streichen wird. Die K\u00fcrzungen betreffen haupts\u00e4chlich Strecken mit mehreren t\u00e4glichen Verbindungen, so dass die Fluggesellschaft die Auswirkungen auf die Passagiere begrenzen kann.<\/p>\n\n\n\n<blockquote class=\"wp-block-quote is-layout-flow wp-block-quote-is-layout-flow\">\n<p>Michael O&#8217;Leary, Vorstandsvorsitzender von Ryanair, hat gewarnt, dass es bereits im Mai zu Lieferengp\u00e4ssen kommen k\u00f6nnte, wenn der Konflikt anh\u00e4lt, und dass <strong><a href=\"https:\/\/dailynewshungary.com\/de\/konnten-budapester-fluge-in-gefahr-sein-ryanair-warnt-vor-stornierungen-im-sommer-und-nennt-ungarn-als-gutes-beispiel\/\/\">die Fl\u00fcge<\/a><\/strong> in der Hochsaison <strong><a href=\"https:\/\/dailynewshungary.com\/de\/konnten-budapester-fluge-in-gefahr-sein-ryanair-warnt-vor-stornierungen-im-sommer-und-nennt-ungarn-als-gutes-beispiel\/\/\">ausgesetzt werden k\u00f6nnten<\/a><\/strong>.<\/p>\n<\/blockquote>\n\n\n\n<p>Die Fluggesellschaften betonen, dass das unmittelbare Problem nicht der Mangel an Treibstoff ist, sondern dessen Kosten. Bei dem derzeitigen Preisniveau ist der Betrieb weniger rentabler Strecken nicht mehr rentabel, so dass die Fluggesellschaften gezwungen sind, ihre Kapazit\u00e4ten zu reduzieren und \u00e4ltere, weniger effiziente Flugzeuge auszumustern.<\/p>\n\n\n\n<h2 class=\"wp-block-heading\">EU bereitet Notfallma\u00dfnahmen wegen Kerosinkrise vor<\/h2>\n\n\n\n<p>Unterdessen bereitet die Europ\u00e4ische Union ihre Reaktion vor. Laut <a href=\"https:\/\/www.reuters.com\/sustainability\/boards-policy-regulation\/eu-working-jet-fuel-plan-iran-crisis-threatens-air-travel-2026-04-16\/\" target=\"_blank\" rel=\"noopener\">Reuters<\/a> wird die Europ\u00e4ische Kommission ab n\u00e4chsten Monat eine EU-weite Bewertung der Raffineriekapazit\u00e4ten einf\u00fchren und Ma\u00dfnahmen ergreifen, die sicherstellen sollen, dass die bestehenden Anlagen voll ausgelastet und gewartet werden.<\/p>\n\n\n\n<blockquote class=\"wp-block-quote is-layout-flow wp-block-quote-is-layout-flow\">\n<p>&#8220;Europa ist besonders gef\u00e4hrdet, da es mehr als jeder andere Treibstoff auf die Einfuhr von Kerosin angewiesen ist, das zu etwa 75 Prozent aus dem Nahen Osten stammt&#8221;, berichtet Reuters.<\/p>\n<\/blockquote>\n\n\n\n<p>Zu den Pl\u00e4nen geh\u00f6ren auch eine engere Koordinierung des Raffineriebetriebs und eine genauere \u00dcberwachung der Treibstoffreserven.<\/p>\n\n\n\n<p>Experten sagen, dass die kommenden Wochen entscheidend sein werden. Wenn die Versorgungswege nicht wiederhergestellt werden, k\u00f6nnte sich das, was derzeit ein Kostenproblem ist, schnell zu einer echten Treibstoffknappheit entwickeln, die den Flugverkehr in ganz Europa beeintr\u00e4chtigt.<\/p>\n\n\n\n<pre class=\"wp-block-verse has-morning-salad-gradient-background has-background\"><strong>Falls Sie es gestern verpasst haben: <\/strong><a href=\"https:\/\/dailynewshungary.com\/de\/ungarischer-internationaler-flughafen-setzt-betrieb-fur-mehrere-tage-aus\/\/\">Ungarischer internationaler Flughafen stellt Betrieb f\u00fcr mehrere Tage ein<\/a><\/pre>\n\n\n\n<h2 class=\"wp-block-heading\">Was k\u00f6nnte dies f\u00fcr Ungarn bedeuten?<\/h2>\n\n\n\n<p>Die steigenden Kerosinpreise und die zunehmende Versorgungsunsicherheit k\u00f6nnten sich direkt auf ungarische Flugg\u00e4ste auswirken, vor allem auf Fl\u00fcge, die vom internationalen Flughafen Budapest Ferenc Liszt abfliegen oder dort ankommen. Auch wenn die Fluggesellschaften argumentieren, dass die unmittelbare Herausforderung eher ein Kostenschock als ein echter Treibstoffmangel ist, zwingen anhaltend hohe Preise die Fluggesellschaften in der Regel dazu, ihre Kapazit\u00e4ten zu reduzieren, die Frequenzen auf weniger rentablen Strecken zu verringern und die Ausmusterung \u00e4lterer, weniger treibstoffeffizienter Flugzeuge zu beschleunigen. W\u00e4hrend der Hochsaison im Sommer kann sich dies f\u00fcr Reisende in Ungarn in h\u00f6heren Ticketpreisen, weniger verf\u00fcgbaren Sitzpl\u00e4tzen und Flugplan\u00e4nderungen auf bestimmten Strecken niederschlagen.<\/p>\n\n\n\n<p>Aus ungarischer Sicht ist Budapest besonders gef\u00e4hrdet, da ein gro\u00dfer Teil des Verkehrsaufkommens von Verbindungen \u00fcber gro\u00dfe europ\u00e4ische Drehkreuzflugh\u00e4fen und von stark ausgelasteten Low-Cost-Strecken abh\u00e4ngt. Wenn die gro\u00dfen westeurop\u00e4ischen Fluggesellschaften bereits ihre Verbindungen k\u00fcrzen, k\u00f6nnen die Auswirkungen auch Ungarn erreichen: weniger Anschlussfl\u00fcge, ein engerer Flugplan oder eine Verlagerung der Nachfrage auf andere Tage und Fl\u00fcge. F\u00fcr Passagiere kann es sich lohnen, mit flexiblen Reisedaten zu planen, die Benachrichtigungen der Fluggesellschaften genau zu verfolgen und sich darauf einzustellen, dass sich die Preise und Flugpl\u00e4ne f\u00fcr Sommerbuchungen schnell \u00e4ndern k\u00f6nnen.<\/p>\n\n\n\n<pre class=\"wp-block-verse has-morning-salad-gradient-background has-background\"><strong>Was kommt als N\u00e4chstes?<\/strong> <a href=\"https:\/\/dailynewshungary.com\/de\/dubai-budapest-fluge-unterbrochen-flydubai-streicht-fluge-emirates-reduziert-frequenz\/\/\">Dubai-Budapest Fl\u00fcge unterbrochen: Flydubai streicht Fl\u00fcge, Emirates reduziert Frequenz<\/a><\/pre>\n","protected":false},"excerpt":{"rendered":"<p>Der europ\u00e4ische Luftfahrtsektor ger\u00e4t zunehmend unter Druck. Die Fluggesellschaften haben bereits Fl\u00fcge gestrichen, da die Kerosinpreise in die H\u00f6he schie\u00dfen und sich die Sorgen um die Versorgung versch\u00e4rfen. Laut Fatih Birol, dem Leiter der Internationalen Energieagentur, k\u00f6nnte es bereits zu Beginn des Sommers zu Unterbrechungen kommen, wenn die Lieferungen aus dem Nahen Osten nicht wiederhergestellt [&hellip;]<\/p>\n","protected":false},"author":91,"featured_media":787089,"comment_status":"open","ping_status":"open","sticky":false,"template":"","format":"standard","meta":{"_acf_changed":false,"_display_image":"yes","footnotes":""},"categories":[4393],"tags":[1161,4467,4253,4273,1456,4321],"class_list":["post-787088","post","type-post","status-publish","format-standard","has-post-thumbnail","hentry","category-travel","tag-budapest-airport","tag-category-travel-budapest-airport-and-other-hungarian-airports","tag-category-world","tag-ce","tag-europe","tag-fuel-supply"],"blocksy_meta":[],"acf":[],"author_username":"api","telegram_post":"","public_post_metadata":{"breaking_news":"yes","important":"no","csempe":"yes","center_tile":"no","disable_thumbnail":"no","target_lang":"","_featured_image_style":"default","telegram_post":"","_xlat_group_id":"83b6ec0a-1c21-416c-bd75-167187b3849b"},"public_rank_math_data":{"title":"%title% %sep% %sitename%","description":"","focus_keyword":"jet fuel","canonical_url":"","robots":"","primary_category":"4393","breadcrumb_title":"","facebook_title":"","facebook_description":"","facebook_image":"","facebook_image_id":"","twitter_title":"","twitter_description":"","twitter_image":"","twitter_image_id":"","twitter_card_type":"","twitter_use_facebook":"","advanced_robots":"","pillar_content":"","seo_score":"19","contentai_score":"","rich_snippet":""},"_links":{"self":[{"href":"https:\/\/dailynewshungary.com\/de\/wp-json\/wp\/v2\/posts\/787088","targetHints":{"allow":["GET"]}}],"collection":[{"href":"https:\/\/dailynewshungary.com\/de\/wp-json\/wp\/v2\/posts"}],"about":[{"href":"https:\/\/dailynewshungary.com\/de\/wp-json\/wp\/v2\/types\/post"}],"author":[{"embeddable":true,"href":"https:\/\/dailynewshungary.com\/de\/wp-json\/wp\/v2\/users\/91"}],"replies":[{"embeddable":true,"href":"https:\/\/dailynewshungary.com\/de\/wp-json\/wp\/v2\/comments?post=787088"}],"version-history":[{"count":1,"href":"https:\/\/dailynewshungary.com\/de\/wp-json\/wp\/v2\/posts\/787088\/revisions"}],"predecessor-version":[{"id":787091,"href":"https:\/\/dailynewshungary.com\/de\/wp-json\/wp\/v2\/posts\/787088\/revisions\/787091"}],"wp:featuredmedia":[{"embeddable":true,"href":"https:\/\/dailynewshungary.com\/de\/wp-json\/wp\/v2\/media\/787089"}],"wp:attachment":[{"href":"https:\/\/dailynewshungary.com\/de\/wp-json\/wp\/v2\/media?parent=787088"}],"wp:term":[{"taxonomy":"category","embeddable":true,"href":"https:\/\/dailynewshungary.com\/de\/wp-json\/wp\/v2\/categories?post=787088"},{"taxonomy":"post_tag","embeddable":true,"href":"https:\/\/dailynewshungary.com\/de\/wp-json\/wp\/v2\/tags?post=787088"}],"curies":[{"name":"wp","href":"https:\/\/api.w.org\/{rel}","templated":true}]}}