{"id":787096,"date":"2026-04-30T10:28:21","date_gmt":"2026-04-30T08:28:21","guid":{"rendered":"https:\/\/dailynewshungary.com\/de\/hungarian-national-bank-head-appointed-under-orban-pledges-cooperation-with-tisza-cabinet-interview\/"},"modified":"2026-04-30T13:27:20","modified_gmt":"2026-04-30T11:27:20","slug":"hungarian-national-bank-head-appointed-under-orban-pledges-cooperation-with-tisza-cabinet-interview","status":"publish","type":"post","link":"https:\/\/dailynewshungary.com\/de\/hungarian-national-bank-head-appointed-under-orban-pledges-cooperation-with-tisza-cabinet-interview\/","title":{"rendered":"Orb\u00e1n-Vertrauter an Notenbankspitze signalisiert Kooperation mit Tisza-Regierung"},"content":{"rendered":"\n<p><strong>Mih\u00e1ly Varga, Pr\u00e4sident der Ungarischen Nationalbank (MNB) und eine hochrangige Pers\u00f6nlichkeit, die unter der Regierung von Viktor Orb\u00e1n ernannt wurde, sagt, er strebe &#8220;gute Arbeitsbeziehungen&#8221; mit Ungarns neuem, von der Tisza gef\u00fchrten Kabinett an, w\u00e4hrend er darauf besteht, dass die Priorit\u00e4t der Zentralbank die Preisstabilit\u00e4t bleibt. In einem Interview mit HVG erl\u00e4uterte er au\u00dferdem Pl\u00e4ne, die Transparenz bei privaten Beteiligungsfonds zu erh\u00f6hen, die MNB st\u00e4rker auf ihre Kernaufgaben zu konzentrieren und Verluste bei der Umschuldung von 4iG-Anleihen zu vermeiden.<\/strong><\/p>\n\n\n\n<p>Varga argumentierte, dass die Marktbewegungen im April &#8211; ein st\u00e4rkerer Forint, niedrigere Renditen von Staatsanleihen und ein steigender Aktienmarkt &#8211; zwar eine Chance darstellen, aber an sich keine Garantie f\u00fcr dauerhafte Stabilit\u00e4t sind. Das prim\u00e4re Mandat der MNB bleibe die <strong>Preisstabilit\u00e4t<\/strong>, und sie verfolge kein formelles Wechselkursziel, sagte er, w\u00e4hrend er einr\u00e4umte, dass ein st\u00e4rkerer Forint zur Eind\u00e4mmung der Inflation beitragen k\u00f6nne.<\/p>\n\n\n\n<h2 class=\"wp-block-heading\">Vom Orb\u00e1n-Minister zum Zentralbankchef in einer neuen politischen Realit\u00e4t<\/h2>\n\n\n\n<p>Mih\u00e1ly Varga diente als Minister in der ersten Regierung von Viktor Orb\u00e1n und kehrte sp\u00e4ter ins Kabinett zur\u00fcck, wo er mehr als 11 Jahre als Minister in von Orb\u00e1n gef\u00fchrten Regierungen verbrachte, bevor er zur Ungarischen Nationalbank wechselte. <\/p>\n\n\n\n<p>Seitdem hat sich die politische Landschaft Ungarns stark ver\u00e4ndert, und die Tisza-Partei verf\u00fcgt nun \u00fcber eine Zweidrittelmehrheit im Parlament. Vor diesem Hintergrund wirft Vargas Versprechen, &#8220;gute Arbeitsbeziehungen&#8221; mit dem neuen Kabinett anzustreben, eine wichtige Frage f\u00fcr die M\u00e4rkte auf: Wie eng werden die Priorit\u00e4ten der Zentralbank mit der Wirtschaftsagenda der Regierung \u00fcbereinstimmen und wo wird die MNB eine klare Grenze ziehen, um ihre Unabh\u00e4ngigkeit zu sch\u00fctzen.<\/p>\n\n\n\n<h2 class=\"wp-block-heading\">Ungarische Nationalbank: Die M\u00e4rkte wollen fiskalische Glaubw\u00fcrdigkeit, nicht nur Stimmungen<\/h2>\n\n\n\n<p>Varga sagte, der Schl\u00fcssel zu einer dauerhaften Verringerung der l\u00e4ngerfristigen Risikopr\u00e4mie Ungarns liege vor allem bei der Regierung: Die M\u00e4rkte werden auf einen <strong>glaubw\u00fcrdigen Haushaltspfad<\/strong>, ein <strong>geringeres Defizit<\/strong> und einen <strong>r\u00fcckl\u00e4ufigen Schuldenpfad<\/strong> achten. In Bemerkungen, die auch in der Wirtschaftsberichterstattung hervorgehoben wurden, die sich auf das <a href=\"https:\/\/hvg.hu\/360\/20260430_hvg-varga-mihaly-mnb-elnok-forint-alapkamat-inflacio-kozpenzek-matolcsy-gyorgy-magantokealapok\" target=\"_blank\" rel=\"noopener\">HVG-Interview<\/a> berief, deutete er an, dass die Investoren bis zum <strong>Herbst<\/strong> klarere mittelfristige Haushaltspl\u00e4ne erwarten, da die anf\u00e4ngliche &#8220;Schonfrist&#8221; f\u00fcr die Marktstimmung abklingen k\u00f6nnte.<\/p>\n\n\n\n<p>Er sprach auch die Inflationsrisiken an: W\u00e4hrend die Inflation in letzter Zeit zur\u00fcckgegangen ist, deutete er an, dass Zweitrundeneffekte durch h\u00f6here Energiekosten die Inflation sp\u00e4ter im Jahr 2026 <strong>wieder auf \u00fcber 5 %<\/strong> treiben k\u00f6nnten, was unterstreicht, warum die Zentralbank Glaubw\u00fcrdigkeit und strenge operative Disziplin in den Vordergrund stellt.<\/p>\n\n\n\n<h2 class=\"wp-block-heading\">Private-Equity-Fondsbesitz wird ab Juli 2026 sichtbarer<\/h2>\n\n\n\n<p>Eines der politisch heikelsten Themen in dem Interview war die Transparenz im ungarischen <strong>Private-Equity-Fonds-Sektor<\/strong>, der von Kritikern seit langem als Kanal f\u00fcr undurchsichtige Eigentumsverh\u00e4ltnisse bezeichnet wird.<\/p>\n\n\n\n<p>Varga best\u00e4tigte, dass nach den \u00c4nderungen des ungarischen Rahmens zur Bek\u00e4mpfung der Geldw\u00e4sche <strong>geschlossene Investmentfonds und ihre Fondsmanager<\/strong> ihre <strong>wirtschaftlichen Eigent\u00fcmer<\/strong> offenlegen m\u00fcssen. Es wird erwartet, dass diese Daten ab <strong>Juli 2026<\/strong> der \u00d6ffentlichkeit zug\u00e4nglich gemacht werden.<\/p>\n\n\n\n<p>Er warnte jedoch davor, dramatische Enth\u00fcllungen zu erwarten und argumentierte, dass die Beh\u00f6rden bereits Einblick in die wichtigsten Informationen h\u00e4tten. In einer spitzen Bemerkung f\u00fcgte er hinzu, dass die Medien die wahrscheinlichen wirtschaftlichen Eigent\u00fcmer oft schon mit angemessener Genauigkeit identifiziert h\u00e4tten. Er wies auch darauf hin, dass ab <strong>2027<\/strong> zus\u00e4tzliche \u00c4nderungen erforderlich sein k\u00f6nnten, um Ungarns System an die sich entwickelnden EU-Vorschriften zur Bek\u00e4mpfung der Geldw\u00e4sche anzupassen.<\/p>\n\n\n\n<h2 class=\"wp-block-heading\">Umschuldung der 4iG-Anleihe: MNB &#8220;wird keinen Verlust hinnehmen&#8221;<\/h2>\n\n\n\n<p>Varga sprach auch die Umschuldung der <strong>4iG-Anleihen<\/strong> an, die im Rahmen des Unternehmensanleihenprogramms der MNB ausgegeben wurden. Er sagte, 4iG habe sich regelkonform an dem Programm beteiligt und als das Unternehmen um ge\u00e4nderte Konditionen gebeten habe, habe die Zentralbank deutlich gemacht, dass sie <strong>keinen Verlust akzeptieren werde<\/strong>.<\/p>\n\n\n\n<p>Die Umschuldung wurde nur mit einer <strong>h\u00f6heren Zinslast<\/strong> f\u00fcr den Emittenten genehmigt, sagte er. Varga f\u00fcgte hinzu, dass die meisten teilnehmenden Unternehmen ihre Verpflichtungen ordnungsgem\u00e4\u00df erf\u00fcllen. Wenn Rating-Agenturen Probleme aufzeigen, haben die Emittenten eine begrenzte Frist, um diese zu l\u00f6sen &#8211; andernfalls kann gem\u00e4\u00df den Regeln des Programms eine R\u00fcckkaufverpflichtung ausgel\u00f6st werden.<\/p>\n\n\n\n<h2 class=\"wp-block-heading\">Ausgaben der Matolcsy-\u00c4ra auf dem Pr\u00fcfstand &#8211; MNB zieht sich auf Kernaufgaben zur\u00fcck<\/h2>\n\n\n\n<p>Zu den laufenden Untersuchungen der vergangenen Aktivit\u00e4ten der Zentralbank sagte Varga, dass die MNB dem ungarischen <strong>National Bureau of Investigation<\/strong> nach Berichten des Staatlichen Rechnungshofs Dokumente zur Verf\u00fcgung gestellt hat und dass die F\u00fchrung der Zentralbank zuvor eine Strafanzeige wegen des Verdachts auf Straftaten einschlie\u00dflich der Verletzung von Treuepflichten und Betrugsvorw\u00fcrfen eingereicht hat. Im Mittelpunkt stehen dabei <strong>Immobilienentwicklungen<\/strong> und <strong>Stiftungsausgaben<\/strong>, die w\u00e4hrend der \u00c4ra Matolcsy eingeleitet wurden, sagte er, und die Angelegenheit liegt nun in den H\u00e4nden der Justiz.<\/p>\n\n\n\n<figure class=\"wp-block-image size-large\"><img decoding=\"async\" src=\"https:\/\/dailynewshungary.b-cdn.net\/wp-content\/uploads\/2026\/04\/hungarian-national-bank-mihaly-varga-1280x854.webp\" alt=\"Hungarian National Bank Mihaly Varga X\" class=\"wp-image-695746\"\/><figcaption class=\"wp-element-caption\">Quelle: FB\/Mih\u00e1ly Varga<\/figcaption><\/figure>\n\n\n\n<p>Varga betonte, dass es das Ziel der neuen F\u00fchrung sei, das Stiftungsverm\u00f6gen nicht zu &#8220;vernichten&#8221;, sondern <strong>die Verluste zu minimieren<\/strong> und zu erhalten, was zu retten ist. Er sagte, dass die Ma\u00dfnahmen im vergangenen Jahr den Fehlbetrag um <strong>mehr als 100 Milliarden HUF<\/strong> (ca. <strong>274 Millionen EUR<\/strong>, bei ~365 HUF\/EUR) reduziert haben.<\/p>\n\n\n\n<h2 class=\"wp-block-heading\">Schlankere Bilanz, keine neuen Wachstumsprogramme, Verk\u00e4ufe von Verm\u00f6genswerten und Personalabbau<\/h2>\n\n\n\n<p>Varga sagte, die <strong>Ungarische Nationalbank<\/strong> kehre zu ihrem Kernmandat zur\u00fcck und reduziere nicht lebensnotwendige Aktivit\u00e4ten. Er nannte mehrere konkrete Schritte:<\/p>\n\n\n\n<ul class=\"wp-block-list\">\n<li>Reduzierung der Bilanz der Zentralbank<\/li>\n\n\n\n<li><strong>keine neuen<\/strong> subventionierten Wachstumskredite oder Anleiheprogramme auflegen<\/li>\n\n\n\n<li>Verkauf von \u00fcbersch\u00fcssigen Immobilien, die nicht f\u00fcr das Kerngesch\u00e4ft ben\u00f6tigt werden<\/li>\n\n\n\n<li>\u00dcbertragung von Kunstwerken an Museen<\/li>\n\n\n\n<li>einen erheblichen Personalabbau &#8211; in der Berichterstattung wird von einer <strong>Reduzierung um 15%<\/strong> gesprochen, so dass die Zahl der Mitarbeiter bei etwa <strong>1.500<\/strong> liegt<\/li>\n<\/ul>\n\n\n\n<p>Varga erkl\u00e4rte, diese Ma\u00dfnahmen seien unerl\u00e4sslich, um die Glaubw\u00fcrdigkeit der MNB wiederherzustellen und sicherzustellen, dass die Geldpolitik wieder strikt auf <strong>Preisstabilit\u00e4t<\/strong> ausgerichtet ist.<\/p>\n\n\n\n<h2 class=\"wp-block-heading\">Warum das wichtig ist<\/h2>\n\n\n\n<p>F\u00fcr Anleger und Haushalte gleicherma\u00dfen ist die Botschaft, dass die verbesserte Stimmung im April nur ein Ausgangspunkt ist. Die MNB signalisiert einen strengeren, auf Glaubw\u00fcrdigkeit ausgerichteten Ansatz, w\u00e4hrend die weiteren finanziellen Aussichten Ungarns davon abh\u00e4ngen, ob die politischen Schritte &#8211; insbesondere die fiskalischen Pl\u00e4ne und Transparenzreformen &#8211; dem anf\u00e4nglichen Optimismus des Marktes entsprechen.<\/p>\n","protected":false},"excerpt":{"rendered":"<p>Mih\u00e1ly Varga, Pr\u00e4sident der Ungarischen Nationalbank (MNB) und eine hochrangige Pers\u00f6nlichkeit, die unter der Regierung von Viktor Orb\u00e1n ernannt wurde, sagt, er strebe &#8220;gute Arbeitsbeziehungen&#8221; mit Ungarns neuem, von der Tisza gef\u00fchrten Kabinett an, w\u00e4hrend er darauf besteht, dass die Priorit\u00e4t der Zentralbank die Preisstabilit\u00e4t bleibt. In einem Interview mit HVG erl\u00e4uterte er au\u00dferdem Pl\u00e4ne, [&hellip;]<\/p>\n","protected":false},"author":91,"featured_media":787097,"comment_status":"open","ping_status":"open","sticky":false,"template":"","format":"standard","meta":{"_acf_changed":false,"_display_image":"yes","footnotes":""},"categories":[4401],"tags":[4523,4530,4500,4372,4273,1117,1066,1106,1769,4686,2408],"class_list":["post-787096","post","type-post","status-publish","format-standard","has-post-thumbnail","hentry","category-business","tag-category-economy-in-hungary","tag-category-finance-hungary","tag-category-hungarian-politics","tag-category-politics","tag-ce","tag-forint","tag-hungary","tag-inflation","tag-investment","tag-magyar-government","tag-national-bank-of-hungary"],"blocksy_meta":[],"acf":[],"author_username":"api","telegram_post":"","public_post_metadata":{"breaking_news":"yes","important":"no","csempe":"yes","center_tile":"no","disable_thumbnail":"no","target_lang":"","_featured_image_style":"default","telegram_post":"","_xlat_group_id":"12d08a11-6499-45a0-9a78-1c62fe2e2eb7"},"public_rank_math_data":{"title":"Chef der Ungarischen Nationalbank verspricht Zusammenarbeit mit der Thei\u00df","description":"Mih\u00e1ly Varga sagt, dass die Ungarische Nationalbank mit dem Thei\u00df-Kabinett zusammenarbeiten und sich dabei auf Preisstabilit\u00e4t, Transparenz und Kostensenkungen konzentrieren wird.","focus_keyword":"Die Ungarische Nationalbank","canonical_url":"","robots":"","primary_category":"4401","breadcrumb_title":"","facebook_title":"","facebook_description":"","facebook_image":"","facebook_image_id":"","twitter_title":"","twitter_description":"","twitter_image":"","twitter_image_id":"","twitter_card_type":"","twitter_use_facebook":"","advanced_robots":"","pillar_content":"","seo_score":"17","contentai_score":"","rich_snippet":""},"_links":{"self":[{"href":"https:\/\/dailynewshungary.com\/de\/wp-json\/wp\/v2\/posts\/787096","targetHints":{"allow":["GET"]}}],"collection":[{"href":"https:\/\/dailynewshungary.com\/de\/wp-json\/wp\/v2\/posts"}],"about":[{"href":"https:\/\/dailynewshungary.com\/de\/wp-json\/wp\/v2\/types\/post"}],"author":[{"embeddable":true,"href":"https:\/\/dailynewshungary.com\/de\/wp-json\/wp\/v2\/users\/91"}],"replies":[{"embeddable":true,"href":"https:\/\/dailynewshungary.com\/de\/wp-json\/wp\/v2\/comments?post=787096"}],"version-history":[{"count":2,"href":"https:\/\/dailynewshungary.com\/de\/wp-json\/wp\/v2\/posts\/787096\/revisions"}],"predecessor-version":[{"id":787101,"href":"https:\/\/dailynewshungary.com\/de\/wp-json\/wp\/v2\/posts\/787096\/revisions\/787101"}],"wp:featuredmedia":[{"embeddable":true,"href":"https:\/\/dailynewshungary.com\/de\/wp-json\/wp\/v2\/media\/787097"}],"wp:attachment":[{"href":"https:\/\/dailynewshungary.com\/de\/wp-json\/wp\/v2\/media?parent=787096"}],"wp:term":[{"taxonomy":"category","embeddable":true,"href":"https:\/\/dailynewshungary.com\/de\/wp-json\/wp\/v2\/categories?post=787096"},{"taxonomy":"post_tag","embeddable":true,"href":"https:\/\/dailynewshungary.com\/de\/wp-json\/wp\/v2\/tags?post=787096"}],"curies":[{"name":"wp","href":"https:\/\/api.w.org\/{rel}","templated":true}]}}