{"id":787116,"date":"2026-04-30T16:04:00","date_gmt":"2026-04-30T14:04:00","guid":{"rendered":"https:\/\/dailynewshungary.com\/de\/warum-orban-verloren-hat-eine-umfrage-enthullt-die-hauptgrunde-fur-die-niederlage-des-fidesz\/"},"modified":"2026-04-30T16:04:00","modified_gmt":"2026-04-30T14:04:00","slug":"warum-orban-verloren-hat-eine-umfrage-enthullt-die-hauptgrunde-fur-die-niederlage-des-fidesz","status":"publish","type":"post","link":"https:\/\/dailynewshungary.com\/de\/warum-orban-verloren-hat-eine-umfrage-enthullt-die-hauptgrunde-fur-die-niederlage-des-fidesz\/","title":{"rendered":"Warum Orb\u00e1n verloren hat: Eine Umfrage enth\u00fcllt die Hauptgr\u00fcnde f\u00fcr die Niederlage des Fidesz"},"content":{"rendered":"<p><strong>Die politische Atmosph\u00e4re in Ungarn hat sich nach den Wahlen schnell ver\u00e4ndert, und zwar nicht nur auf der Ebene der Parteipolitik. Eine von HVG und RTL in Auftrag gegebene Medi\u00e1n-Meinungsumfrage bietet eine der bisher klarsten Momentaufnahmen dar\u00fcber, warum Orb\u00e1n verloren hat und was die W\u00e4hler als n\u00e4chstes von der neuen Thei\u00df-Regierung unter P\u00e9ter Magyar erwarten.<\/strong><\/p>\n\n\n\n<p>Das wichtigste Ergebnis ist auff\u00e4llig: Die Befragten machten am h\u00e4ufigsten die Korruption f\u00fcr die Wahlniederlage der Regierungspartei verantwortlich. Auch wenn der wirtschaftliche Druck und die Lebenshaltungskosten nach wie vor eine Rolle spielen, deuten <a href=\"https:\/\/www.klubradio.hu\/hirek\/median-az-emberek-kozel-fele-szerint-a-korrupcio-volt-az-oka-a-fidesz-bukasanak-160384\" target=\"_blank\" rel=\"noopener\">die Zahlen von Medi\u00e1n<\/a> darauf hin, dass Integrit\u00e4t und Rechenschaftspflicht in einer Weise in den Mittelpunkt des Denkens der W\u00e4hler ger\u00fcckt sind, die nach Ansicht vieler Beobachter in fr\u00fcheren Wahlzyklen nicht so dominant war.<\/p>\n\n\n\n<h2 class=\"wp-block-heading\">Korruption wird zur wichtigsten Erkl\u00e4rung<\/h2>\n\n\n\n<p>In Medi\u00e1ns offener Frage nach den Gr\u00fcnden f\u00fcr den Wahlausgang nannten 49% der Befragten die Korruption als Hauptgrund f\u00fcr die Niederlage des Fidesz. Andere Gr\u00fcnde folgten weit dahinter: 19% nannten den sich verschlechternden Lebensstandard und 15% &#8220;L\u00fcgen&#8221;, so die Zusammenfassung der Umfrage. Weitere Erkl\u00e4rungen, die in den Antworten auftauchten, waren angstbasierte Botschaften und kriegsbezogene Rhetorik.<\/p>\n\n\n\n<p>F\u00fcr die internationalen Leser sei darauf hingewiesen, was eine &#8220;offene&#8221; Umfrage bedeutet: Die Befragten w\u00e4hlen nicht aus einer vorgefertigten Liste aus. Stattdessen nennen sie ihre eigenen Gr\u00fcnde, was die Rangliste besonders aufschlussreich dar\u00fcber machen kann, was in der \u00f6ffentlichen Debatte am wichtigsten ist.<\/p>\n\n\n\n<h2 class=\"wp-block-heading\">Eine Verschiebung in der Kompetenzwahrnehmung: Magyar gewinnt sogar unter Fidesz-W\u00e4hlern an Boden<\/h2>\n\n\n\n<p>Die Ergebnisse der Medi\u00e1n-Umfrage deuten auch auf eine Ver\u00e4nderung in der Einsch\u00e4tzung der W\u00e4hler hinsichtlich der Eignung als F\u00fchrungspers\u00f6nlichkeit hin. Laut der <a href=\"https:\/\/hvg.hu\/360\/20260429_median-tisza-kormany-magyar-peter-varakozasok-elvarasok-kozvelemeny-kutatas\" target=\"_blank\" rel=\"noopener\">Zusammenfassung der Umfrage<\/a> h\u00e4lt jeder f\u00fcnfte Fidesz-W\u00e4hler P\u00e9ter Magyar nun f\u00fcr &#8220;v\u00f6llig&#8221; oder &#8220;eher&#8221; geeignet, das Amt des Ministerpr\u00e4sidenten zu \u00fcbernehmen. Gleichzeitig hat sich die Einsch\u00e4tzung der Eignung von Viktor Orb\u00e1n im Vergleich zum M\u00e4rz verschlechtert.<\/p>\n\n\n\n<p>Dies bedeutet nicht unbedingt, dass ehemalige Fidesz-W\u00e4hler massenhaft zur neuen Regierungspartei gewechselt haben. Aber es deutet darauf hin, dass die Wahl einen Raum er\u00f6ffnet hat, in dem einige zuvor loyale W\u00e4hler zumindest bereit sind, eine alternative F\u00fchrungspers\u00f6nlichkeit in Betracht zu ziehen &#8211; ein aussagekr\u00e4ftiger Indikator in einem politischen System, das von der langen Dominanz Orb\u00e1ns gepr\u00e4gt ist.<\/p>\n\n\n\n<h2 class=\"wp-block-heading\">Die Hoffnung steigt, aber die Geduld bleibt: Ergebnisse werden in 2-3 Jahren erwartet<\/h2>\n\n\n\n<p>Die Umfrage von Medi\u00e1n beschreibt auch eine insgesamt optimistischere \u00f6ffentliche Stimmung. Etwa drei Viertel der Befragten sehen die kommende Zeit als &#8220;hoffnungsvoll&#8221; an, darunter etwa ein Viertel der Fidesz-W\u00e4hler.<\/p>\n\n\n\n<p>Gleichzeitig sind die Erwartungen zwar ehrgeizig, aber nicht einheitlich unmittelbar. In der Zusammenfassung der Umfrage erwarten nur 25% sichtbare Ergebnisse innerhalb eines Jahres, w\u00e4hrend fast die H\u00e4lfte der Befragten mit Verbesserungen innerhalb von zwei bis drei Jahren rechnet. Dieser Zeitrahmen ist wichtig f\u00fcr die Beurteilung der politischen Stabilit\u00e4t: Die W\u00e4hler scheinen bereit zu sein, der neuen Regierung etwas Zeit zu geben, aber keinen unbefristeten Blankoscheck.<\/p>\n\n\n\n<h2 class=\"wp-block-heading\">Was die W\u00e4hler zuerst in Angriff nehmen wollen: Gesundheitswesen und Wirtschaft<\/h2>\n\n\n\n<p>Auf die spontane Frage nach den beiden wichtigsten Themen, die die neue Regierung angehen sollte, nannten die Befragten die <strong>Reform des Gesundheitswesens<\/strong> an erster Stelle, gefolgt von der <strong>wirtschaftlichen Erholung<\/strong>. Korruptionsbek\u00e4mpfung und Rechenschaftspflicht standen ebenfalls ganz oben auf der Liste, ebenso wie die Bildungsreform.<\/p>\n\n\n\n<p>Diese Reihenfolge ist wichtig, um die n\u00e4chste Phase zu verstehen. Selbst wenn die Korruption als Hauptgrund f\u00fcr die Niederlage der vorherigen Regierung angesehen wird, haben f\u00fcr die W\u00e4hler allt\u00e4gliche \u00f6ffentliche Dienstleistungen und finanzielle Sicherheit immer noch Priorit\u00e4t &#8211; und sie werden die neue Regierung m\u00f6glicherweise danach beurteilen, ob sie in diesen Bereichen praktische Verbesserungen erzielen kann.<\/p>\n\n\n\n<pre class=\"wp-block-verse has-morning-salad-gradient-background has-background\">Falls Sie es verpasst haben - <a href=\"https:\/\/dailynewshungary.com\/de\/atemberaubende-neue-umfrage-wird-orbans-fidesz-vor-unseren-augen-zu-einer-kleinen-partei\/\/\">Ersch\u00fctternde neue Umfrage: Wird Orb\u00e1ns Fidesz schnell zu einer kleinen Partei?<\/a><\/pre>\n\n<h2 class=\"wp-block-heading\">Signale nach der Wahl: Institutionen passen sich an, Ermittlungen beschleunigen sich<\/h2>\n\n\n\n<p>Die Berichte, die Sie uns zur Verf\u00fcgung gestellt haben, deuten auch auf einen breiteren &#8220;Klimawandel&#8221; nach der Wahl hin, bei dem sich Institutionen und Medienorganisationen schnell an die neue politische Realit\u00e4t anzupassen scheinen. Sie beschreiben eine verst\u00e4rkte Aktivit\u00e4t der Strafverfolgungsbeh\u00f6rden in F\u00e4llen, die zuvor als festgefahren galten, sowie hochkar\u00e4tige Verhaftungen und Festnahmen im Rahmen von Korruptionsermittlungen.<\/p>\n\n\n\n<p>Einige Behauptungen bleiben unbest\u00e4tigt: So wird beispielsweise darauf hingewiesen, dass angebliche Vorg\u00e4nge bei der Steuerbeh\u00f6rde (NAV) nicht \u00f6ffentlich \u00fcberpr\u00fcft wurden. Das Wichtigste f\u00fcr den Leser ist nicht ein einzelner Fall, sondern der Eindruck &#8211; der durch mehrere Entwicklungen verst\u00e4rkt wird &#8211; dass das System in eine konfrontativere, auf Rechenschaftspflicht ausgerichtete Phase \u00fcbergeht.<\/p>\n\n\n\n<h2 class=\"wp-block-heading\">Warum Orb\u00e1n verloren hat &#8211; und warum das n\u00e4chste Kapitel riskant ist<\/h2>\n\n\n\n<p>Zusammengenommen skizzieren die Medi\u00e1n-Ergebnisse eine einfache, aber anspruchsvolle politische Gleichung: Die W\u00e4hler scheinen die fr\u00fchere Regierung in erster Linie f\u00fcr Korruption und wahrgenommene Arroganz bestraft zu haben, w\u00e4hrend sie von der neuen F\u00fchrung erwarten, dass sie die wichtigsten \u00f6ffentlichen Dienstleistungen und die Wirtschaftsleistung innerhalb weniger Jahre verbessert.<\/p>\n\n\n\n<p>Das ist eine hohe Messlatte. Die neue Regierung mag von der Dynamik und dem guten Willen profitieren, aber die Erwartungen k\u00f6nnen in Entt\u00e4uschung umschlagen, wenn die Reformen ins Stocken geraten, interne Konflikte entstehen oder die versprochene Rechenschaftspflicht ausbleibt. Kurz gesagt: Warum Orb\u00e1n verloren hat, mag klarer denn je sein &#8211; aber ob die neue \u00c4ra das liefert, was die W\u00e4hler jetzt fordern, ist der n\u00e4chste Test.<\/p>\n\n\n\n<p>\ud83d\udc49\ud83d\udce7Genie\u00dfen Sie unsere Artikel und Erkl\u00e4rungen zu Ungarns schnelllebigen politischen Ver\u00e4nderungen? Abonnieren Sie Daily News Hungary auf Substack, um w\u00f6chentliche Analysen, wichtige Daten und die wichtigsten Nachrichten zu erhalten &#8211; direkt in Ihrem Posteingang. Abonnieren Sie <a href=\"https:\/\/substack.com\/@thehungaryinsider\" target=\"_blank\" rel=\"noopener\">The Hungary Insider<\/a>.<\/p>\n\n\n\n<pre class=\"wp-block-verse has-morning-salad-gradient-background has-background\"><strong>Was kommt als N\u00e4chstes?<\/strong> <a href=\"https:\/\/dailynewshungary.com\/de\/vermogen-der-ungarischen-elite-unter-orban-wird-nach-der-wahlniederlage-aus-wien-ausgeflogen-bericht\/\/\">Bericht: Reichtum der ungarischen Elite unter Orb\u00e1n wird nach Wahlniederlage aus Wien ausgeflogen<\/a><\/pre>","protected":false},"excerpt":{"rendered":"<p>Die politische Atmosph\u00e4re in Ungarn hat sich nach den Wahlen schnell ver\u00e4ndert, und zwar nicht nur auf der Ebene der Parteipolitik. Eine von HVG und RTL in Auftrag gegebene Medi\u00e1n-Meinungsumfrage bietet eine der bisher klarsten Momentaufnahmen dar\u00fcber, warum Orb\u00e1n verloren hat und was die W\u00e4hler als n\u00e4chstes von der neuen Thei\u00df-Regierung unter P\u00e9ter Magyar erwarten. [&hellip;]<\/p>\n","protected":false},"author":91,"featured_media":787117,"comment_status":"open","ping_status":"open","sticky":false,"template":"","format":"standard","meta":{"_acf_changed":false,"_display_image":"yes","footnotes":""},"categories":[1081],"tags":[4483,4482,1279,4691,1139,1102,1076,1128],"class_list":["post-787116","post","type-post","status-publish","format-standard","has-post-thumbnail","hentry","category-politik","tag-kategorie-ungarische-parlamentswahlen-2026","tag-kategorie-ungarische-politik","tag-korruption","tag-orban-regierung-2","tag-umfrage","tag-ungarische-regierung","tag-ungarn","tag-viktor-orban"],"blocksy_meta":[],"acf":[],"author_username":"api","telegram_post":"","public_post_metadata":{"breaking_news":"yes","important":"yes","csempe":"yes","center_tile":"no","disable_thumbnail":"no","target_lang":"","_featured_image_style":"default","telegram_post":"","_xlat_group_id":"9c7142fb-cda0-417e-8e10-35646875a5f0"},"public_rank_math_data":{"title":"Warum Orb\u00e1n verloren hat: Neue Umfrage zeigt, was die W\u00e4hler am meisten bem\u00e4ngelten","description":"Eine neue Medi\u00e1n-Umfrage gibt Aufschluss dar\u00fcber, warum Orb\u00e1ns Fidesz verloren hat - und was die Ungarn von der Regierung Thei\u00df erwarten.","focus_keyword":"Orb\u00e1n hat verloren","canonical_url":"","robots":"","primary_category":"1081","breadcrumb_title":"","facebook_title":"","facebook_description":"","facebook_image":"","facebook_image_id":"","twitter_title":"","twitter_description":"","twitter_image":"","twitter_image_id":"","twitter_card_type":"","twitter_use_facebook":"","advanced_robots":"","pillar_content":"","seo_score":"72","contentai_score":"","rich_snippet":""},"_links":{"self":[{"href":"https:\/\/dailynewshungary.com\/de\/wp-json\/wp\/v2\/posts\/787116","targetHints":{"allow":["GET"]}}],"collection":[{"href":"https:\/\/dailynewshungary.com\/de\/wp-json\/wp\/v2\/posts"}],"about":[{"href":"https:\/\/dailynewshungary.com\/de\/wp-json\/wp\/v2\/types\/post"}],"author":[{"embeddable":true,"href":"https:\/\/dailynewshungary.com\/de\/wp-json\/wp\/v2\/users\/91"}],"replies":[{"embeddable":true,"href":"https:\/\/dailynewshungary.com\/de\/wp-json\/wp\/v2\/comments?post=787116"}],"version-history":[{"count":0,"href":"https:\/\/dailynewshungary.com\/de\/wp-json\/wp\/v2\/posts\/787116\/revisions"}],"wp:featuredmedia":[{"embeddable":true,"href":"https:\/\/dailynewshungary.com\/de\/wp-json\/wp\/v2\/media\/787117"}],"wp:attachment":[{"href":"https:\/\/dailynewshungary.com\/de\/wp-json\/wp\/v2\/media?parent=787116"}],"wp:term":[{"taxonomy":"category","embeddable":true,"href":"https:\/\/dailynewshungary.com\/de\/wp-json\/wp\/v2\/categories?post=787116"},{"taxonomy":"post_tag","embeddable":true,"href":"https:\/\/dailynewshungary.com\/de\/wp-json\/wp\/v2\/tags?post=787116"}],"curies":[{"name":"wp","href":"https:\/\/api.w.org\/{rel}","templated":true}]}}