{"id":787122,"date":"2026-04-30T19:14:57","date_gmt":"2026-04-30T17:14:57","guid":{"rendered":"https:\/\/dailynewshungary.com\/de\/hungarian-activist-richard-among-detainees-after-israel-intercepts-global-sumud-flotilla-near-crete-video\/"},"modified":"2026-04-30T19:14:57","modified_gmt":"2026-04-30T17:14:57","slug":"hungarian-activist-richard-among-detainees-after-israel-intercepts-global-sumud-flotilla-near-crete-video","status":"publish","type":"post","link":"https:\/\/dailynewshungary.com\/de\/hungarian-activist-richard-among-detainees-after-israel-intercepts-global-sumud-flotilla-near-crete-video\/","title":{"rendered":"Hungarian activist Rich\u00e1rd among detainees after Israel intercepts Global Sumud flotilla near Crete \u2013 VIDEO"},"content":{"rendered":"<p><strong>Ein ungarischer Staatsb\u00fcrger, Walter Richard, geh\u00f6rte zu den Aktivisten, die festgenommen wurden, nachdem israelische Seestreitkr\u00e4fte die humanit\u00e4re Flottille Global Sumud (Szumud) im Mittelmeer abgefangen hatten, so die Organisatoren und mehrere internationale Berichte. Die Schiffe wurden in internationalen Gew\u00e4ssern in der N\u00e4he der griechischen Insel Kreta, weit weg von Gaza, w\u00e4hrend einer n\u00e4chtlichen Operation gestoppt, die scharfe Kritik von den Organisatoren der Flottille und Besorgnis bei den Vereinten Nationen hervorgerufen hat.<\/strong><\/p>\n\n\n\n<p>Richard war im Rahmen einer Kampagne unterwegs, die von den Organisatoren als humanit\u00e4re Mission bezeichnet wird, die darauf abzielt, den Gazastreifen mit Hilfsg\u00fctern zu versorgen und Israels lang andauernde Seeblockade zu durchbrechen. Aktivisten sagten, die Kommunikation sei gest\u00f6rt und der Kontakt zu mindestens einigen Booten sei nach dem Abfangen verloren gegangen.<\/p>\n\n\n\n<h2 class=\"wp-block-heading\">Was auf See geschah<\/h2>\n\n\n\n<p>Nach Angaben von Reuters war die Flottille am 12. April von Barcelona aus gestartet und wurde in internationalen Gew\u00e4ssern vor Griechenland abgefangen. Von den Organisatoren ver\u00f6ffentlichte Aufnahmen zeigten, wie israelische Soldaten die Schiffe enterten und die Menschen an Bord festhielten.<\/p>\n\n\n\n<p>Das israelische Au\u00dfenministerium erkl\u00e4rte, die Seestreitkr\u00e4fte h\u00e4tten mehr als 20 Boote abgefangen und beschlagnahmt und etwa 175 Aktivisten festgenommen, w\u00e4hrend die Organisatoren der Flottille die Aktion als &#8220;Piraterie&#8221; und Verletzung des V\u00f6lkerrechts bezeichneten.<\/p>\n\n\n\n<p>Unabh\u00e4ngig davon <a href=\"https:\/\/www.aa.com.tr\/en\/middle-east\/over-180-activists-detained-in-israeli-attack-on-gaza-aid-flotilla-in-international-waters-organizer-says\/3923222\" target=\"_blank\" rel=\"noopener\">zitierte Anadolu<\/a> einen Vertreter des Organisationskomitees, der behauptete, mehr als 180 Aktivisten seien festgenommen und in den Hafen von Aschdod in Israel gebracht worden, und beschuldigte die israelischen Streitkr\u00e4fte, die Kommunikation zu st\u00f6ren und die Schiffe lahmzulegen.<\/p>\n\n\n\n<p>Da es unterschiedliche Angaben \u00fcber die genaue Anzahl der Schiffe und der Festgenommenen gibt und die Behauptungen \u00fcber die Anwendung von Gewalt und die Besch\u00e4digung von Schiffen umstritten sind, bleibt der genaue Ablauf der Ereignisse nach den \u00f6ffentlich verf\u00fcgbaren Informationen unklar.<\/p>\n\n\n\n<h2 class=\"wp-block-heading\">Besorgnis der UN und konkurrierende Rechtsanspr\u00fcche<\/h2>\n\n\n\n<p>Laut Anadolu bezeichneten die Vereinten Nationen (UN) das Abfangen der Flottille durch Israel als &#8220;\u00e4u\u00dferst besorgniserregend&#8221; und forderten alle Parteien auf, sich an das V\u00f6lkerrecht zu halten und mehr humanit\u00e4re Hilfe zuzulassen.<\/p>\n\n\n\n<p>Israel hat das Abfangen als rechtm\u00e4\u00dfige Durchsetzung einer Seeblockade verteidigt, w\u00e4hrend die Organisatoren der Flottille argumentieren, der Stopp habe in internationalen Gew\u00e4ssern stattgefunden und verletze die Freiheit der Schifffahrt.<\/p>\n\n\n\n<figure class=\"wp-block-video\"><video height=\"800\" style=\"aspect-ratio: 1200 \/ 800;\" width=\"1200\" controls src=\"https:\/\/dailynewshungary.b-cdn.net\/wp-content\/uploads\/2026\/04\/ISRAELI_NAVY_INTERCEPTS_GAZABOUND_SUMUD_FLOTILLA_IN_INTERNATIONAL_WATERS.mp4\"><\/video><figcaption class=\"wp-element-caption\">Anadolu<\/figcaption><\/figure>\n\n\n\n<h2 class=\"wp-block-heading\">Wer ist Rich\u00e1rd Walter?<\/h2>\n\n\n\n<p>Nach Angaben von Blikk ist Rich\u00e1rd Walter ein ungarischer Aktivist, der an der Global Sumud Initiative teilnimmt. Nach Angaben der Organisatoren wollte er mit seiner Teilnahme die Lieferung von humanit\u00e4rer Hilfe nach Gaza unterst\u00fctzen und auf die humanit\u00e4re Lage dort aufmerksam machen.<\/p>\n\n\n\n<pre class=\"wp-block-verse has-morning-salad-gradient-background has-background\">Falls Sie es verpasst haben: <a href=\"https:\/\/dailynewshungary.com\/de\/eu-sanktionen-gegen-israel-konnen-nach-ungarns-regierungswechsel-beschlossen-werden\/\/\">EU-Sanktionen gegen Israel k\u00f6nnen nach Ungarns Wechsel beschlossen werden<\/a><\/pre>\n\n<h2 class=\"wp-block-heading\">Reaktion aus Budapest<\/h2>\n\n\n\n<p>Organisatoren in Ungarn teilten mit, dass in Budapest vor dem Au\u00dfen- und Handelsministerium ein Protest stattfand, bei dem die ungarische Regierung aufgefordert wurde, mit den israelischen Beh\u00f6rden Kontakt aufzunehmen und sich um Richards Freilassung zu bem\u00fchen. Sie sagten, dass weitere Aktionen folgen k\u00f6nnten, wenn er nicht freigelassen wird. <\/p>\n\n\n\n<p>Nach Angaben seiner Familie und seiner Unterst\u00fctzer organisieren sie heute Abend einen weiteren Protest f\u00fcr Rich\u00e1rd.<\/p>\n\n\n\n<h2 class=\"wp-block-heading\">Hintergrund: Warum Flottillen politisch heikel sind<\/h2>\n\n\n\n<p>Israel h\u00e4lt seit 2007 eine Blockade des Gazastreifens aufrecht, die angeblich verhindern soll, dass Waffen zur Hamas gelangen. Hilfsorganisationen und Kritiker argumentieren jedoch, dass die Blockade zu schwerem humanit\u00e4ren Leid in der Enklave beigetragen hat.<\/p>\n\n\n\n<p>Versuche von Aktivistengruppen, den Gazastreifen auf dem Seeweg zu erreichen, haben wiederholt Konfrontationen mit den israelischen Streitkr\u00e4ften ausgel\u00f6st. Die Global Sumud Mission wird von den Organisatoren als eine der gr\u00f6\u00dften Bem\u00fchungen dieser Art bezeichnet, was die Anzahl der teilnehmenden Schiffe und der vertretenen L\u00e4nder angeht.<\/p>\n\n\n\n<h2 class=\"wp-block-heading\">Was Sie als n\u00e4chstes sehen sollten<\/h2>\n\n\n\n<p>Zu den wichtigsten unmittelbaren Fragen geh\u00f6ren:<\/p>\n\n\n\n<ul class=\"wp-block-list\">\n<li>ob den Inhaftierten (einschlie\u00dflich Walter Richard) sofortiger konsularischer Zugang und Rechtsbeistand gew\u00e4hrt wird<\/li>\n\n\n\n<li>ob Israel mit der Abschiebung oder Strafverfolgung fortf\u00e4hrt<\/li>\n\n\n\n<li>ob das ungarische Au\u00dfenministerium eine offizielle Erkl\u00e4rung abgibt oder diplomatische Schritte best\u00e4tigt<\/li>\n\n\n\n<li>ob die UN und die europ\u00e4ischen Regierungen nach dem Abfangen weitere Ma\u00dfnahmen ergreifen<\/li>\n<\/ul>\n\n\n\n<pre class=\"wp-block-verse has-morning-salad-gradient-background has-background\">Wie geht es jetzt weiter? <a href=\"https:\/\/dailynewshungary.com\/de\/peter-magyar-telefoniert-mit-benjamin-netanjahu-sie-haben-sich-in-zwei-fragen-geeinigt\/\/\">P\u00e9ter Magyar telefoniert mit Benjamin Netanjahu: Sie haben sich auf zwei Punkte geeinigt<\/a><\/pre>","protected":false},"excerpt":{"rendered":"<p>Ein ungarischer Staatsb\u00fcrger, Walter Richard, geh\u00f6rte zu den Aktivisten, die festgenommen wurden, nachdem israelische Seestreitkr\u00e4fte die humanit\u00e4re Flottille Global Sumud (Szumud) im Mittelmeer abgefangen hatten, so die Organisatoren und mehrere internationale Berichte. Die Schiffe wurden in internationalen Gew\u00e4ssern in der N\u00e4he der griechischen Insel Kreta, weit weg von Gaza, w\u00e4hrend einer n\u00e4chtlichen Operation gestoppt, die [&hellip;]<\/p>\n","protected":false},"author":91,"featured_media":787123,"comment_status":"open","ping_status":"open","sticky":false,"template":"","format":"standard","meta":{"_acf_changed":false,"_display_image":"yes","footnotes":""},"categories":[4449],"tags":[4327,4474,4372,1704,1156,1253,1255,1076],"class_list":["post-787122","post","type-post","status-publish","format-standard","has-post-thumbnail","hentry","category-world","tag-category-foreign-affairs","tag-category-global-news","tag-category-politics","tag-griechenland","tag-israel","tag-israelisch-palastinensischer-konflikt","tag-palastina","tag-ungarn"],"blocksy_meta":[],"acf":[],"author_username":"api","telegram_post":"","public_post_metadata":{"breaking_news":"yes","important":"yes","csempe":"yes","center_tile":"no","disable_thumbnail":"no","target_lang":"","_featured_image_style":"default","telegram_post":"","_xlat_group_id":"c73862e7-9466-44e0-bc7f-35f4ea816453"},"public_rank_math_data":{"title":"Ungarischer Aktivist nach Abfangen der Hilfsflotte durch Israel festgenommen","description":"Walter war auf der Global Sumud Flottille, die in internationalen Gew\u00e4ssern vor Kreta gestoppt wurde. Protest in Budapest ruft zum Handeln auf.","focus_keyword":"flotilla","canonical_url":"","robots":"","primary_category":"4449","breadcrumb_title":"","facebook_title":"","facebook_description":"","facebook_image":"","facebook_image_id":"","twitter_title":"","twitter_description":"","twitter_image":"","twitter_image_id":"","twitter_card_type":"","twitter_use_facebook":"","advanced_robots":"","pillar_content":"","seo_score":"75","contentai_score":"","rich_snippet":""},"_links":{"self":[{"href":"https:\/\/dailynewshungary.com\/de\/wp-json\/wp\/v2\/posts\/787122","targetHints":{"allow":["GET"]}}],"collection":[{"href":"https:\/\/dailynewshungary.com\/de\/wp-json\/wp\/v2\/posts"}],"about":[{"href":"https:\/\/dailynewshungary.com\/de\/wp-json\/wp\/v2\/types\/post"}],"author":[{"embeddable":true,"href":"https:\/\/dailynewshungary.com\/de\/wp-json\/wp\/v2\/users\/91"}],"replies":[{"embeddable":true,"href":"https:\/\/dailynewshungary.com\/de\/wp-json\/wp\/v2\/comments?post=787122"}],"version-history":[{"count":0,"href":"https:\/\/dailynewshungary.com\/de\/wp-json\/wp\/v2\/posts\/787122\/revisions"}],"wp:featuredmedia":[{"embeddable":true,"href":"https:\/\/dailynewshungary.com\/de\/wp-json\/wp\/v2\/media\/787123"}],"wp:attachment":[{"href":"https:\/\/dailynewshungary.com\/de\/wp-json\/wp\/v2\/media?parent=787122"}],"wp:term":[{"taxonomy":"category","embeddable":true,"href":"https:\/\/dailynewshungary.com\/de\/wp-json\/wp\/v2\/categories?post=787122"},{"taxonomy":"post_tag","embeddable":true,"href":"https:\/\/dailynewshungary.com\/de\/wp-json\/wp\/v2\/tags?post=787122"}],"curies":[{"name":"wp","href":"https:\/\/api.w.org\/{rel}","templated":true}]}}