{"id":787124,"date":"2026-04-30T19:52:22","date_gmt":"2026-04-30T17:52:22","guid":{"rendered":"https:\/\/dailynewshungary.com\/de\/ungarn-halt-die-eu-gesprache-mit-der-ukraine-unter-magyar-auf-eis-hier-ist-der-grund\/"},"modified":"2026-04-30T19:52:22","modified_gmt":"2026-04-30T17:52:22","slug":"ungarn-halt-die-eu-gesprache-mit-der-ukraine-unter-magyar-auf-eis-hier-ist-der-grund","status":"publish","type":"post","link":"https:\/\/dailynewshungary.com\/de\/ungarn-halt-die-eu-gesprache-mit-der-ukraine-unter-magyar-auf-eis-hier-ist-der-grund\/","title":{"rendered":"Ungarn h\u00e4lt die EU-Gespr\u00e4che mit der Ukraine unter Magyar auf Eis \u2013 hier ist der Grund"},"content":{"rendered":"<p><strong>Der neue ungarische Premierminister P\u00e9ter Magyar hat Berichten zufolge den EU-Staats- und Regierungschefs mitgeteilt, dass seine Regierung die Aufnahme von EU-Beitrittsverhandlungen mit der Ukraine nur dann unterst\u00fctzen wird, wenn Kiew die Rechte der ethnischen ungarischen Minderheit in der Ukraine ausweitet, berichtet Bloomberg unter Berufung auf mit der Angelegenheit vertraute Personen.<\/strong><\/p>\n\n\n\n<p>Diese Haltung wird in Br\u00fcssel und Kiew genau beobachtet, da Ungarn als eines der Haupthindernisse f\u00fcr eine Beschleunigung des ukrainischen EU-Beitritts angesehen wird. Dem Bericht von Bloomberg zufolge haben EU-Beamte Magyar gedr\u00e4ngt, den bisherigen Widerstand Ungarns gegen die Aufnahme von Beitrittsgespr\u00e4chen zu \u00e4ndern.<\/p>\n\n\n\n<p>Magyar hat auch signalisiert, dass er direkte Gespr\u00e4che mit dem ukrainischen Pr\u00e4sidenten Volodymyr Zelenskiy w\u00fcnscht und ein Treffen in Berehove (Berehovo\/Beregsz\u00e1sz) in der westukrainischen Region Transkarpatien (K\u00e1rp\u00e1talja) vorgeschlagen. In einer \u00f6ffentlichen Botschaft bezeichnete er die Initiative als Unterst\u00fctzung f\u00fcr ethnische Ungarn, &#8220;damit sie in ihrer Heimat bleiben k\u00f6nnen&#8221;, und forderte die Wiederherstellung der Rechte in den Bereichen Kultur, Sprache, Verwaltung und Hochschulbildung.<\/p>\n\n\n\n<p>Zelenskiy sagte gegen\u00fcber <a href=\"https:\/\/www.bloomberg.com\/news\/articles\/2026-04-30\/magyar-wants-help-for-ukraine-s-hungarians-before-backing-eu-bid\" target=\"_blank\" rel=\"noopener\">Bloomberg<\/a>, er werde sich mit Magyar in einem bilateralen Format oder in einem anderen Rahmen treffen und f\u00fcgte hinzu, dass man die Probleme der ungarischen Minderheit ansprechen werde und dass sie ukrainische B\u00fcrger wie alle anderen seien. Er deutete an, dass &#8220;nicht alles&#8221; gekl\u00e4rt sei, spielte aber das Ausma\u00df des Streits herunter.<\/p>\n\n\n\n<h2 class=\"wp-block-heading\">Br\u00fcsseler Kontext: Hoffnung auf einen Reset, aber der Druck bleibt<\/h2>\n\n\n\n<p>Europ\u00e4ische Beamte hatten gehofft, dass Ungarns Haltung zur Ukraine nach Orb\u00e1ns Abgang weicher werden k\u00f6nnte, da die neue Regierung sich bem\u00fcht, das Vertrauen in die EU-Institutionen wiederherzustellen und eingefrorene EU-Mittel freizugeben. Magyar hat bereits hochrangige Gespr\u00e4che in Br\u00fcssel gef\u00fchrt, unter anderem mit der Pr\u00e4sidentin der Europ\u00e4ischen Kommission Ursula von der Leyen und dem Pr\u00e4sidenten des Europ\u00e4ischen Rates Ant\u00f3nio Costa, und die Gespr\u00e4che als konstruktiv bezeichnet.<\/p>\n\n\n\n<p>Das Dossier Ukraine bleibt jedoch politisch heikel. Die Verkn\u00fcpfung von Beitrittsschritten mit Minderheitenrechten signalisiert Kontinuit\u00e4t in einer zentralen Frage: Ungarns langj\u00e4hrige Kritik an der ukrainischen Minderheiten- und Bildungspolitik, die den ungarischsprachigen Schulunterricht und den \u00f6ffentlichen Gebrauch der Sprache in den Unterkarpaten betrifft.<\/p>\n\n\n\n<h2 class=\"wp-block-heading\">Explainer: Wer sind die transkarpatischen Ungarn?<\/h2>\n\n\n\n<p>Die ethnische ungarische Gemeinschaft in der Ukraine konzentriert sich auf Zakarpattia (Transkarpatien, auf Ungarisch: K\u00e1rp\u00e1talja), eine Region an der Grenze zu Ungarn. Die Sch\u00e4tzungen variieren, aber in der internationalen Berichterstattung wird die Gemeinschaft \u00fcblicherweise auf etwa 150.000 Menschen gesch\u00e4tzt. Bei der letzten Volksz\u00e4hlung in der Ukraine (2001) wurden 156.600 ethnische Ungarn im Land gez\u00e4hlt, die \u00fcberwiegend in Zakarpattia leben.<\/p>\n\n\n\n<p>In den letzten zwei Jahrzehnten ist die Zahl der Ungarn in den Unterkarpaten aufgrund des von den ukrainischen Beh\u00f6rden und Politikern geschaffenen feindlichen Umfelds zur\u00fcckgegangen. Der Krieg hat zu einem drastischen R\u00fcckgang der ungarischen Bev\u00f6lkerung gef\u00fchrt. Optimistischen Sch\u00e4tzungen zufolge leben heute nur noch 75.000 Ungarn in der Ukraine &#8211; oder sogar noch weniger.<\/p>\n\n\n\n<p>F\u00fcr viele Ungarn ist das historische Argument von zentraler Bedeutung: Die ungarischen St\u00e4mme kamen um 895 in das Karpatenbecken, und ungarische Gemeinschaften leben seit mehr als einem Jahrtausend an den wechselnden Grenzen der Region.<br>Deshalb werden die Ungarn in den politischen Debatten Ungarns in den Unterkarpaten oft nicht als k\u00fcrzlich zugewanderte, sondern als alteingesessene, einheimische Minderheit bezeichnet, deren Rechte ungeachtet der modernen Grenzen gesch\u00fctzt werden sollten.<\/p>\n\n\n\n<pre class=\"wp-block-verse has-morning-salad-gradient-background has-background\">Falls Sie es verpasst haben: <a href=\"https:\/\/dailynewshungary.com\/de\/pm-peter-magyar-und-der-ukrainische-prasident-zelensky-treffen-sich-moglicherweise-bald-in-transkarpatien\/\/\">Premierminister P\u00e9ter Magyar und der ukrainische Pr\u00e4sident Zelensky treffen sich m\u00f6glicherweise bald in den Unterkarpaten<\/a><\/pre>\n\n<h2 class=\"wp-block-heading\">Wie geht es weiter?<\/h2>\n\n\n\n<p>Die wichtigsten Fragen sind nun diplomatischer und verfahrenstechnischer Natur:<\/p>\n\n\n\n<ul class=\"wp-block-list\">\n<li><strong>Wird Kiew Zugest\u00e4ndnisse machen?<\/strong> Magyars Bedingung ist eine Vorbedingung f\u00fcr die Unterst\u00fctzung des Beginns der formellen EU-Beitrittsgespr\u00e4che.<\/li>\n\n\n\n<li><strong>Wie stark wird Br\u00fcssel darauf dr\u00e4ngen?<\/strong> Die Staats- und Regierungschefs der EU wollen Einigkeit in Bezug auf die Ukraine, aber die Beitrittsschritte erfordern immer noch eine politische Einigung zwischen den Mitgliedstaaten.<\/li>\n\n\n\n<li><strong>Was wird das Treffen zwischen Zelenskiy und Magyar bringen?<\/strong> Beide Seiten signalisieren Offenheit, aber sie sind sich nicht einig, ob es ein &#8220;echtes Problem&#8221; zu l\u00f6sen gibt.<\/li>\n<\/ul>\n\n\n\n<p>Im Moment versucht Magyar, zwei Botschaften gleichzeitig zu vermitteln: Er will Ungarns Ansehen in Br\u00fcssel wiederherstellen und gleichzeitig darauf bestehen, dass die Ungarn in den Unterkarpaten ihre Rechte zur\u00fcckerhalten, die seiner Meinung nach seit Jahren eingeschr\u00e4nkt wurden. Ob dies eine Br\u00fccke zu besseren Beziehungen zu Kiew wird &#8211; oder ein neuer Stolperstein auf dem Weg der Ukraine in die EU &#8211; wird wahrscheinlich davon abh\u00e4ngen, welche konkreten Schritte in den kommenden Wochen folgen werden.<\/p>\n\n\n\n<p>Die ungarische Gesellschaft ist sich in dieser Frage einig und unterst\u00fctzt die Wiederherstellung der grundlegenden Minderheitenrechte der in der Ukraine lebenden Ungarn. Die gr\u00f6\u00dfte Frage ist, warum Zelenskyy in dieser Angelegenheit nicht einlenkt. Das ist genau der Grund, den die Regierung Orb\u00e1n seit Jahren anf\u00fchrt, um ihre Blockade der Hilfe f\u00fcr die Ukraine zu rechtfertigen.<\/p>\n\n\n\n<pre class=\"wp-block-verse has-over-sun-gradient-background has-background\">Was kommt als N\u00e4chstes? <a href=\"https:\/\/dailynewshungary.com\/de\/die-katastrophe-von-tschernobyl-geschah-vor-40-jahren-wie-ungarn-davon-erfuhr\/\/\">Die Katastrophe von Tschernobyl geschah vor 40 Jahren: Wie Ungarn das herausfand<\/a><\/pre>","protected":false},"excerpt":{"rendered":"<p>Der neue ungarische Premierminister P\u00e9ter Magyar hat Berichten zufolge den EU-Staats- und Regierungschefs mitgeteilt, dass seine Regierung die Aufnahme von EU-Beitrittsverhandlungen mit der Ukraine nur dann unterst\u00fctzen wird, wenn Kiew die Rechte der ethnischen ungarischen Minderheit in der Ukraine ausweitet, berichtet Bloomberg unter Berufung auf mit der Angelegenheit vertraute Personen. Diese Haltung wird in Br\u00fcssel [&hellip;]<\/p>\n","protected":false},"author":91,"featured_media":787125,"comment_status":"open","ping_status":"open","sticky":false,"template":"","format":"standard","meta":{"_acf_changed":false,"_display_image":"yes","footnotes":""},"categories":[1081],"tags":[2248,4568,4563,4482,4685,1946,4673,1267,1428,1092,1102,1076],"class_list":["post-787124","post","type-post","status-publish","format-standard","has-post-thumbnail","hentry","category-politik","tag-europarat","tag-kategorie-auswartige-angelegenheiten","tag-kategorie-eu-beziehungen","tag-kategorie-ungarische-politik","tag-magyar-regierung-2","tag-minderheit","tag-peter-magyar","tag-rechte","tag-transkarpatien","tag-ukraine","tag-ungarische-regierung","tag-ungarn"],"blocksy_meta":[],"acf":[],"author_username":"api","telegram_post":"","public_post_metadata":{"breaking_news":"yes","important":"no","csempe":"yes","center_tile":"no","disable_thumbnail":"no","target_lang":"","_featured_image_style":"default","telegram_post":"","_xlat_group_id":"93a67fd0-1ae5-487b-aa15-3e908a38a348"},"public_rank_math_data":{"title":"Ungarn legt die EU-Gespr\u00e4che mit der Ukraine unter Magyar auf Eis","description":"P\u00e9ter Magyar signalisiert Kontinuit\u00e4t mit der Orb\u00e1n-\u00c4ra in Bezug auf die Ukraine, indem er sagt, dass die EU-Gespr\u00e4che bis zu einer Geste von Kiew blockiert bleiben.","focus_keyword":"Ukraine EU-Gespr\u00e4che","canonical_url":"","robots":"","primary_category":"1081","breadcrumb_title":"","facebook_title":"","facebook_description":"","facebook_image":"","facebook_image_id":"","twitter_title":"","twitter_description":"","twitter_image":"","twitter_image_id":"","twitter_card_type":"","twitter_use_facebook":"","advanced_robots":"","pillar_content":"","seo_score":"62","contentai_score":"","rich_snippet":""},"_links":{"self":[{"href":"https:\/\/dailynewshungary.com\/de\/wp-json\/wp\/v2\/posts\/787124","targetHints":{"allow":["GET"]}}],"collection":[{"href":"https:\/\/dailynewshungary.com\/de\/wp-json\/wp\/v2\/posts"}],"about":[{"href":"https:\/\/dailynewshungary.com\/de\/wp-json\/wp\/v2\/types\/post"}],"author":[{"embeddable":true,"href":"https:\/\/dailynewshungary.com\/de\/wp-json\/wp\/v2\/users\/91"}],"replies":[{"embeddable":true,"href":"https:\/\/dailynewshungary.com\/de\/wp-json\/wp\/v2\/comments?post=787124"}],"version-history":[{"count":0,"href":"https:\/\/dailynewshungary.com\/de\/wp-json\/wp\/v2\/posts\/787124\/revisions"}],"wp:featuredmedia":[{"embeddable":true,"href":"https:\/\/dailynewshungary.com\/de\/wp-json\/wp\/v2\/media\/787125"}],"wp:attachment":[{"href":"https:\/\/dailynewshungary.com\/de\/wp-json\/wp\/v2\/media?parent=787124"}],"wp:term":[{"taxonomy":"category","embeddable":true,"href":"https:\/\/dailynewshungary.com\/de\/wp-json\/wp\/v2\/categories?post=787124"},{"taxonomy":"post_tag","embeddable":true,"href":"https:\/\/dailynewshungary.com\/de\/wp-json\/wp\/v2\/tags?post=787124"}],"curies":[{"name":"wp","href":"https:\/\/api.w.org\/{rel}","templated":true}]}}