{"id":787126,"date":"2026-04-30T20:17:00","date_gmt":"2026-04-30T18:17:00","guid":{"rendered":"https:\/\/dailynewshungary.com\/de\/top-nachrichten-aus-ungarn-aktivist-von-der-flottille-aufgegriffen-warum-orban-verloren-hat-eu-gesprache-mit-der-ukraine-blockiert-30-april-2026\/"},"modified":"2026-04-30T20:17:00","modified_gmt":"2026-04-30T18:17:00","slug":"top-nachrichten-aus-ungarn-aktivist-von-der-flottille-aufgegriffen-warum-orban-verloren-hat-eu-gesprache-mit-der-ukraine-blockiert-30-april-2026","status":"publish","type":"post","link":"https:\/\/dailynewshungary.com\/de\/top-nachrichten-aus-ungarn-aktivist-von-der-flottille-aufgegriffen-warum-orban-verloren-hat-eu-gesprache-mit-der-ukraine-blockiert-30-april-2026\/","title":{"rendered":"Top-Nachrichten aus Ungarn: Aktivist von der Flottille aufgegriffen, warum Orb\u00e1n verloren hat, EU-Gespr\u00e4che mit der Ukraine blockiert \u2013 30. April 2026"},"content":{"rendered":"<p><strong>Von einem ungarischen Aktivisten, der nach dem Abfangen einer f\u00fcr den Gazastreifen bestimmten Hilfsflotte durch Israel in der N\u00e4he von Kreta inhaftiert wurde, bis hin zu neuen Umfragen \u00fcber die Gr\u00fcnde f\u00fcr die Niederlage der Fidesz. Zu den wichtigsten Nachrichten aus Ungarn geh\u00f6ren au\u00dferdem Budapests wiederbelebte Pl\u00e4ne f\u00fcr den Gell\u00e9rt-Berg, eine Warnung \u00fcber die Risiken von Flugunterbrechungen durch Kerosin und wichtige Finanznachrichten, von der Entwicklung des Forint im April bis hin zum neuen Ton der Zentralbank unter Mih\u00e1ly Varga. Hier sind die Themen, die unsere Leser am meisten verfolgen.<\/strong><\/p>\n\n\n\n<h2 class=\"wp-block-heading\">Die wichtigsten Nachrichten aus Ungarn von heute<\/h2>\n\n\n\n<p><a href=\"https:\/\/dailynewshungary.com\/de\/hungarian-activist-richard-among-detainees-after-israel-intercepts-global-sumud-flotilla-near-crete-video\/\/\">Ungarischer Aktivist Rich\u00e1rd unter den Inhaftierten, nachdem Israel die Global Sumud-Flottille bei Kreta abgefangen hat &#8211; Details und VIDEO<\/a><\/p>\n\n\n\n<h2 class=\"wp-block-heading\">Warum hat Orb\u00e1n verloren?<\/h2>\n\n\n\n<p><a href=\"https:\/\/dailynewshungary.com\/de\/warum-orban-verloren-hat-eine-umfrage-enthullt-die-hauptgrunde-fur-die-niederlage-des-fidesz\/\/\">Warum Orb\u00e1n verloren hat: Eine Umfrage enth\u00fcllt die Hauptgr\u00fcnde f\u00fcr die Niederlage des Fidesz<\/a><\/p>\n\n\n\n<h2 class=\"wp-block-heading\">Ukraine EU-Gespr\u00e4che unter Magyar auf Eis gelegt<\/h2>\n\n\n\n<p><a href=\"https:\/\/dailynewshungary.com\/de\/ungarn-halt-die-eu-gesprache-mit-der-ukraine-unter-magyar-auf-eis-hier-ist-der-grund\/\/\">Ungarn legt die EU-Gespr\u00e4che mit der Ukraine unter Magyar auf Eis &#8211; warum?<\/a><\/p>\n\n\n\n<h2 class=\"wp-block-heading\">Der ungarische Forint und die Finanzen<\/h2>\n\n\n\n<p><a href=\"https:\/\/dailynewshungary.com\/de\/the-hungarian-forints-best-month-in-years-ends-on-a-sour-note\/\/\">Der beste Monat seit Jahren f\u00fcr den ungarischen Forint endet mit einem Wermutstropfen<\/a><\/p>\n\n\n\n<p>Der unter Orb\u00e1n ernannte Chef der Ungarischen Nationalbank sagt Zusammenarbeit mit dem Kabinett Tisza zu &#8211; <a href=\"https:\/\/dailynewshungary.com\/de\/hungarian-national-bank-head-appointed-under-orban-pledges-cooperation-with-tisza-cabinet-interview\/\/\">Interview<\/a><\/p>\n\n\n\n<h3 class=\"wp-block-heading\">Claire ist raus<\/h3>\n\n\n\n<p><a href=\"https:\/\/dailynewshungary.com\/de\/was-ist-passiert-die-ikonische-amerikanische-marke-claires-schliest-endgultig-in-ungarn\/\/\">Was ist passiert? Die ikonische amerikanische Marke Claire&#8217;s schlie\u00dft endg\u00fcltig in Ungarn<\/a><\/p>\n\n\n\n<h2 class=\"wp-block-heading\">Tourismus<\/h2>\n\n\n\n<p><a href=\"https:\/\/dailynewshungary.com\/de\/budapest-nimmt-das-gellert-berg-projekt-nach-20-jahren-wieder-auf-geplante-standseilbahn-konnte-uber-1-000-passagiere-pro-stunde-befordern\/\/\">Budapest nimmt das Projekt des Gell\u00e9rtbergs nach 20 Jahren wieder auf &#8211; die geplante Standseilbahn k\u00f6nnte \u00fcber 1.000 Fahrg\u00e4ste pro Stunde bef\u00f6rdern<\/a><\/p>\n\n\n\n<p><a href=\"https:\/\/dailynewshungary.com\/de\/nur-noch-sechs-wochen-kerosin-fur-europa-auswirkungen-auf-ungarn\/\/\">Flugzeugtreibstoff nur noch f\u00fcr sechs Wochen: Auswirkungen auf Ungarn<\/a><\/p>\n\n\n\n<p class=\"has-text-align-center\">Hat Ihnen diese Zusammenfassung gefallen? Abonnieren Sie unseren kostenlosen abendlichen Newsletter und erhalten Sie die wichtigsten Geschichten aus Ungarn, die wichtigsten Updates und die Lekt\u00fcre, die Ihre Zeit wert ist, direkt in Ihren Posteingang. <a href=\"https:\/\/dailynewshungary.com\/newsletter\/\"><strong>Abonnieren Sie hier<\/strong><\/a>.<\/p>\n","protected":false},"excerpt":{"rendered":"<p>Von einem ungarischen Aktivisten, der nach dem Abfangen einer f\u00fcr den Gazastreifen bestimmten Hilfsflotte durch Israel in der N\u00e4he von Kreta inhaftiert wurde, bis hin zu neuen Umfragen \u00fcber die Gr\u00fcnde f\u00fcr die Niederlage der Fidesz. Zu den wichtigsten Nachrichten aus Ungarn geh\u00f6ren au\u00dferdem Budapests wiederbelebte Pl\u00e4ne f\u00fcr den Gell\u00e9rt-Berg, eine Warnung \u00fcber die Risiken [&hellip;]<\/p>\n","protected":false},"author":91,"featured_media":787127,"comment_status":"open","ping_status":"open","sticky":false,"template":"","format":"standard","meta":{"_acf_changed":false,"_display_image":"yes","footnotes":""},"categories":[4571],"tags":[4635,1066,1452,1684],"class_list":["post-787126","post","type-post","status-publish","format-standard","has-post-thumbnail","hentry","category-flash","tag-category-briefing","tag-hungary","tag-hungary-news","tag-what-happened-today-in-hungary"],"blocksy_meta":[],"acf":[],"author_username":"api","telegram_post":"","public_post_metadata":{"breaking_news":"yes","important":"no","csempe":"no","center_tile":"no","disable_thumbnail":"no","target_lang":"","_featured_image_style":"default","telegram_post":"","_xlat_group_id":"5e02ab6b-fb10-47a6-a8d3-e611ab06c002"},"public_rank_math_data":{"title":"%title% %sep% %sitename%","description":"","focus_keyword":"Ungarn Nachrichten","canonical_url":"","robots":"","primary_category":"4571","breadcrumb_title":"","facebook_title":"","facebook_description":"","facebook_image":"","facebook_image_id":"","twitter_title":"","twitter_description":"","twitter_image":"","twitter_image_id":"","twitter_card_type":"","twitter_use_facebook":"","advanced_robots":"","pillar_content":"","seo_score":"72","contentai_score":"","rich_snippet":""},"_links":{"self":[{"href":"https:\/\/dailynewshungary.com\/de\/wp-json\/wp\/v2\/posts\/787126","targetHints":{"allow":["GET"]}}],"collection":[{"href":"https:\/\/dailynewshungary.com\/de\/wp-json\/wp\/v2\/posts"}],"about":[{"href":"https:\/\/dailynewshungary.com\/de\/wp-json\/wp\/v2\/types\/post"}],"author":[{"embeddable":true,"href":"https:\/\/dailynewshungary.com\/de\/wp-json\/wp\/v2\/users\/91"}],"replies":[{"embeddable":true,"href":"https:\/\/dailynewshungary.com\/de\/wp-json\/wp\/v2\/comments?post=787126"}],"version-history":[{"count":0,"href":"https:\/\/dailynewshungary.com\/de\/wp-json\/wp\/v2\/posts\/787126\/revisions"}],"wp:featuredmedia":[{"embeddable":true,"href":"https:\/\/dailynewshungary.com\/de\/wp-json\/wp\/v2\/media\/787127"}],"wp:attachment":[{"href":"https:\/\/dailynewshungary.com\/de\/wp-json\/wp\/v2\/media?parent=787126"}],"wp:term":[{"taxonomy":"category","embeddable":true,"href":"https:\/\/dailynewshungary.com\/de\/wp-json\/wp\/v2\/categories?post=787126"},{"taxonomy":"post_tag","embeddable":true,"href":"https:\/\/dailynewshungary.com\/de\/wp-json\/wp\/v2\/tags?post=787126"}],"curies":[{"name":"wp","href":"https:\/\/api.w.org\/{rel}","templated":true}]}}