{"id":787132,"date":"2026-05-01T07:34:00","date_gmt":"2026-05-01T05:34:00","guid":{"rendered":"https:\/\/dailynewshungary.com\/de\/breaking-der-neue-premierminister-magyar-hat-die-letzten-2-minister-bekannt-gegeben-die-regierungsbesetzung-steht-fest\/"},"modified":"2026-05-01T07:34:00","modified_gmt":"2026-05-01T05:34:00","slug":"breaking-der-neue-premierminister-magyar-hat-die-letzten-2-minister-bekannt-gegeben-die-regierungsbesetzung-steht-fest","status":"publish","type":"post","link":"https:\/\/dailynewshungary.com\/de\/breaking-der-neue-premierminister-magyar-hat-die-letzten-2-minister-bekannt-gegeben-die-regierungsbesetzung-steht-fest\/","title":{"rendered":"Breaking: Der neue Premierminister Magyar hat die letzten 2 Minister bekannt gegeben, die Regierungsbesetzung steht fest"},"content":{"rendered":"<p><strong>Die Besetzung der neuen Thei\u00df-Regierung wurde am Donnerstag mit der Bekanntgabe des Innen- und des Justizministers abgeschlossen. P\u00e9ter Magyar, Vorsitzender der Thei\u00df-Partei und gew\u00e4hlter Premierminister, gab auf Facebook bekannt, dass G\u00e1bor P\u00f3sfai, der operative Leiter der Partei, das Innenministerium leiten wird, das f\u00fcr die Bereiche Strafverfolgung und Sport zust\u00e4ndig ist, w\u00e4hrend M\u00e1rton Mell\u00e9thei-Barna, der juristische Leiter der Partei, als Justizminister fungieren wird.<\/strong><\/p>\n\n\n\n<p>Die beiden neuen Minister:<\/p>\n\n\n\n<iframe loading=\"lazy\" src=\"https:\/\/www.facebook.com\/plugins\/post.php?href=https%3A%2F%2Fwww.facebook.com%2Fpeter.magyar.102%2Fposts%2Fpfbid08NzPaaHsRuH18XpQDvZ9SZhBPhADiW3C8bQUBTJeFmuKoccPz5nHzXxPRhosKxv6l&#038;show_text=true&#038;width=500\" width=\"500\" height=\"736\" style=\"border:none;overflow:hidden\" scrolling=\"no\" frameborder=\"0\" allowfullscreen=\"true\" allow=\"autoplay; clipboard-write; encrypted-media; picture-in-picture; web-share\"><\/iframe>\n\n\n\n<h2 class=\"wp-block-heading\">Die letzten beiden Minister bekannt gegeben, Besetzung steht fest<\/h2>\n\n\n\n<p>Nach der konstituierenden Sitzung der Parlamentsfraktion der Thei\u00df-Partei am 20. April k\u00fcndigte Magyar an, dass seine Regierung 16 Ministerien haben werde und benannte an diesem Tag sieben Minister:<\/p>\n\n\n\n<ol class=\"wp-block-list\">\n<li>Anita Orb\u00e1n (Au\u00dfenpolitikexpertin der Thei\u00df-Partei) &#8211; Au\u00dfenministerin<\/li>\n\n\n\n<li>Andr\u00e1s K\u00e1rm\u00e1n (Haushalts- und Steuerpolitikexperte der Thei\u00df-Partei) &#8211; Finanzminister<\/li>\n\n\n\n<li>Istv\u00e1n Kapit\u00e1ny (Experte f\u00fcr Wirtschafts- und Energieentwicklung der Thei\u00df-Partei) &#8211; Minister f\u00fcr Wirtschaft und Energie<\/li>\n\n\n\n<li>Zsolt Heged\u0171s (Experte f\u00fcr Gesundheitspolitik der Thei\u00df-Partei) &#8211; Minister f\u00fcr Gesundheit<\/li>\n\n\n\n<li>L\u00e1szl\u00f3 Gajdos (Direktor des Zoos von Ny\u00edregyh\u00e1za, Abgeordneter f\u00fcr Ny\u00edregyh\u00e1za, Komitat Szabolcs-Szatm\u00e1r-Bereg, Wahlkreis 1) &#8211; Minister f\u00fcr die Lebensumwelt<\/li>\n\n\n\n<li>Romulusz Ruszin-Szendi (ehemaliger Generalstabschef, Experte der Thei\u00df-Partei, Abgeordneter f\u00fcr Hajd\u00faszoboszl\u00f3, Komitat Hajd\u00fa-Bihar, Wahlkreis 5) &#8211; Verteidigungsminister<\/li>\n\n\n\n<li>Szabolcs B\u00f3na (Agraringenieur, Landwirtschaftsexperte der Thei\u00df-Partei) &#8211; Minister f\u00fcr Landwirtschaft und Lebensmittelwirtschaft<\/li>\n<\/ol>\n\n\n\n<p>Dann, am 22. April, gab Magyar bekannt:<\/p>\n\n\n\n<ol class=\"wp-block-list\">\n<li>B\u00e1lint Ruff (Politischer Analyst) &#8211; Leiter des B\u00fcros des Premierministers<\/li>\n\n\n\n<li>Vikt\u00f3ria L\u0151rincz (Abgeordnete f\u00fcr Kaposv\u00e1r) &#8211; Ministerin f\u00fcr regionale und l\u00e4ndliche Entwicklung<\/li>\n<\/ol>\n\n\n\n<p>Zwei Tage sp\u00e4ter wurden weitere Minister ernannt:<\/p>\n\n\n\n<ol class=\"wp-block-list\">\n<li>D\u00e1vid Vit\u00e9zy (derzeitiger Budapester Stadtrat) &#8211; Minister f\u00fcr Verkehr und Infrastruktur<\/li>\n\n\n\n<li>Vilmos K\u00e1tai-N\u00e9meth (sehbehinderter Abgeordneter f\u00fcr Csepel) &#8211; Minister f\u00fcr Soziales und Familie<\/li>\n\n\n\n<li>Judit Lannert (Bildungsexpertin) &#8211; Ministerin f\u00fcr Kinder und Bildung<\/li>\n<\/ol>\n\n\n\n<p>Am 28. April gab Magyar bekannt:<\/p>\n\n\n\n<ol class=\"wp-block-list\">\n<li>Zolt\u00e1n Tarr (stellvertretender Vorsitzender der Thei\u00df-Partei und Leiter der EP-Delegation, Abgeordneter f\u00fcr den Budapester Wahlkreis 16) &#8211; Minister f\u00fcr soziale Beziehungen und Kultur<\/li>\n\n\n\n<li>Zolt\u00e1n Tan\u00e1cs (Verantwortlicher f\u00fcr das Programm der Thei\u00df-Partei f\u00fcr ein funktionelles und menschliches Ungarn, zuk\u00fcnftiger Abgeordneter f\u00fcr Budapest) &#8211; Minister f\u00fcr Wissenschaft und Technologie<\/li>\n<\/ol>\n\n\n\n<p>In der Zwischenzeit wurde bereits ein Regierungskommissar best\u00e4tigt:<\/p>\n\n\n\n<ol class=\"wp-block-list\">\n<li>Kriszta B\u00f3dis (Abgeordnete f\u00fcr Jozsefvaros, Budapester Wahlkreis 2) &#8211; Kommissarin f\u00fcr sozialpolitische Strategie und sektorale Koordinierung<\/li>\n<\/ol>\n\n\n\n<figure class=\"wp-block-image aligncenter size-full is-resized\"><img decoding=\"async\" src=\"https:\/\/dailynewshungary.b-cdn.net\/wp-content\/uploads\/2026\/05\/magyar-government-final-lineup.webp\" alt=\"magyar government lineup finalised ministers\" class=\"wp-image-695829\" style=\"width:560px;height:auto\"\/><figcaption class=\"wp-element-caption\">Die endg\u00fcltige Aufstellung der neuen magyarischen Regierung. Foto: <a href=\"https:\/\/www.facebook.com\/photo.php?fbid=27267552059519217&amp;set=pb.100000733720126.-2207520000&amp;type=3&amp;locale=hu_HU\" target=\"_blank\" rel=\"noopener\">Facebook\/P\u00e9ter Magyar<\/a><\/figcaption><\/figure>\n\n<h2 class=\"wp-block-heading\">In wenigen Tagen findet die konstituierende Sitzung des Parlaments statt<\/h2>\n\n\n\n<p>Pr\u00e4sident Tam\u00e1s Sulyok beauftragte P\u00e9ter Magyar am 15. April mit der Bildung einer Regierung. Die konstituierende Sitzung des Parlaments wird am 9. Mai stattfinden, wenn Magyar gew\u00e4hlt und als Premierminister vereidigt wird. Es wird erwartet, dass die Nationalversammlung mit der Debatte \u00fcber den Gesetzentwurf zur Liste der Ministerien beginnt.<\/p>\n\n\n\n<p>In den Tagen nach der konstituierenden Sitzung werden die Parlamentsaussch\u00fcsse die Ministerkandidaten anh\u00f6ren. Nach dem Grundgesetz werden die Minister auf Vorschlag des Premierministers vom Pr\u00e4sidenten ernannt, und die neue Regierung wird nach ihrer Ernennung gebildet.<\/p>\n\n\n\n<p>Bei den Parlamentswahlen vom 12. April erhielt die Thei\u00df-Partei 141 Sitze, die Fidesz-KDNP 52 und Unsere Heimat 6.<\/p>\n\n\n\n<pre class=\"wp-block-verse has-text-align-center has-juicy-peach-gradient-background has-background\"><strong>Falls Sie es verpasst haben: <a href=\"https:\/\/dailynewshungary.com\/de\/breaking-from-brussels-peter-magyar-kundigt-politische-einigung-mit-ursula-von-der-leyen-uber-eingefrorene-eu-gelder-an\/\/\">Neues aus Br\u00fcssel: P\u00e9ter Magyar k\u00fcndigt politische Einigung mit Ursula von der Leyen \u00fcber eingefrorene EU-Mittel an<\/a><\/strong><\/pre>","protected":false},"excerpt":{"rendered":"<p>Die Besetzung der neuen Thei\u00df-Regierung wurde am Donnerstag mit der Bekanntgabe des Innen- und des Justizministers abgeschlossen. P\u00e9ter Magyar, Vorsitzender der Thei\u00df-Partei und gew\u00e4hlter Premierminister, gab auf Facebook bekannt, dass G\u00e1bor P\u00f3sfai, der operative Leiter der Partei, das Innenministerium leiten wird, das f\u00fcr die Bereiche Strafverfolgung und Sport zust\u00e4ndig ist, w\u00e4hrend M\u00e1rton Mell\u00e9thei-Barna, der juristische [&hellip;]<\/p>\n","protected":false},"author":91,"featured_media":787133,"comment_status":"open","ping_status":"open","sticky":false,"template":"","format":"standard","meta":{"_acf_changed":false,"_display_image":"yes","footnotes":""},"categories":[4396],"tags":[2026,4683,1658,4673,4674,1102,1076],"class_list":["post-787132","post","type-post","status-publish","format-standard","has-post-thumbnail","hentry","category-ungarisch","tag-kategorie-politik","tag-magyar-regierung","tag-parlament","tag-peter-magyar","tag-tisza-partei","tag-ungarische-regierung","tag-ungarn"],"blocksy_meta":[],"acf":[],"author_username":"api","telegram_post":"","public_post_metadata":{"breaking_news":"yes","important":"yes","csempe":"yes","center_tile":"no","disable_thumbnail":"no","target_lang":"","_featured_image_style":"default","telegram_post":"","_xlat_group_id":"9ed6b278-0300-48aa-bfc7-9e089b6eb179"},"public_rank_math_data":{"title":"%title% %sep% %sitename%","description":"","focus_keyword":"magyar","canonical_url":"","robots":"","primary_category":"4396","breadcrumb_title":"","facebook_title":"","facebook_description":"","facebook_image":"","facebook_image_id":"","twitter_title":"","twitter_description":"","twitter_image":"","twitter_image_id":"","twitter_card_type":"","twitter_use_facebook":"","advanced_robots":"","pillar_content":"","seo_score":"81","contentai_score":"","rich_snippet":""},"_links":{"self":[{"href":"https:\/\/dailynewshungary.com\/de\/wp-json\/wp\/v2\/posts\/787132","targetHints":{"allow":["GET"]}}],"collection":[{"href":"https:\/\/dailynewshungary.com\/de\/wp-json\/wp\/v2\/posts"}],"about":[{"href":"https:\/\/dailynewshungary.com\/de\/wp-json\/wp\/v2\/types\/post"}],"author":[{"embeddable":true,"href":"https:\/\/dailynewshungary.com\/de\/wp-json\/wp\/v2\/users\/91"}],"replies":[{"embeddable":true,"href":"https:\/\/dailynewshungary.com\/de\/wp-json\/wp\/v2\/comments?post=787132"}],"version-history":[{"count":0,"href":"https:\/\/dailynewshungary.com\/de\/wp-json\/wp\/v2\/posts\/787132\/revisions"}],"wp:featuredmedia":[{"embeddable":true,"href":"https:\/\/dailynewshungary.com\/de\/wp-json\/wp\/v2\/media\/787133"}],"wp:attachment":[{"href":"https:\/\/dailynewshungary.com\/de\/wp-json\/wp\/v2\/media?parent=787132"}],"wp:term":[{"taxonomy":"category","embeddable":true,"href":"https:\/\/dailynewshungary.com\/de\/wp-json\/wp\/v2\/categories?post=787132"},{"taxonomy":"post_tag","embeddable":true,"href":"https:\/\/dailynewshungary.com\/de\/wp-json\/wp\/v2\/tags?post=787132"}],"curies":[{"name":"wp","href":"https:\/\/api.w.org\/{rel}","templated":true}]}}