{"id":787138,"date":"2026-05-01T11:24:00","date_gmt":"2026-05-01T09:24:00","guid":{"rendered":"https:\/\/dailynewshungary.com\/de\/ungarischer-milliardar-behauptet-langjahriger-spender-der-theiss-partei-zu-sein-partei-sagt-er-habe-nur-wenige-tage-vor-den-wahlen-gespendet-2\/"},"modified":"2026-05-01T11:24:00","modified_gmt":"2026-05-01T09:24:00","slug":"ungarischer-milliardar-behauptet-langjahriger-spender-der-theiss-partei-zu-sein-partei-sagt-er-habe-nur-wenige-tage-vor-den-wahlen-gespendet-2","status":"publish","type":"post","link":"https:\/\/dailynewshungary.com\/de\/ungarischer-milliardar-behauptet-langjahriger-spender-der-theiss-partei-zu-sein-partei-sagt-er-habe-nur-wenige-tage-vor-den-wahlen-gespendet-2\/","title":{"rendered":"Ungarischer Milliard\u00e4r behauptet, langj\u00e4hriger Spender der Theiss-Partei zu sein: Partei sagt, er habe nur wenige Tage vor den Wahlen gespendet"},"content":{"rendered":"\n<p><strong>Ungarns Wahlsiegerin Thei\u00df-Partei hat angek\u00fcndigt, dass sie mehr als 100 Millionen Forint (etwa 274.000 Euro) an Spenden des Gesch\u00e4ftsmannes Gy\u00f6rgy W\u00e1berer zur\u00fcckgeben wird, da sie Transparenz und politische Unabh\u00e4ngigkeit wahren m\u00fcsse.<\/strong><\/p>\n\n\n\n<h2 class=\"wp-block-heading\">Gesch\u00e4ftsmann Gy\u00f6rgy W\u00e1berer sprach offen \u00fcber seine Spenden an die Thei\u00df-Partei<\/h2>\n\n\n\n<p>P\u00e9ter Magyar, der Parteivorsitzende und k\u00fcnftige Ministerpr\u00e4sident, sagte, die Summe, die in f\u00fcnf Raten von 20 Millionen Forint (etwa 25.000 Euro) \u00fcberwiesen wurde, sei erst f\u00fcnf Tage vor den Wahlen eingetroffen. <a href=\"https:\/\/www.facebook.com\/peter.magyar.102\/posts\/pfbid02VkCKMnjJNDZ6CB57Xj6BxbnHK5ScWY4iyAuoheCi11iWecSQ7FkFhuoNU4MYtC81l\" target=\"_blank\" rel=\"noopener\">Magyar zufolge<\/a> steht dies im Widerspruch zu W\u00e1berers fr\u00fcherer Behauptung in einem Fernsehinterview, er habe die Partei seit etwa anderthalb Jahren finanziell unterst\u00fctzt, da sie vor den erw\u00e4hnten 100 Millionen keine finanzielle Unterst\u00fctzung von ihm erhalten habe, berichtet <a href=\"https:\/\/telex.hu\/belfold\/2026\/05\/01\/waberer-gyorgy-tisza-part-visszautalas-penz\" target=\"_blank\" rel=\"noopener\">Telex<\/a>.<\/p>\n\n\n\n<h2 class=\"wp-block-heading\">Sie werden die 100 Millionen zur\u00fcckschicken<\/h2>\n\n\n\n<p>In einer in den sozialen Medien ver\u00f6ffentlichten Erkl\u00e4rung betonte Magyar, dass die Partei stolz auf ihre rechtm\u00e4\u00dfigen und transparenten Finanzierungspraktiken sei. Gleichzeitig betonte er, dass sie nicht einmal den Anschein erwecken wolle, dass irgendein Unternehmer oder Oligarch mit der Partei in Verbindung stehe oder direkt oder indirekt von einer solchen Verbindung profitieren k\u00f6nne.<\/p>\n\n\n\n<p>&#8220;Aus diesem Grund werden wir den Betrag am Montag zur\u00fcckerstatten&#8221;, sagte er und f\u00fcgte hinzu, dass \u00e4hnliche Ma\u00dfnahmen in Zukunft ergriffen w\u00fcrden, wenn eine Spende mit rechtlich oder moralisch fragw\u00fcrdigen Forderungen verbunden sei oder wenn ein Spender versuche, Einfluss, Einflussnahme oder Publicity zu erlangen.<\/p>\n\n\n\n<iframe loading=\"lazy\" src=\"https:\/\/www.facebook.com\/plugins\/post.php?href=https%3A%2F%2Fwww.facebook.com%2Fpeter.magyar.102%2Fposts%2Fpfbid02VkCKMnjJNDZ6CB57Xj6BxbnHK5ScWY4iyAuoheCi11iWecSQ7FkFhuoNU4MYtC81l&#038;show_text=true&#038;width=500\" width=\"500\" height=\"316\" style=\"border:none;overflow:hidden\" scrolling=\"no\" frameborder=\"0\" allowfullscreen=\"true\" allow=\"autoplay; clipboard-write; encrypted-media; picture-in-picture; web-share\"><\/iframe>\n\n\n\n<p class=\"has-palette-color-1-color has-aqua-splash-gradient-background has-text-color has-background has-link-color wp-elements-65ca3970f247fc277476b08dfa869e47\"><strong>Breaking: Der neue Premierminister Magyar hat <a href=\"https:\/\/dailynewshungary.com\/de\/breaking-der-neue-premierminister-magyar-hat-die-letzten-2-minister-bekannt-gegeben-die-regierungsbesetzung-steht-fest\/\/\">die letzten 2 Minister ernannt, die Regierungsaufstellung steht fest<\/a><\/strong><\/p>\n\n\n\n<h2 class=\"wp-block-heading\">Vorsitzender der Theiss-Partei behauptet, sie werde die Transparenz aufrechterhalten<\/h2>\n\n\n\n<p>Magyar versprach auch volle finanzielle Transparenz und best\u00e4tigte, dass die Partei die Namen aller Spender, die innerhalb der gesetzlich vorgeschriebenen Frist mehr als 500.000 HUF spenden, offenlegen wird.<\/p>\n\n\n\n<p>W\u00e1berer, einer der reichsten Gesch\u00e4ftsleute Ungarns, hatte sich in den letzten Tagen des Wahlkampfs \u00f6ffentlich f\u00fcr die Thei\u00df-Partei ausgesprochen. Er argumentierte, dass das Land einen Wandel brauche und forderte ein &#8220;lebenswerteres Ungarn&#8221; und eine klarere wirtschaftliche Ausrichtung.<\/p>\n\n\n\n<p class=\"has-palette-color-1-color has-aqua-splash-gradient-background has-text-color has-background has-link-color wp-elements-1c8d6871a002a10cf76f968e6615ec48\"><strong><a href=\"https:\/\/dailynewshungary.com\/de\/warum-orban-verloren-hat-eine-umfrage-enthullt-die-hauptgrunde-fur-die-niederlage-des-fidesz\/\/\">Warum Viktor Orb\u00e1n der Vergangenheit angeh\u00f6rt<\/a>: Eine Umfrage enth\u00fcllt die Hauptgr\u00fcnde f\u00fcr die Niederlage des Fidesz<\/strong><\/p>\n\n\n\n<p><em>Gekennzeichnetes Bild: Anadolu Agentur<\/em><\/p>\n","protected":false},"excerpt":{"rendered":"<p>Ungarns Wahlsiegerin Thei\u00df-Partei hat angek\u00fcndigt, dass sie mehr als 100 Millionen Forint (etwa 274.000 Euro) an Spenden des Gesch\u00e4ftsmannes Gy\u00f6rgy W\u00e1berer zur\u00fcckgeben wird, da sie Transparenz und politische Unabh\u00e4ngigkeit wahren m\u00fcsse. Gesch\u00e4ftsmann Gy\u00f6rgy W\u00e1berer sprach offen \u00fcber seine Spenden an die Thei\u00df-Partei P\u00e9ter Magyar, der Parteivorsitzende und k\u00fcnftige Ministerpr\u00e4sident, sagte, die Summe, die in f\u00fcnf [&hellip;]<\/p>\n","protected":false},"author":91,"featured_media":787139,"comment_status":"open","ping_status":"open","sticky":false,"template":"","format":"standard","meta":{"_acf_changed":false,"_display_image":"yes","footnotes":""},"categories":[4396],"tags":[4546,4603,4613,1118,4673,4677,1102,1076,1223],"class_list":["post-787138","post","type-post","status-publish","format-standard","has-post-thumbnail","hentry","category-ungarisch","tag-category-finanzen-ungarn","tag-category-politik","tag-category-wirtschaft","tag-geld","tag-peter-magyar","tag-theiss-partei","tag-ungarische-regierung","tag-ungarn","tag-wahlen"],"blocksy_meta":[],"acf":[],"author_username":"api","telegram_post":"","public_post_metadata":{"breaking_news":"yes","important":"no","csempe":"yes","center_tile":"no","disable_thumbnail":"no","target_lang":"","_featured_image_style":"hidden","telegram_post":"","_xlat_group_id":"258d0c89-079b-4fb8-a394-fabdd07ed66c"},"public_rank_math_data":{"title":"%title% %sep% %sitename%","description":"","focus_keyword":"Thei\u00df-Partei","canonical_url":"","robots":"","primary_category":"4396","breadcrumb_title":"","facebook_title":"","facebook_description":"","facebook_image":"","facebook_image_id":"","twitter_title":"","twitter_description":"","twitter_image":"","twitter_image_id":"","twitter_card_type":"","twitter_use_facebook":"","advanced_robots":"","pillar_content":"","seo_score":"81","contentai_score":"","rich_snippet":""},"_links":{"self":[{"href":"https:\/\/dailynewshungary.com\/de\/wp-json\/wp\/v2\/posts\/787138","targetHints":{"allow":["GET"]}}],"collection":[{"href":"https:\/\/dailynewshungary.com\/de\/wp-json\/wp\/v2\/posts"}],"about":[{"href":"https:\/\/dailynewshungary.com\/de\/wp-json\/wp\/v2\/types\/post"}],"author":[{"embeddable":true,"href":"https:\/\/dailynewshungary.com\/de\/wp-json\/wp\/v2\/users\/91"}],"replies":[{"embeddable":true,"href":"https:\/\/dailynewshungary.com\/de\/wp-json\/wp\/v2\/comments?post=787138"}],"version-history":[{"count":0,"href":"https:\/\/dailynewshungary.com\/de\/wp-json\/wp\/v2\/posts\/787138\/revisions"}],"wp:featuredmedia":[{"embeddable":true,"href":"https:\/\/dailynewshungary.com\/de\/wp-json\/wp\/v2\/media\/787139"}],"wp:attachment":[{"href":"https:\/\/dailynewshungary.com\/de\/wp-json\/wp\/v2\/media?parent=787138"}],"wp:term":[{"taxonomy":"category","embeddable":true,"href":"https:\/\/dailynewshungary.com\/de\/wp-json\/wp\/v2\/categories?post=787138"},{"taxonomy":"post_tag","embeddable":true,"href":"https:\/\/dailynewshungary.com\/de\/wp-json\/wp\/v2\/tags?post=787138"}],"curies":[{"name":"wp","href":"https:\/\/api.w.org\/{rel}","templated":true}]}}