{"id":787140,"date":"2026-05-01T13:14:00","date_gmt":"2026-05-01T11:14:00","guid":{"rendered":"https:\/\/dailynewshungary.com\/de\/einer-der-ranghochsten-soldaten-ungarns-beendet-trotz-gefahrenzustand-den-militardienst\/"},"modified":"2026-05-01T13:14:00","modified_gmt":"2026-05-01T11:14:00","slug":"einer-der-ranghochsten-soldaten-ungarns-beendet-trotz-gefahrenzustand-den-militardienst","status":"publish","type":"post","link":"https:\/\/dailynewshungary.com\/de\/einer-der-ranghochsten-soldaten-ungarns-beendet-trotz-gefahrenzustand-den-militardienst\/","title":{"rendered":"Einer der rangh\u00f6chsten Soldaten Ungarns beendet trotz Gefahrenzustand den Milit\u00e4rdienst"},"content":{"rendered":"<p><strong>Ungarn hat einen seiner angesehensten Soldaten verloren: Brigadegeneral Imre Porkol\u00e1b hat seinen Dienst in gegenseitigem Einvernehmen beendet. Dies geht aus einem Dekret hervor, das am Donnerstagabend in der offiziellen Magyar K\u00f6zl\u00f6ny (Ungarisches Staatsblatt) ver\u00f6ffentlicht wurde.<\/strong><\/p>\n\n\n\n<h2 class=\"wp-block-heading\">Ungarischer General beendet Milit\u00e4rdienst w\u00e4hrend der Gefahrensituation der scheidenden Regierung<\/h2>\n\n\n\n<p>Mit dieser Entscheidung, die vom Pr\u00e4sidenten auf Empfehlung von Verteidigungsminister Krist\u00f3f Szalay-Bobrovniczky gebilligt wurde, geht eine herausragende Karriere zu Ende, die sich \u00fcber drei Jahrzehnte erstreckte. Porkol\u00e1b war nicht nur in Ungarn, sondern auch international weithin anerkannt. Er vertrat die NATO auf hoher Ebene, unter anderem auf einem Posten im Pentagon, schreibt <a href=\"https:\/\/24.hu\/belfold\/2026\/05\/01\/porkolab-imre-leszerelt-magyar-honvedseg\/\" target=\"_blank\" rel=\"noopener\">24.hu<\/a>.<\/p>\n\n\n\n<h2 class=\"wp-block-heading\">Ein Soldat mit au\u00dfergew\u00f6hnlichen F\u00e4higkeiten<\/h2>\n\n\n\n<p>Porkol\u00e1b war ein Pionier auf seinem Gebiet und machte 1994 als erster ungarischer Soldat seinen Abschluss an der Royal Military Academy Sandhurst. Sp\u00e4ter spielte er eine Schl\u00fcsselrolle bei der Entwicklung der ungarischen F\u00e4higkeiten im Bereich Spezialoperationen und diente bei Eins\u00e4tzen im Irak und in Afghanistan. Seine Karriere umfasste auch hochrangige strategische Positionen, wie die Vertretung des Alliierten Kommandos Transformation der NATO in den Vereinigten Staaten.<\/p>\n\n\n\n<h2 class=\"wp-block-heading\">Er kam sogar in das Kabinett des scheidenden Premierministers Viktor Orb\u00e1n.<\/h2>\n\n\n\n<p>Neben seinen operativen Aufgaben trug Porkol\u00e1b zur Verteidigungsstrategie und Innovation bei. Er leitete Initiativen zur Modernisierung des Milit\u00e4rs und war 2022 kurzzeitig Ministerialbeauftragter f\u00fcr Innovation im Verteidigungsbereich. Nach seiner vorzeitigen Entlassung aus dieser Funktion ohne \u00f6ffentliche Erkl\u00e4rung setzte der Soldat seine Arbeit als Berater im Kabinettsb\u00fcro des Premierministers fort.<\/p>\n\n\n\n<p class=\"has-palette-color-1-color has-aqua-splash-gradient-background has-text-color has-background has-link-color wp-elements-6d707d4ff0502b9f31f4fced2c52d0b3\"><strong>PM <a href=\"https:\/\/dailynewshungary.com\/de\/pm-orbans-only-son-wants-to-leave-the-hungarian-defence-forces-as-father-loses-power\/\/\">Orb\u00e1ns einziger Sohn will die ungarischen Verteidigungsstreitkr\u00e4fte verlassen<\/a>, da sein Vater die Macht verliert<\/strong><\/p>\n\n\n\n<h2 class=\"wp-block-heading\">Er ist nicht der Einzige, aber es ist seltsam, dass es zweimal passiert ist<\/h2>\n\n\n\n<p>Zu seinen akademischen Referenzen geh\u00f6ren eine Ausbildung als F\u00fchrungskraft an der Harvard University und Studien \u00fcber organisatorische Innovation an der Stanford University. Er hat auch B\u00fccher \u00fcber Milit\u00e4rstrategie geschrieben und war in der F\u00fchrungsausbildung t\u00e4tig. Porkol\u00e1bs Abgang f\u00e4llt mit dem von Generalleutnant J\u00f3zsef Kov\u00e1cs zusammen, einem ehemaligen Chef des ungarischen Milit\u00e4rgeheimdienstes, der ebenfalls im gegenseitigen Einvernehmen aus dem Dienst ausgeschieden ist.<\/p>\n\n\n\n<p class=\"has-palette-color-1-color has-aqua-splash-gradient-background has-text-color has-background has-link-color wp-elements-3b916c2122c25c84e379e2674bf0535d\"><strong>Der scheidende Au\u00dfenminister <a href=\"https:\/\/dailynewshungary.com\/de\/der-scheidende-ausenminister-peter-szijjarto-ist-sehr-krank-was-wir-bisher-wissen\/\/\">P\u00e9ter Szijj\u00e1rt\u00f3 hat sich zu seiner schweren Krankheit sehr bedeckt gehalten<\/a>: Was wir bisher wissen<\/strong><\/p>\n\n\n\n<p><em>Gekennzeichnetes Bild: <a href=\"https:\/\/www.facebook.com\/PorkolabImre1\/posts\/pfbid02zXN29N6hZteqgeH2mkjr7FFDkRt5ErKwgvPVBZTPMAdC6bbGfYECvAH1p7WeQznWl\" target=\"_blank\" rel=\"noopener\">Porkol\u00e1b Imre\/Facebook<\/a><\/em><\/p>\n","protected":false},"excerpt":{"rendered":"<p>Ungarn hat einen seiner angesehensten Soldaten verloren: Brigadegeneral Imre Porkol\u00e1b hat seinen Dienst in gegenseitigem Einvernehmen beendet. Dies geht aus einem Dekret hervor, das am Donnerstagabend in der offiziellen Magyar K\u00f6zl\u00f6ny (Ungarisches Staatsblatt) ver\u00f6ffentlicht wurde. Ungarischer General beendet Milit\u00e4rdienst w\u00e4hrend der Gefahrensituation der scheidenden Regierung Mit dieser Entscheidung, die vom Pr\u00e4sidenten auf Empfehlung von Verteidigungsminister [&hellip;]<\/p>\n","protected":false},"author":91,"featured_media":787141,"comment_status":"open","ping_status":"open","sticky":false,"template":"","format":"standard","meta":{"_acf_changed":false,"_display_image":"yes","footnotes":""},"categories":[4396],"tags":[3471,4372,1091,1066,3306,4687],"class_list":["post-787140","post","type-post","status-publish","format-standard","has-post-thumbnail","hentry","category-ungarisch","tag-army","tag-category-politics","tag-fidesz","tag-hungary","tag-military","tag-orban-government"],"blocksy_meta":[],"acf":[],"author_username":"api","telegram_post":"","public_post_metadata":{"breaking_news":"yes","important":"no","csempe":"yes","center_tile":"no","disable_thumbnail":"no","target_lang":"","_featured_image_style":"hidden","telegram_post":"","_xlat_group_id":"d9237211-7a11-47a9-a3a3-3666718ab04a"},"public_rank_math_data":{"title":"%title% %sep% %sitename%","description":"","focus_keyword":"soldat","canonical_url":"","robots":"","primary_category":"4396","breadcrumb_title":"","facebook_title":"","facebook_description":"","facebook_image":"","facebook_image_id":"","twitter_title":"","twitter_description":"","twitter_image":"","twitter_image_id":"","twitter_card_type":"","twitter_use_facebook":"","advanced_robots":"","pillar_content":"","seo_score":"80","contentai_score":"","rich_snippet":""},"_links":{"self":[{"href":"https:\/\/dailynewshungary.com\/de\/wp-json\/wp\/v2\/posts\/787140","targetHints":{"allow":["GET"]}}],"collection":[{"href":"https:\/\/dailynewshungary.com\/de\/wp-json\/wp\/v2\/posts"}],"about":[{"href":"https:\/\/dailynewshungary.com\/de\/wp-json\/wp\/v2\/types\/post"}],"author":[{"embeddable":true,"href":"https:\/\/dailynewshungary.com\/de\/wp-json\/wp\/v2\/users\/91"}],"replies":[{"embeddable":true,"href":"https:\/\/dailynewshungary.com\/de\/wp-json\/wp\/v2\/comments?post=787140"}],"version-history":[{"count":0,"href":"https:\/\/dailynewshungary.com\/de\/wp-json\/wp\/v2\/posts\/787140\/revisions"}],"wp:featuredmedia":[{"embeddable":true,"href":"https:\/\/dailynewshungary.com\/de\/wp-json\/wp\/v2\/media\/787141"}],"wp:attachment":[{"href":"https:\/\/dailynewshungary.com\/de\/wp-json\/wp\/v2\/media?parent=787140"}],"wp:term":[{"taxonomy":"category","embeddable":true,"href":"https:\/\/dailynewshungary.com\/de\/wp-json\/wp\/v2\/categories?post=787140"},{"taxonomy":"post_tag","embeddable":true,"href":"https:\/\/dailynewshungary.com\/de\/wp-json\/wp\/v2\/tags?post=787140"}],"curies":[{"name":"wp","href":"https:\/\/api.w.org\/{rel}","templated":true}]}}