{"id":787146,"date":"2026-05-01T18:04:00","date_gmt":"2026-05-01T16:04:00","guid":{"rendered":"https:\/\/dailynewshungary.com\/de\/hungarys-election-results-officially-enter-into-force\/"},"modified":"2026-05-01T18:04:00","modified_gmt":"2026-05-01T16:04:00","slug":"hungarys-election-results-officially-enter-into-force","status":"publish","type":"post","link":"https:\/\/dailynewshungary.com\/de\/hungarys-election-results-officially-enter-into-force\/","title":{"rendered":"Hungary\u2019s election results officially enter into force"},"content":{"rendered":"<p><strong>Die Ergebnisse der Parlamentswahlen vom 12. April sind nun endg\u00fcltig und am Freitag in Kraft getreten.<\/strong><\/p>\n\n\n\n<h2 class=\"wp-block-heading\">Ungarns Wahlergebnisse sind nun offiziell<\/h2>\n\n\n\n<p>Die Ergebnisse der einzelnen Wahlkreise der Parlamentswahlen vom 12. April wurden am Mittwoch, den 29. April, \u00fcberall rechtskr\u00e4ftig und der Nationale Wahlausschuss (Nemzeti V\u00e1laszt\u00e1si Bizotts\u00e1g, NVB) stellte am selben Tag die Ergebnisse der Landeslisten fest.<\/p>\n\n\n\n<p>Gegen die Entscheidung der NVB konnte innerhalb eines Tages Einspruch eingelegt werden. Die beiden eingereichten Einspr\u00fcche wurden bis Freitag von der Kuria (Oberstes Gericht) entschieden und zur\u00fcckgewiesen. Einer der Einspr\u00fcche wurde vom Parteivorsitzenden der Partei Unsere Heimat, Laszlo Toroczkai, eingereicht, der eine \u00c4nderung der Entscheidung der NVB wegen eines Versto\u00dfes gegen die Regeln zur Ermittlung der Wahlergebnisse forderte.<\/p>\n\n\n\n<p>Toroczkai sagte, er habe seine W\u00e4hler auf Facebook und Instagram nicht erreichen k\u00f6nnen, weil der Dienstanbieter Meta Platforms Ireland Limited den Zugang zu seinem Konto gesperrt und seine Seiten vor der Wahlperiode gel\u00f6scht habe. Er behauptete, dies versto\u00dfe gegen das Grundprinzip der Rechtsstaatlichkeit, zu dem auch der Grundsatz fairer demokratischer Wahlen geh\u00f6rt.<\/p>\n\n\n\n<h2 class=\"wp-block-heading\">Kuria lehnte beide Einspr\u00fcche ab<\/h2>\n\n\n\n<p>Die Kuria entschied, dass die Berufung unbegr\u00fcndet sei. Die Entscheidung der NVB, das Ergebnis der nationalen Liste festzustellen, kann nur mit der Begr\u00fcndung angefochten werden, dass die NVB bei der Zusammenrechnung der Stimmen, der Bruchteile von Stimmen und der Teilergebnisse rechtswidrig gehandelt und die Regeln des Relevenats nicht eingehalten hat.<\/p>\n\n\n\n<p>Kuria sagte, dass der angebliche Versto\u00df nicht mit dem Prozess der Ermittlung des Ergebnisses, sondern mit den Wahlkampfaktivit\u00e4ten vor der Wahl zusammenh\u00e4ngt und daher nicht im Rahmen der Beschwerde gegen die Entscheidung der NVB gepr\u00fcft werden kann.<\/p>\n\n\n\n<p class=\"has-palette-color-1-color has-aqua-splash-gradient-background has-text-color has-background has-link-color wp-elements-760419459561ec0d19d269de18560ebe\"><strong>Ungarischer Milliard\u00e4r <a href=\"https:\/\/dailynewshungary.com\/de\/ungarischer-milliardar-behauptet-langjahriger-spender-der-theiss-partei-zu-sein-partei-sagt-er-habe-nur-wenige-tage-vor-den-wahlen-gespendet-2\/\/\">behauptet, langj\u00e4hriger Spender der Thei\u00df-Partei zu sein<\/a>: Partei sagt, er habe erst wenige Tage vor den Wahlen gespendet<\/strong><\/p>\n\n\n\n<p><em>Gekennzeichnetes Bild: <a href=\"https:\/\/www.aa.com.tr\/en\" target=\"_blank\" rel=\"noopener\">Anadolu Agentur<\/a><\/em><\/p>\n","protected":false},"excerpt":{"rendered":"<p>Die Ergebnisse der Parlamentswahlen vom 12. April sind nun endg\u00fcltig und am Freitag in Kraft getreten. Ungarns Wahlergebnisse sind nun offiziell Die Ergebnisse der einzelnen Wahlkreise der Parlamentswahlen vom 12. April wurden am Mittwoch, den 29. April, \u00fcberall rechtskr\u00e4ftig und der Nationale Wahlausschuss (Nemzeti V\u00e1laszt\u00e1si Bizotts\u00e1g, NVB) stellte am selben Tag die Ergebnisse der Landeslisten [&hellip;]<\/p>\n","protected":false},"author":91,"featured_media":787147,"comment_status":"open","ping_status":"open","sticky":false,"template":"","format":"standard","meta":{"_acf_changed":false,"_display_image":"yes","footnotes":""},"categories":[4394],"tags":[4500,4372,4217,4380,1091,1066,4673,4675,1128],"class_list":["post-787146","post","type-post","status-publish","format-standard","has-post-thumbnail","hentry","category-hungary","tag-category-hungarian-politics","tag-category-politics","tag-election","tag-elections","tag-fidesz","tag-hungary","tag-peter-magyar","tag-tisza-party","tag-viktor-orban"],"blocksy_meta":[],"acf":[],"author_username":"api","telegram_post":"","public_post_metadata":{"breaking_news":"yes","important":"no","csempe":"yes","center_tile":"no","disable_thumbnail":"no","target_lang":"","_featured_image_style":"hidden","telegram_post":"","_xlat_group_id":"058ee8e8-8970-450e-93eb-f3e45076f9ea"},"public_rank_math_data":{"title":"%title% %sep% %sitename%","description":"","focus_keyword":"wahl","canonical_url":"","robots":"","primary_category":"4394","breadcrumb_title":"","facebook_title":"","facebook_description":"","facebook_image":"","facebook_image_id":"","twitter_title":"","twitter_description":"","twitter_image":"","twitter_image_id":"","twitter_card_type":"","twitter_use_facebook":"","advanced_robots":"","pillar_content":"","seo_score":"79","contentai_score":"","rich_snippet":""},"_links":{"self":[{"href":"https:\/\/dailynewshungary.com\/de\/wp-json\/wp\/v2\/posts\/787146","targetHints":{"allow":["GET"]}}],"collection":[{"href":"https:\/\/dailynewshungary.com\/de\/wp-json\/wp\/v2\/posts"}],"about":[{"href":"https:\/\/dailynewshungary.com\/de\/wp-json\/wp\/v2\/types\/post"}],"author":[{"embeddable":true,"href":"https:\/\/dailynewshungary.com\/de\/wp-json\/wp\/v2\/users\/91"}],"replies":[{"embeddable":true,"href":"https:\/\/dailynewshungary.com\/de\/wp-json\/wp\/v2\/comments?post=787146"}],"version-history":[{"count":0,"href":"https:\/\/dailynewshungary.com\/de\/wp-json\/wp\/v2\/posts\/787146\/revisions"}],"wp:featuredmedia":[{"embeddable":true,"href":"https:\/\/dailynewshungary.com\/de\/wp-json\/wp\/v2\/media\/787147"}],"wp:attachment":[{"href":"https:\/\/dailynewshungary.com\/de\/wp-json\/wp\/v2\/media?parent=787146"}],"wp:term":[{"taxonomy":"category","embeddable":true,"href":"https:\/\/dailynewshungary.com\/de\/wp-json\/wp\/v2\/categories?post=787146"},{"taxonomy":"post_tag","embeddable":true,"href":"https:\/\/dailynewshungary.com\/de\/wp-json\/wp\/v2\/tags?post=787146"}],"curies":[{"name":"wp","href":"https:\/\/api.w.org\/{rel}","templated":true}]}}