{"id":787148,"date":"2026-05-01T20:04:00","date_gmt":"2026-05-01T18:04:00","guid":{"rendered":"https:\/\/dailynewshungary.com\/de\/die-wichtigsten-nachrichten-aus-ungarn-magyars-regierung-steht-fest-wahlergebnisse-treten-in-kraft-mann-springt-von-budapester-wolkenkratzer-1-mai-2026\/"},"modified":"2026-05-01T20:04:00","modified_gmt":"2026-05-01T18:04:00","slug":"die-wichtigsten-nachrichten-aus-ungarn-magyars-regierung-steht-fest-wahlergebnisse-treten-in-kraft-mann-springt-von-budapester-wolkenkratzer-1-mai-2026","status":"publish","type":"post","link":"https:\/\/dailynewshungary.com\/de\/die-wichtigsten-nachrichten-aus-ungarn-magyars-regierung-steht-fest-wahlergebnisse-treten-in-kraft-mann-springt-von-budapester-wolkenkratzer-1-mai-2026\/","title":{"rendered":"Die wichtigsten Nachrichten aus Ungarn: Magyars Regierung steht fest, Wahlergebnisse treten in Kraft, Mann springt von Budapester Wolkenkratzer \u2013 1. Mai 2026"},"content":{"rendered":"<p><strong>Der neue Premierminister P\u00e9ter Magyar hat die letzten beiden Minister bekannt gegeben, die Ergebnisse der Wahlen vom 12. April treten am Freitag offiziell in Kraft und einer der erfolgreichsten Soldaten Ungarns beendet trotz des anhaltenden Ausnahmezustands seinen Milit\u00e4rdienst.<\/strong><\/p>\n\n\n\n<h2 class=\"wp-block-heading\">Top Ungarn Nachrichten:<\/h2>\n\n\n\n<p>Breaking: Der neue Premierminister Magyar hat die letzten 2 Minister ernannt, die <a href=\"https:\/\/dailynewshungary.com\/de\/breaking-der-neue-premierminister-magyar-hat-die-letzten-2-minister-bekannt-gegeben-die-regierungsbesetzung-steht-fest\/\/\">Regierungsbesetzung steht fest<\/a><\/p>\n\n\n\n<h2 class=\"wp-block-heading\">Budapest:<\/h2>\n\n\n\n<ul class=\"wp-block-list\">\n<li><a href=\"https:\/\/dailynewshungary.com\/de\/cova-budapest-eroffnet-im-matild-palace-den-ersten-standort-in-ungarn\/\/\">Cova Budapest er\u00f6ffnet im Matild Palace den<\/a> ersten Standort in Ungarn<\/li>\n\n\n\n<li>Wahnsinn: <a href=\"https:\/\/dailynewshungary.com\/de\/wahnsinn-mann-sprang-mit-fallschirm-von-budapests-hochstem-gebaude\/\/\">Mann sprang<\/a> mit Fallschirm <a href=\"https:\/\/dailynewshungary.com\/de\/wahnsinn-mann-sprang-mit-fallschirm-von-budapests-hochstem-gebaude\/\/\">von Budapests h\u00f6chstem Geb\u00e4ude<\/a> <\/li>\n<\/ul>\n\n\n\n<h2 class=\"wp-block-heading\">Politik:<\/h2>\n\n\n\n<ul class=\"wp-block-list\">\n<li>Ungarischer <a href=\"https:\/\/dailynewshungary.com\/de\/ungarischer-milliardar-behauptet-langjahriger-spender-der-theiss-partei-zu-sein-partei-sagt-er-habe-nur-wenige-tage-vor-den-wahlen-gespendet-2\/\/\">Milliard\u00e4r behauptet, langj\u00e4hriger Spender der Thei\u00df-Partei zu sein<\/a>: Partei sagt, er habe erst wenige Tage vor den Wahlen gespendet<\/li>\n\n\n\n<li>Ungarns <a href=\"https:\/\/dailynewshungary.com\/de\/hungarys-election-results-officially-enter-into-force\/\/\">Wahlergebnisse treten offiziell in Kraft<\/a><\/li>\n\n\n\n<li>Einer der rangh\u00f6chsten Soldaten Ungarns <a href=\"https:\/\/dailynewshungary.com\/de\/einer-der-ranghochsten-soldaten-ungarns-beendet-trotz-gefahrenzustand-den-militardienst\/\/\">beendet Milit\u00e4rdienst trotz Gefahrensituation<\/a><\/li>\n<\/ul>\n\n\n\n<h2 class=\"wp-block-heading\">Reisen:<\/h2>\n\n\n\n<ul class=\"wp-block-list\">\n<li>K\u00f6nnten h\u00f6here Treibstoffkosten die Ticketpreise in die H\u00f6he treiben? <a href=\"https:\/\/dailynewshungary.com\/de\/konnten-hohere-treibstoffkosten-die-ticketpreise-in-die-hohe-treiben-der-ceo-von-wizz-air-ausert-sich-zur-treibstoffkrise\/\/\">Wizz Air CEO \u00e4u\u00dfert sich zur Treibstoffkrise<\/a><\/li>\n\n\n\n<li>Ungarn und Kroatien sind sich n\u00e4her denn je: Was gibt es Neues f\u00fcr den kroatischen Tourismus im Jahr 2026?<\/li>\n<\/ul>\n\n\n\n<p>Lesen Sie weitere <a href=\"https:\/\/dailynewshungary.com\/\">Ungarn-Nachrichten<\/a> auf unserer Homepage.<\/p>\n\n\n\n<p><em>Gekennzeichnetes Bild: <a href=\"https:\/\/www.facebook.com\/photo?fbid=26833174756290285&amp;set=a.115525025148621&amp;locale=hu_HU\" target=\"_blank\" rel=\"noopener\">P\u00e9ter Magyar\/Facebook<\/a><\/em><\/p>\n","protected":false},"excerpt":{"rendered":"<p>Der neue Premierminister P\u00e9ter Magyar hat die letzten beiden Minister bekannt gegeben, die Ergebnisse der Wahlen vom 12. April treten am Freitag offiziell in Kraft und einer der erfolgreichsten Soldaten Ungarns beendet trotz des anhaltenden Ausnahmezustands seinen Milit\u00e4rdienst. Top Ungarn Nachrichten: Breaking: Der neue Premierminister Magyar hat die letzten 2 Minister ernannt, die Regierungsbesetzung steht [&hellip;]<\/p>\n","protected":false},"author":91,"featured_media":787149,"comment_status":"open","ping_status":"open","sticky":false,"template":"","format":"standard","meta":{"_acf_changed":false,"_display_image":"yes","footnotes":""},"categories":[4571],"tags":[4539,1066],"class_list":["post-787148","post","type-post","status-publish","format-standard","has-post-thumbnail","hentry","category-flash","tag-category-quick-news","tag-hungary"],"blocksy_meta":[],"acf":[],"author_username":"api","telegram_post":"","public_post_metadata":{"breaking_news":"yes","important":"no","csempe":"no","center_tile":"no","disable_thumbnail":"no","target_lang":"","_featured_image_style":"hidden","telegram_post":"","_xlat_group_id":"6373f4df-fc5d-4dc2-91a5-406eeda987a6"},"public_rank_math_data":{"title":"%title% %sep% %sitename%","description":"","focus_keyword":"ungarnnachrichten","canonical_url":"","robots":"","primary_category":"4571","breadcrumb_title":"","facebook_title":"","facebook_description":"","facebook_image":"","facebook_image_id":"","twitter_title":"","twitter_description":"","twitter_image":"","twitter_image_id":"","twitter_card_type":"","twitter_use_facebook":"","advanced_robots":"","pillar_content":"","seo_score":"79","contentai_score":"","rich_snippet":""},"_links":{"self":[{"href":"https:\/\/dailynewshungary.com\/de\/wp-json\/wp\/v2\/posts\/787148","targetHints":{"allow":["GET"]}}],"collection":[{"href":"https:\/\/dailynewshungary.com\/de\/wp-json\/wp\/v2\/posts"}],"about":[{"href":"https:\/\/dailynewshungary.com\/de\/wp-json\/wp\/v2\/types\/post"}],"author":[{"embeddable":true,"href":"https:\/\/dailynewshungary.com\/de\/wp-json\/wp\/v2\/users\/91"}],"replies":[{"embeddable":true,"href":"https:\/\/dailynewshungary.com\/de\/wp-json\/wp\/v2\/comments?post=787148"}],"version-history":[{"count":0,"href":"https:\/\/dailynewshungary.com\/de\/wp-json\/wp\/v2\/posts\/787148\/revisions"}],"wp:featuredmedia":[{"embeddable":true,"href":"https:\/\/dailynewshungary.com\/de\/wp-json\/wp\/v2\/media\/787149"}],"wp:attachment":[{"href":"https:\/\/dailynewshungary.com\/de\/wp-json\/wp\/v2\/media?parent=787148"}],"wp:term":[{"taxonomy":"category","embeddable":true,"href":"https:\/\/dailynewshungary.com\/de\/wp-json\/wp\/v2\/categories?post=787148"},{"taxonomy":"post_tag","embeddable":true,"href":"https:\/\/dailynewshungary.com\/de\/wp-json\/wp\/v2\/tags?post=787148"}],"curies":[{"name":"wp","href":"https:\/\/api.w.org\/{rel}","templated":true}]}}