{"id":791934,"date":"2026-08-29T09:04:00","date_gmt":"2026-08-29T07:04:00","guid":{"rendered":"https:\/\/dailynewshungary.com\/de\/die-durre-in-ungarn-hat-ein-weiteres-kraftwerk-lahmgelegt\/"},"modified":"2026-08-29T09:04:00","modified_gmt":"2026-08-29T07:04:00","slug":"die-durre-in-ungarn-hat-ein-weiteres-kraftwerk-lahmgelegt","status":"publish","type":"post","link":"https:\/\/dailynewshungary.com\/de\/die-durre-in-ungarn-hat-ein-weiteres-kraftwerk-lahmgelegt\/","title":{"rendered":"Die D\u00fcrre in Ungarn hat ein weiteres Kraftwerk lahmgelegt"},"content":{"rendered":"\n<p class=\"wp-block-paragraph\"><strong>Das ungarische Wasserkraftwerk Tiszal\u00f6k hat die Stromerzeugung aufgrund au\u00dfergew\u00f6hnlich niedriger Wasserst\u00e4nde an der Tisza eingestellt, w\u00e4hrend die Region von einer schweren D\u00fcrre heimgesucht wird.<\/strong><\/p>\n\n\n\n<p class=\"wp-block-paragraph\">\u00dcber die Stilllegung berichtete <a href=\"https:\/\/www.facebook.com\/tisza.szabolcsszatmarberegmegye.02oevk\/posts\/pfbid02haDGwTnW9hfVSDCj3M11kxdQcwReRttD3mE7NaLLQs2wuqRc2NL37QdBXyYRUr3sl\" target=\"_blank\" rel=\"noopener\">P\u00e9ter Lajos Szak\u00e1cs<\/a>, ein Abgeordneter der Tisza-Partei f\u00fcr den Wahlkreis, der betonte, dass die Hauptaufgabe der Anlage in der Regulierung des Wasserflusses bestehe, w\u00e4hrend die Stromerzeugung eine untergeordnete Rolle spiele.<\/p>\n\n\n\n<p class=\"wp-block-paragraph\">Trotz der Stilllegung sei die Stromversorgung von Tiszal\u00f6k und der Umgebung weiterhin gesichert, w\u00e4hrend das Kernkraftwerk Paks mit voller Kapazit\u00e4t arbeite, sagte er.<\/p>\n\n\n\n<iframe loading=\"lazy\" src=\"https:\/\/www.facebook.com\/plugins\/post.php?href=https%3A%2F%2Fwww.facebook.com%2Ftisza.szabolcsszatmarberegmegye.02oevk%2Fposts%2Fpfbid02haDGwTnW9hfVSDCj3M11kxdQcwReRttD3mE7NaLLQs2wuqRc2NL37QdBXyYRUr3sl&#038;show_text=true&#038;width=500\" width=\"500\" height=\"620\" style=\"border:none;overflow:hidden\" scrolling=\"no\" frameborder=\"0\" allowfullscreen=\"true\" allow=\"autoplay; clipboard-write; encrypted-media; picture-in-picture; web-share\"><\/iframe>\n\n\n\n<h2 class=\"wp-block-heading\">Wasserst\u00e4nde zu niedrig f\u00fcr Wasserkraft<\/h2>\n\n\n\n<p class=\"wp-block-paragraph\">Unter normalen Bedingungen verf\u00fcgt das Kraftwerk Tiszal\u00f6k \u00fcber eine Erzeugungskapazit\u00e4t von 12,9 Megawatt, was etwa 0,65 Prozent der Gesamtkapazit\u00e4t des Kernkraftwerks Paks entspricht.<\/p>\n\n\n\n<p class=\"wp-block-paragraph\">Der niedrige Wasserstand der Tisza hatte jedoch bereits in den vergangenen Wochen verhindert, dass das Kraftwerk seine normale Leistung erreichen konnte. Nach Angaben der <a href=\"https:\/\/www.facebook.com\/EMVIZIG\/posts\/pfbid02FsAc5CkRHHdjqK7byWySscaA9VtEE24VP7bbKbu2a5j5LvNoRkRV58RjYYNyZXdMl\" target=\"_blank\" rel=\"noopener\">Nordungarischen Wasserwirtschaftsbeh\u00f6rde<\/a> (\u00c9MVIZIG) reichen weder der aktuelle Wasserstand noch die Durchflussmenge aus, um den Betrieb des Wasserkraftwerks zu gew\u00e4hrleisten.<\/p>\n\n\n\n<p class=\"wp-block-paragraph\">Die Wasserregulierung am Tisza-Wehr in Tisza-L\u00f6k wird weiterhin \u00fcber ein einziges Tor fortgesetzt, das noch in Betrieb ist.<\/p>\n\n\n\n<p class=\"has-text-align-center has-black-color has-electric-grass-gradient-background has-text-color has-background has-link-color wp-elements-1 wp-block-paragraph\"><strong>Leben, arbeiten oder gesch\u00e4ftlich t\u00e4tig sein in Ungarn?<\/strong><br>Erleichtern Sie sich das Leben mit professioneller Unterst\u00fctzung auf Englisch. Entdecken Sie <strong><a href=\"https:\/\/dailynewshungary.com\/services-in-english\/\" target=\"_blank\" rel=\"noopener\">die Dienstleistungen von Daily News Hungary auf Englisch<\/a><\/strong> und finden Sie die Hilfe, die Sie ben\u00f6tigen.<\/p>\n\n\n\n<h2 class=\"wp-block-heading\">Das Einzugsgebiet der Tisza erh\u00e4lt nur ein Viertel der \u00fcblichen Wassermenge<\/h2>\n\n\n\n<p class=\"wp-block-paragraph\">Das Ausma\u00df der Wasserknappheit zeigt sich in der Wassermenge, die aus dem Einzugsgebiet in die Tisza gelangt. Das Einzugsgebiet hat in diesem Jahr nur etwa ein Viertel seines \u00fcblichen Wasservolumens erhalten.<\/p>\n\n\n\n<p class=\"wp-block-paragraph\">Weiter flussabw\u00e4rts hat der Tisza-See \u2013 ein k\u00fcnstlicher Stausee, der nach dem Bau des Kisk\u00f6re-Staudamms entstanden ist \u2013 infolgedessen nahezu seine gesamten nutzbaren Wasserreserven verloren. Sein Wasserstand ist auf 610 Zentimeter gesunken.<\/p>\n\n\n\n<p class=\"has-black-color has-very-light-gray-to-cyan-bluish-gray-gradient-background has-text-color has-background has-link-color wp-elements-2 wp-block-paragraph\"><strong>Bleiben Sie auf dem Laufenden: <a href=\"https:\/\/dailynewshungary.com\/de\/russland-droht-mit-der-einstellung-der-ol-und-gaslieferungen-an-ungarn-nachdem-budapest-moskau-als-sicherheitsbedrohung-eingestuft-hat\/\/\">Russland droht mit der Einstellung der \u00d6l- und Gaslieferungen an Ungarn, nachdem Budapest Moskau als Sicherheitsbedrohung eingestuft hat<\/a><\/strong><\/p>\n\n\n\n<h2 class=\"wp-block-heading\">Beh\u00f6rden leiten Wasser in von D\u00fcrre betroffene Gebiete um<\/h2>\n\n\n\n<p class=\"wp-block-paragraph\">Aufgrund der au\u00dfergew\u00f6hnlichen D\u00fcrre begann \u00c9MVIZIG am 27. August damit, den Wasserstand stromaufw\u00e4rts am Tiszal\u00f6k-Staudamm zu senken. Zuvor war der Pegel so hoch wie m\u00f6glich angehoben worden, um Wasser zur\u00fcckzuhalten.<\/p>\n\n\n\n<p class=\"wp-block-paragraph\">In der kommenden Woche wird erwartet, dass der Wasserstand in Tiszal\u00f6k von derzeit 420 Zentimetern um 20 Zentimeter sinken wird. Das abgelassene Wasser wird zus\u00e4tzliche Wasservorr\u00e4te f\u00fcr den Tisza-See, den \u00d6stlichen Hauptkanal und das K\u00f6r\u00f6s-Tal bereitstellen, wo ebenfalls ein akuter Wassermangel herrscht.<\/p>\n\n\n\n<p class=\"wp-block-paragraph\">Ein Ziel besteht darin, den Wasserstand bei Kisk\u00f6re-Fels\u0151 so lange wie m\u00f6glich \u00fcber 610 Zentimeter zu halten und damit die Wasserreserven des Tisza-Sees zu st\u00fctzen. Ein weiteres Ziel ist es, zuvor gespeichertes Wasser in den Osthauptkanal zu leiten.<\/p>\n\n\n\n<p class=\"has-black-color has-very-light-gray-to-cyan-bluish-gray-gradient-background has-text-color has-background has-link-color wp-elements-3 wp-block-paragraph\"><strong>Lesen Sie auch: <a href=\"https:\/\/dailynewshungary.com\/de\/ministerprasident-magyar-kernkraftwerk-paks-wieder-mit-drei-turbinen-in-betrieb-2\/\/\">Ministerpr\u00e4sident Magyar k\u00fcndigt die R\u00fcckkehr des Kernkraftwerks Paks zu drei Turbinen an<\/a><\/strong><\/p>\n","protected":false},"excerpt":{"rendered":"<p>Das ungarische Wasserkraftwerk Tiszal\u00f6k hat die Stromerzeugung aufgrund au\u00dfergew\u00f6hnlich niedriger Wasserst\u00e4nde an der Tisza eingestellt, w\u00e4hrend die Region von einer schweren D\u00fcrre heimgesucht wird. \u00dcber die Stilllegung berichtete P\u00e9ter Lajos Szak\u00e1cs, ein Abgeordneter der Tisza-Partei f\u00fcr den Wahlkreis, der betonte, dass die Hauptaufgabe der Anlage in der Regulierung des Wasserflusses bestehe, w\u00e4hrend die Stromerzeugung eine [&hellip;]<\/p>\n","protected":false},"author":91,"featured_media":791935,"comment_status":"open","ping_status":"open","sticky":false,"template":"","format":"standard","meta":{"_acf_changed":false,"_display_image":"","footnotes":"","_members_access_role":[],"_members_access_error":""},"categories":[4453],"tags":[1227,1555,4915,4892,1076],"class_list":["post-791934","post","type-post","status-publish","format-standard","has-post-thumbnail","hentry","category-wirtschaft","tag-energiekrise-in-ungarn","tag-erneuerbare-energien","tag-fluss-tisza-2","tag-kategorie-energie-in-ungarn-2","tag-ungarn"],"blocksy_meta":[],"acf":[],"author_username":"api","telegram_post":"","public_post_metadata":{"breaking_news":"yes","important":"no","csempe":"yes","center_tile":"no","disable_thumbnail":"no","target_lang":"","_featured_image_style":"","telegram_post":"","_xlat_group_id":"50a0f53f-f439-4e72-95c1-09fc7f306935"},"public_rank_math_data":{"title":"%title% %sep% %sitename%","description":"","focus_keyword":"Kraftwerk","canonical_url":"","robots":"","primary_category":"4453","breadcrumb_title":"","facebook_title":"","facebook_description":"","facebook_image":"","facebook_image_id":"","twitter_title":"","twitter_description":"","twitter_image":"","twitter_image_id":"","twitter_card_type":"","twitter_use_facebook":"","advanced_robots":"","pillar_content":"","seo_score":"77","contentai_score":"","rich_snippet":""},"_links":{"self":[{"href":"https:\/\/dailynewshungary.com\/de\/wp-json\/wp\/v2\/posts\/791934","targetHints":{"allow":["GET"]}}],"collection":[{"href":"https:\/\/dailynewshungary.com\/de\/wp-json\/wp\/v2\/posts"}],"about":[{"href":"https:\/\/dailynewshungary.com\/de\/wp-json\/wp\/v2\/types\/post"}],"author":[{"embeddable":true,"href":"https:\/\/dailynewshungary.com\/de\/wp-json\/wp\/v2\/users\/91"}],"replies":[{"embeddable":true,"href":"https:\/\/dailynewshungary.com\/de\/wp-json\/wp\/v2\/comments?post=791934"}],"version-history":[{"count":0,"href":"https:\/\/dailynewshungary.com\/de\/wp-json\/wp\/v2\/posts\/791934\/revisions"}],"wp:featuredmedia":[{"embeddable":true,"href":"https:\/\/dailynewshungary.com\/de\/wp-json\/wp\/v2\/media\/791935"}],"wp:attachment":[{"href":"https:\/\/dailynewshungary.com\/de\/wp-json\/wp\/v2\/media?parent=791934"}],"wp:term":[{"taxonomy":"category","embeddable":true,"href":"https:\/\/dailynewshungary.com\/de\/wp-json\/wp\/v2\/categories?post=791934"},{"taxonomy":"post_tag","embeddable":true,"href":"https:\/\/dailynewshungary.com\/de\/wp-json\/wp\/v2\/tags?post=791934"}],"curies":[{"name":"wp","href":"https:\/\/api.w.org\/{rel}","templated":true}]}}