{"id":791972,"date":"2026-08-31T04:34:00","date_gmt":"2026-08-31T02:34:00","guid":{"rendered":"https:\/\/dailynewshungary.com\/de\/olympiasieger-im-fechten-gibt-an-ungarn-habe-ihm-seinen-diplomatenpass-entzogen-und-die-geplante-ernennung-zum-botschafter-in-havanna-ruckgangig-gemacht\/"},"modified":"2026-08-31T04:34:00","modified_gmt":"2026-08-31T02:34:00","slug":"olympiasieger-im-fechten-gibt-an-ungarn-habe-ihm-seinen-diplomatenpass-entzogen-und-die-geplante-ernennung-zum-botschafter-in-havanna-ruckgangig-gemacht","status":"publish","type":"post","link":"https:\/\/dailynewshungary.com\/de\/olympiasieger-im-fechten-gibt-an-ungarn-habe-ihm-seinen-diplomatenpass-entzogen-und-die-geplante-ernennung-zum-botschafter-in-havanna-ruckgangig-gemacht\/","title":{"rendered":"Olympiasieger im Fechten gibt an, Ungarn habe ihm seinen Diplomatenpass entzogen und die geplante Ernennung zum Botschafter in Havanna r\u00fcckg\u00e4ngig gemacht"},"content":{"rendered":"\n<p class=\"wp-block-paragraph\"><strong>Der zweifache Olympiasieger im Fechten, Bence Szab\u00f3, gibt an, dass Ungarn ihm seinen Diplomatenpass entzogen und ihm mitgeteilt habe, dass er entgegen fr\u00fcheren Pl\u00e4nen nicht zum Botschafter des Landes in Havanna, Kuba, ernannt werde.<\/strong><\/p>\n\n\n\n<p class=\"wp-block-paragraph\">Szab\u00f3, ehemaliger Generalsekret\u00e4r des Ungarischen Olympischen Komitees, <a href=\"https:\/\/index.hu\/belfold\/2026\/08\/30\/szabo-bence-ketszeres-olimpiai-bajnok-nagykovet-kubai-megszegyenites-\/\" target=\"_blank\" rel=\"noopener\">erkl\u00e4rte gegen\u00fcber Index<\/a>, er habe sich jahrelang auf einen diplomatischen Posten vorbereitet und bereits die, wie er es beschreibt, Zustimmung Kubas zu seiner Ernennung erhalten.<\/p>\n\n\n\n<p class=\"wp-block-paragraph\">Das Au\u00dfenministerium lehnte es jedoch ab, sich zu seiner Darstellung zu \u00e4u\u00dfern, und erkl\u00e4rte, Personalentscheidungen w\u00fcrden \u00fcber das ungarische Amtsblatt bekannt gegeben.<\/p>\n\n\n\n<h2 class=\"wp-block-heading\">Von Madrid nach Havanna<\/h2>\n\n\n\n<p class=\"wp-block-paragraph\">Laut Szab\u00f3 begann er im Jahr 2023 seine T\u00e4tigkeit in der Abteilung f\u00fcr Sportdiplomatie des Au\u00dfenministeriums. Anschlie\u00dfend wurde ihm die M\u00f6glichkeit angeboten, Botschafter zu werden, und man legte ihm mehrere potenzielle Posten zur Auswahl vor.<\/p>\n\n\n\n<p class=\"wp-block-paragraph\">Da er Spanisch spricht, entschied sich Szab\u00f3 f\u00fcr Madrid und begann, sich auf diese Aufgabe vorzubereiten. Er berichtet, dass er eine umfassende Ausbildung absolvierte, t\u00e4glich etwa sechs Stunden lernte und die Pr\u00fcfungen sowie Sicherheits\u00fcberpr\u00fcfungen bestand, die f\u00fcr einen Nichtkarrierediplomaten erforderlich sind, um Missionsleiter zu werden.<\/p>\n\n\n\n<p class=\"wp-block-paragraph\">Er ging davon aus, dass er im Jahr 2025 die Leitung der ungarischen Botschaft in Madrid \u00fcbernehmen w\u00fcrde. Der Posten ging jedoch letztendlich an Gy\u00f6rgy Habsburg. Szab\u00f3 berichtet, dass ihm sp\u00e4ter eine Alternative angeboten wurde: die Ernennung zum ungarischen Botschafter in Kuba.<\/p>\n\n\n\n<p class=\"has-text-align-center has-black-color has-electric-grass-gradient-background has-text-color has-background has-link-color wp-elements-1 wp-block-paragraph\"><strong>Leben, arbeiten oder gesch\u00e4ftlich t\u00e4tig sein in Ungarn?<\/strong><br>Erleichtern Sie sich das Leben mit professioneller Unterst\u00fctzung auf Englisch. Entdecken Sie <strong><a href=\"https:\/\/dailynewshungary.com\/services-in-english\/\" target=\"_blank\" rel=\"noopener\">die Dienstleistungen von Daily News Hungary auf Englisch<\/a><\/strong> und finden Sie die Hilfe, die Sie ben\u00f6tigen.<\/p>\n\n\n\n<h2 class=\"wp-block-heading\">Ein parlamentarischer Ausschuss soll seine Nominierung unterst\u00fctzt haben<\/h2>\n\n\n\n<p class=\"wp-block-paragraph\">Szab\u00f3 gibt an, dass er im Rahmen des Nominierungsverfahrens vor dem zust\u00e4ndigen Parlamentsausschuss erschienen sei und sowohl von Regierungs- als auch von Oppositionsmitgliedern einstimmige Unterst\u00fctzung erhalten habe. Er behauptet zudem, dass die ungarische Seite Kuba offiziell \u00fcber seine voraussichtliche Ernennung informiert habe und dass die kubanischen Beh\u00f6rden daraufhin ihre Zustimmung erteilt h\u00e4tten.<\/p>\n\n\n\n<p class=\"wp-block-paragraph\">Seinen Angaben zufolge dauerten die Vorbereitungen f\u00fcr seine Entsendung an, bis er erfuhr, dass das Mandat des derzeitigen ungarischen Botschafters in Havanna, Bal\u00e1zs Heincz, um ein weiteres Jahr verl\u00e4ngert worden war. Dies bedeutete, dass Szab\u00f3 seine T\u00e4tigkeit in Havanna nicht wie urspr\u00fcnglich erwartet aufnehmen konnte.<\/p>\n\n\n\n<h2 class=\"wp-block-heading\">Diplomatenpass zur\u00fcckgegeben<\/h2>\n\n\n\n<p class=\"wp-block-paragraph\">Szab\u00f3 gibt an, daraufhin ein Schreiben erhalten zu haben, in dem er angewiesen wurde, seinen Diplomatenpass zur\u00fcckzugeben. Er behauptet, er habe versucht, Kontakt zu hochrangigen Vertretern des Au\u00dfenministeriums aufzunehmen, um die Situation zu kl\u00e4ren, habe jedoch keine Termine vereinbaren k\u00f6nnen. Er gibt au\u00dferdem an, Au\u00dfenministerin Anita Orb\u00e1n per E-Mail kontaktiert zu haben, jedoch keine Antwort erhalten zu haben.<\/p>\n\n\n\n<p class=\"wp-block-paragraph\">Schlie\u00dflich wurde Szab\u00f3 nach eigenen Angaben ins Au\u00dfenministerium vorgeladen und erhielt dort ein Schreiben, in dem ihm mitgeteilt wurde, dass das Ministerium aufgrund ver\u00e4nderter Umst\u00e4nde seine Dienste nicht mehr ben\u00f6tige. Szab\u00f3 beschrieb dies gegen\u00fcber Index als eine faktische Entlassung ohne Begr\u00fcndung. Er gibt an, er habe sich darauf vorbereitet, mit seiner Familie f\u00fcr einen vierj\u00e4hrigen Auslandseinsatz nach Havanna zu ziehen, und habe bereits einen Diplomatenpass erhalten.<\/p>\n\n\n\n<blockquote class=\"wp-block-quote is-layout-flow wp-block-quote-is-layout-flow\">\n<p class=\"has-black-color has-pale-ocean-gradient-background has-text-color has-background has-link-color wp-elements-2 wp-block-paragraph\"><strong>Falls Sie es verpasst haben: <a href=\"https:\/\/dailynewshungary.com\/de\/die-ungarische-ausenministerin-anita-orban-ernennt-neue-botschafter-historiker-fur-paris-und-warschau-ausgewahlt\/\/\">Die ungarische Au\u00dfenministerin Anita Orb\u00e1n ernennt neue Botschafter: Historiker f\u00fcr Paris und Warschau ausgew\u00e4hlt<\/a><\/strong><\/p>\n<\/blockquote>\n\n\n\n<h2 class=\"wp-block-heading\">Au\u00dfenministerium: Personalentscheidungen werden offiziell bekannt gegeben<\/h2>\n\n\n\n<p class=\"wp-block-paragraph\">Das Au\u00dfenministerium wurde von Index zu den Behauptungen von Szab\u00f3 befragt. Das Ministerium erkl\u00e4rte, dass derzeit daran gearbeitet werde, die diplomatischen Vertretungen Ungarns neu zu strukturieren und ein professionelles diplomatisches Korps aufzubauen, das auf hohem fachlichem Niveau arbeite.<\/p>\n\n\n\n<p class=\"wp-block-paragraph\">Es f\u00fcgte hinzu, dass die \u00d6ffentlichkeit \u00fcber \u00c4nderungen und Personalentscheidungen im ungarischen Staatsanzeiger informiert werde. Das Ministerium lehnte es ab, sich konkret zu den im Index-Interview ge\u00e4u\u00dferten Behauptungen zu \u00e4u\u00dfern.<\/p>\n\n\n\n<h2 class=\"wp-block-heading\">Szab\u00f3 verf\u00fcgt \u00fcber umfangreiche internationale Erfahrung im Sportbereich<\/h2>\n\n\n\n<p class=\"wp-block-paragraph\">Szab\u00f3 ist einer der bekanntesten Fechter Ungarns. Er gewann zwei olympische Goldmedaillen und zwei Weltmeistertitel im S\u00e4bel sowie f\u00fcnf Europameistertitel.<\/p>\n\n\n\n<p class=\"wp-block-paragraph\">Seine internationale Erfahrung erstreckt sich zudem \u00fcber die Fechtbahn hinaus. Ab 2007 war er mehrere Jahre lang als technischer Direktor der venezolanischen Fechtnationalmannschaft t\u00e4tig und fungierte von 2012 bis 2016 als Generalsekret\u00e4r des Ungarischen Olympischen Komitees. Von 2016 bis 2021 war er zudem Mitglied des Exekutivkomitees des Internationalen Fechtverbands (FIE).<\/p>\n\n\n\n<p class=\"wp-block-paragraph\">Szab\u00f3 erkl\u00e4rte gegen\u00fcber Index, er habe sich nie als politische Pers\u00f6nlichkeit betrachtet und es sei seine Absicht gewesen, Ungarn zu vertreten und nicht eine bestimmte politische Partei. Bislang hat das Au\u00dfenministerium weder \u00f6ffentlich best\u00e4tigt, dass Szab\u00f3 offiziell zum Botschafter in Kuba ernannt wurde, noch hat es Einzelheiten dar\u00fcber bekannt gegeben, warum die geplante Ernennung aufgegeben wurde.<\/p>\n","protected":false},"excerpt":{"rendered":"<p>Der zweifache Olympiasieger im Fechten, Bence Szab\u00f3, gibt an, dass Ungarn ihm seinen Diplomatenpass entzogen und ihm mitgeteilt habe, dass er entgegen fr\u00fcheren Pl\u00e4nen nicht zum Botschafter des Landes in Havanna, Kuba, ernannt werde. Szab\u00f3, ehemaliger Generalsekret\u00e4r des Ungarischen Olympischen Komitees, erkl\u00e4rte gegen\u00fcber Index, er habe sich jahrelang auf einen diplomatischen Posten vorbereitet und bereits [&hellip;]<\/p>\n","protected":false},"author":62,"featured_media":791973,"comment_status":"open","ping_status":"open","sticky":false,"template":"","format":"standard","meta":{"_acf_changed":false,"_display_image":"","footnotes":"","_members_access_role":[],"_members_access_error":""},"categories":[1081],"tags":[1132,4765,4766,4248,1102,1076],"class_list":["post-791972","post","type-post","status-publish","format-standard","has-post-thumbnail","hentry","category-politik","tag-diplomatie","tag-kategorie-ausenpolitik-2","tag-kategorie-ungarische-politik-2","tag-mittelamerika","tag-ungarische-regierung","tag-ungarn"],"blocksy_meta":[],"acf":[],"author_username":"hmercedesz","telegram_post":"","public_post_metadata":{"breaking_news":"yes","important":"no","csempe":"yes","center_tile":"no","disable_thumbnail":"no","target_lang":"","_featured_image_style":"","telegram_post":"","_xlat_group_id":"bc931ed9-e471-413d-847d-10a4efa44cb3"},"public_rank_math_data":{"title":"%title% %sep% %sitename%","description":"","focus_keyword":"havana","canonical_url":"","robots":"","primary_category":"1081","breadcrumb_title":"","facebook_title":"","facebook_description":"","facebook_image":"","facebook_image_id":"","twitter_title":"","twitter_description":"","twitter_image":"","twitter_image_id":"","twitter_card_type":"","twitter_use_facebook":"","advanced_robots":"","pillar_content":"","seo_score":"72","contentai_score":"","rich_snippet":""},"_links":{"self":[{"href":"https:\/\/dailynewshungary.com\/de\/wp-json\/wp\/v2\/posts\/791972","targetHints":{"allow":["GET"]}}],"collection":[{"href":"https:\/\/dailynewshungary.com\/de\/wp-json\/wp\/v2\/posts"}],"about":[{"href":"https:\/\/dailynewshungary.com\/de\/wp-json\/wp\/v2\/types\/post"}],"author":[{"embeddable":true,"href":"https:\/\/dailynewshungary.com\/de\/wp-json\/wp\/v2\/users\/62"}],"replies":[{"embeddable":true,"href":"https:\/\/dailynewshungary.com\/de\/wp-json\/wp\/v2\/comments?post=791972"}],"version-history":[{"count":0,"href":"https:\/\/dailynewshungary.com\/de\/wp-json\/wp\/v2\/posts\/791972\/revisions"}],"wp:featuredmedia":[{"embeddable":true,"href":"https:\/\/dailynewshungary.com\/de\/wp-json\/wp\/v2\/media\/791973"}],"wp:attachment":[{"href":"https:\/\/dailynewshungary.com\/de\/wp-json\/wp\/v2\/media?parent=791972"}],"wp:term":[{"taxonomy":"category","embeddable":true,"href":"https:\/\/dailynewshungary.com\/de\/wp-json\/wp\/v2\/categories?post=791972"},{"taxonomy":"post_tag","embeddable":true,"href":"https:\/\/dailynewshungary.com\/de\/wp-json\/wp\/v2\/tags?post=791972"}],"curies":[{"name":"wp","href":"https:\/\/api.w.org\/{rel}","templated":true}]}}